{"id":8379,"date":"2023-04-18T14:51:16","date_gmt":"2023-04-18T17:51:16","guid":{"rendered":"https:\/\/comunicartesanluis.com\/?p=8379"},"modified":"2023-04-18T14:51:16","modified_gmt":"2023-04-18T17:51:16","slug":"la-seleccion-sub-17-de-argentina-busca-la-estrella-que-le-falta-en-el-mundial","status":"publish","type":"post","link":"https:\/\/comunicartesanluis.com\/index.php\/2023\/04\/18\/la-seleccion-sub-17-de-argentina-busca-la-estrella-que-le-falta-en-el-mundial\/","title":{"rendered":"La Selecci\u00f3n Sub 17 de Argentina busca la estrella que le falta en el Mundial"},"content":{"rendered":"<p><span>La expectativa es alta para la Selecci\u00f3n Sub 17 de Argentina, que ha clasificado para el pr\u00f3ximo Mundial de la categor\u00eda con la esperanza de alcanzar la gloria y darle a Argentina la estrella que le falta en su historial. Bajo el liderazgo del director t\u00e9cnico Diego Placente y con destacados jugadores como el \u00abDiablito\u00bb Echeverri en sus filas, el equipo argentino buscar\u00e1 superar su mejor posici\u00f3n hist\u00f3rica, que es el tercer puesto.<\/span><\/p>\n<p><span>Argentina ha tenido un desempe\u00f1o destacado en otras categor\u00edas juveniles, con seis t\u00edtulos mundiales en la categor\u00eda Sub 20, y medallas de oro en los Juegos Ol\u00edmpicos en la competici\u00f3n Sub 23. Sin embargo, en la categor\u00eda Sub 17, Argentina a\u00fan no ha podido saborear la victoria Con 15 participaciones en el Mundial Sub 17, Argentina ha llegado en tres ocasiones al podio, pero siempre se ha quedado con la medalla de bronce.<\/span><\/p>\n<p><span>La \u00faltima vez que Argentina compiti\u00f3 en el Mundial Sub 17 en Brasil 2019, no tuvo un buen desempe\u00f1o y culmin\u00f3 en la novena posici\u00f3n. Sin embargo, con el recuerdo fresco de la reciente victoria de la selecci\u00f3n mayor en la Copa del Mundo en Qatar, y la confirmaci\u00f3n de Argentina como anfitri\u00f3n del pr\u00f3ximo Mundial Sub 20, la esperanza est\u00e1 en alza para la selecci\u00f3n Sub 17.<\/span><\/p>\n<p><span>La competencia en la categor\u00eda Sub 17 es fuerte, y pa\u00edses africanos como Nigeria han dominado hist\u00f3ricamente, con cinco t\u00edtulos mundiales en su haber. Sin embargo, Argentina conf\u00eda en su talento juvenil y en la experiencia de su director t\u00e9cnico para hacer historia y alcanzar la tan anhelada estrella que le falta en la categor\u00eda Sub 17.<\/span><\/p>\n<p><span>Los ojos estar\u00e1n puestos en los j\u00f3venes talentos argentinos en el Mundial Sub 17, que se disputar\u00e1 del 10 de noviembre al 2 de diciembre de este a\u00f1o. \u00bfPodr\u00e1n superar las expectativas y llevar a Argentina a lo m\u00e1s alto del podio? Los aficionados argentinos esperan ansiosamente para ver si la nueva generaci\u00f3n de futbolistas puede escribir su propio cap\u00edtulo en la historia del f\u00fatbol argentino y finalmente conseguir la ansiada victoria en la categor\u00eda Sub 17.<\/span><\/p>\n<p>&nbsp;<\/p>\n","protected":false},"excerpt":{"rendered":"<p>Con la clasificaci\u00f3n asegurada, el equipo dirigido por Diego Placente buscar\u00e1 superar su hist\u00f3rico tercer puesto y hacer historia en la categor\u00eda Sub 17 en el pr\u00f3ximo Mundial, en busca de la ansiada victoria para Argentina<\/p>\n","protected":false},"author":3,"featured_media":8380,"comment_status":"open","ping_status":"open","sticky":false,"template":"","format":"standard","meta":{"_jetpack_memberships_contains_paid_content":false,"footnotes":""},"categories":[15,17],"tags":[712,711,715,714,713],"class_list":["post-8379","post","type-post","status-publish","format-standard","has-post-thumbnail","hentry","category-deporte","category-nacional","tag-argentinaenbuscadelaestrella","tag-futboljuvenilargentino","tag-mundialsub17","tag-sub17argentina","tag-seleccionjuvenil"],"jetpack_featured_media_url":"https:\/\/comunicartesanluis.com\/v1\/wp-content\/uploads\/2023\/04\/JUQW1M2CO_1290x760__1-1.webp","jetpack_sharing_enabled":true,"_links":{"self":[{"href":"https:\/\/comunicartesanluis.com\/index.php\/wp-json\/wp\/v2\/posts\/8379","targetHints":{"allow":["GET"]}}],"collection":[{"href":"https:\/\/comunicartesanluis.com\/index.php\/wp-json\/wp\/v2\/posts"}],"about":[{"href":"https:\/\/comunicartesanluis.com\/index.php\/wp-json\/wp\/v2\/types\/post"}],"author":[{"embeddable":true,"href":"https:\/\/comunicartesanluis.com\/index.php\/wp-json\/wp\/v2\/users\/3"}],"replies":[{"embeddable":true,"href":"https:\/\/comunicartesanluis.com\/index.php\/wp-json\/wp\/v2\/comments?post=8379"}],"version-history":[{"count":1,"href":"https:\/\/comunicartesanluis.com\/index.php\/wp-json\/wp\/v2\/posts\/8379\/revisions"}],"predecessor-version":[{"id":8381,"href":"https:\/\/comunicartesanluis.com\/index.php\/wp-json\/wp\/v2\/posts\/8379\/revisions\/8381"}],"wp:featuredmedia":[{"embeddable":true,"href":"https:\/\/comunicartesanluis.com\/index.php\/wp-json\/wp\/v2\/media\/8380"}],"wp:attachment":[{"href":"https:\/\/comunicartesanluis.com\/index.php\/wp-json\/wp\/v2\/media?parent=8379"}],"wp:term":[{"taxonomy":"category","embeddable":true,"href":"https:\/\/comunicartesanluis.com\/index.php\/wp-json\/wp\/v2\/categories?post=8379"},{"taxonomy":"post_tag","embeddable":true,"href":"https:\/\/comunicartesanluis.com\/index.php\/wp-json\/wp\/v2\/tags?post=8379"}],"curies":[{"name":"wp","href":"https:\/\/api.w.org\/{rel}","templated":true}]}}