{"id":8568,"date":"2023-04-26T09:48:48","date_gmt":"2023-04-26T12:48:48","guid":{"rendered":"https:\/\/comunicartesanluis.com\/?p=8568"},"modified":"2023-04-26T09:49:13","modified_gmt":"2023-04-26T12:49:13","slug":"desde-el-municipio-impulsamos-el-reciclado-en-los-jovenes","status":"publish","type":"post","link":"https:\/\/comunicartesanluis.com\/index.php\/2023\/04\/26\/desde-el-municipio-impulsamos-el-reciclado-en-los-jovenes\/","title":{"rendered":"Desde el municipio impulsamos el reciclado en los j\u00f3venes"},"content":{"rendered":"<p>El centro de reciclado municipal junto al intendente de la villa de Merlo, Juan alvarez Pinto, recibieron ayer a alumnos de 4to a\u00f1o \u201ca y b\u201d del colegio Dr horacio de la mota, tambi\u00e9n estaban presentes el director de ambiente, producci\u00f3n y desarrollo sustentable Anibal Cataneo, la secretar\u00eda de ambiente, producci\u00f3n y desarrollo sustentable, Marita Cuello, la Concejal Patricia Morande y los integrantes de la cooperativa de recuperadores merlinos unidos.<\/p>\n<p><img decoding=\"async\" class=\"alignnone size-medium wp-image-8570\" src=\"https:\/\/comunicartesanluis.com\/v1\/wp-content\/uploads\/2023\/04\/cuatro-300x200.jpg\" alt=\"\" width=\"300\" height=\"200\" srcset=\"https:\/\/comunicartesanluis.com\/v1\/wp-content\/uploads\/2023\/04\/cuatro-200x133.jpg 200w, https:\/\/comunicartesanluis.com\/v1\/wp-content\/uploads\/2023\/04\/cuatro-300x200.jpg 300w, https:\/\/comunicartesanluis.com\/v1\/wp-content\/uploads\/2023\/04\/cuatro-400x267.jpg 400w, https:\/\/comunicartesanluis.com\/v1\/wp-content\/uploads\/2023\/04\/cuatro-600x400.jpg 600w, https:\/\/comunicartesanluis.com\/v1\/wp-content\/uploads\/2023\/04\/cuatro-768x512.jpg 768w, https:\/\/comunicartesanluis.com\/v1\/wp-content\/uploads\/2023\/04\/cuatro-800x533.jpg 800w, https:\/\/comunicartesanluis.com\/v1\/wp-content\/uploads\/2023\/04\/cuatro-1024x682.jpg 1024w, https:\/\/comunicartesanluis.com\/v1\/wp-content\/uploads\/2023\/04\/cuatro-1200x800.jpg 1200w, https:\/\/comunicartesanluis.com\/v1\/wp-content\/uploads\/2023\/04\/cuatro.jpg 1280w\" sizes=\"(max-width: 300px) 100vw, 300px\" \/><br \/>\nSe les hizo una visita guiada del centro explic\u00e1ndoles que es la econom\u00eda circular y los beneficios de esta en nuestra ciudad, que materiales son reciclables y el impacto beneficioso para el medio ambiente.<\/p>\n<p><img decoding=\"async\" class=\"alignnone size-medium wp-image-8572\" src=\"https:\/\/comunicartesanluis.com\/v1\/wp-content\/uploads\/2023\/04\/dos-300x200.jpg\" alt=\"\" width=\"300\" height=\"200\" srcset=\"https:\/\/comunicartesanluis.com\/v1\/wp-content\/uploads\/2023\/04\/dos-200x133.jpg 200w, https:\/\/comunicartesanluis.com\/v1\/wp-content\/uploads\/2023\/04\/dos-300x200.jpg 300w, https:\/\/comunicartesanluis.com\/v1\/wp-content\/uploads\/2023\/04\/dos-400x267.jpg 400w, https:\/\/comunicartesanluis.com\/v1\/wp-content\/uploads\/2023\/04\/dos-600x400.jpg 600w, https:\/\/comunicartesanluis.com\/v1\/wp-content\/uploads\/2023\/04\/dos-768x512.jpg 768w, https:\/\/comunicartesanluis.com\/v1\/wp-content\/uploads\/2023\/04\/dos-800x533.jpg 800w, https:\/\/comunicartesanluis.com\/v1\/wp-content\/uploads\/2023\/04\/dos-1024x682.jpg 1024w, https:\/\/comunicartesanluis.com\/v1\/wp-content\/uploads\/2023\/04\/dos-1200x800.jpg 1200w, https:\/\/comunicartesanluis.com\/v1\/wp-content\/uploads\/2023\/04\/dos.jpg 1280w\" sizes=\"(max-width: 300px) 100vw, 300px\" \/><br \/>\nEl objetivo de este encuentro fue el de mostrar la importancia que tiene este centro de reciclado municipal para nuestra ciudad, ya que potencia la econom\u00eda, genera puestos de trabajo y beneficia el medio ambiente.<\/p>\n<p><img decoding=\"async\" class=\"alignnone size-medium wp-image-8573\" src=\"https:\/\/comunicartesanluis.com\/v1\/wp-content\/uploads\/2023\/04\/uno-300x200.jpg\" alt=\"\" width=\"300\" height=\"200\" srcset=\"https:\/\/comunicartesanluis.com\/v1\/wp-content\/uploads\/2023\/04\/uno-200x133.jpg 200w, https:\/\/comunicartesanluis.com\/v1\/wp-content\/uploads\/2023\/04\/uno-300x200.jpg 300w, https:\/\/comunicartesanluis.com\/v1\/wp-content\/uploads\/2023\/04\/uno-400x267.jpg 400w, https:\/\/comunicartesanluis.com\/v1\/wp-content\/uploads\/2023\/04\/uno-600x400.jpg 600w, https:\/\/comunicartesanluis.com\/v1\/wp-content\/uploads\/2023\/04\/uno-768x512.jpg 768w, https:\/\/comunicartesanluis.com\/v1\/wp-content\/uploads\/2023\/04\/uno-800x533.jpg 800w, https:\/\/comunicartesanluis.com\/v1\/wp-content\/uploads\/2023\/04\/uno-1024x682.jpg 1024w, https:\/\/comunicartesanluis.com\/v1\/wp-content\/uploads\/2023\/04\/uno-1200x800.jpg 1200w, https:\/\/comunicartesanluis.com\/v1\/wp-content\/uploads\/2023\/04\/uno.jpg 1280w\" sizes=\"(max-width: 300px) 100vw, 300px\" \/><\/p>\n<p><img decoding=\"async\" class=\"alignnone size-medium wp-image-8574\" src=\"https:\/\/comunicartesanluis.com\/v1\/wp-content\/uploads\/2023\/04\/cinco-300x200.jpg\" alt=\"\" width=\"300\" height=\"200\" srcset=\"https:\/\/comunicartesanluis.com\/v1\/wp-content\/uploads\/2023\/04\/cinco-200x133.jpg 200w, https:\/\/comunicartesanluis.com\/v1\/wp-content\/uploads\/2023\/04\/cinco-300x200.jpg 300w, https:\/\/comunicartesanluis.com\/v1\/wp-content\/uploads\/2023\/04\/cinco-400x267.jpg 400w, https:\/\/comunicartesanluis.com\/v1\/wp-content\/uploads\/2023\/04\/cinco-600x400.jpg 600w, https:\/\/comunicartesanluis.com\/v1\/wp-content\/uploads\/2023\/04\/cinco-768x512.jpg 768w, https:\/\/comunicartesanluis.com\/v1\/wp-content\/uploads\/2023\/04\/cinco-800x533.jpg 800w, https:\/\/comunicartesanluis.com\/v1\/wp-content\/uploads\/2023\/04\/cinco-1024x682.jpg 1024w, https:\/\/comunicartesanluis.com\/v1\/wp-content\/uploads\/2023\/04\/cinco-1200x800.jpg 1200w, https:\/\/comunicartesanluis.com\/v1\/wp-content\/uploads\/2023\/04\/cinco.jpg 1280w\" sizes=\"(max-width: 300px) 100vw, 300px\" \/><\/p>\n","protected":false},"excerpt":{"rendered":"<p>En el d\u00eda de la fecha alumnos de 4to a\u00f1o del colegio Dr. Horacio de la mota visitaron el centro de reciclado municipal donde los recibi\u00f3 nuestro intendente, Juan \u00c1lvarez Pinto junto a integrantes de la cooperativa de recuperadores merlinos unidos.<\/p>\n","protected":false},"author":5,"featured_media":8569,"comment_status":"open","ping_status":"open","sticky":false,"template":"","format":"standard","meta":{"_jetpack_memberships_contains_paid_content":false,"footnotes":""},"categories":[10],"tags":[],"class_list":["post-8568","post","type-post","status-publish","format-standard","has-post-thumbnail","hentry","category-sociedad"],"jetpack_featured_media_url":"https:\/\/comunicartesanluis.com\/v1\/wp-content\/uploads\/2023\/04\/tres.jpg","jetpack_sharing_enabled":true,"_links":{"self":[{"href":"https:\/\/comunicartesanluis.com\/index.php\/wp-json\/wp\/v2\/posts\/8568","targetHints":{"allow":["GET"]}}],"collection":[{"href":"https:\/\/comunicartesanluis.com\/index.php\/wp-json\/wp\/v2\/posts"}],"about":[{"href":"https:\/\/comunicartesanluis.com\/index.php\/wp-json\/wp\/v2\/types\/post"}],"author":[{"embeddable":true,"href":"https:\/\/comunicartesanluis.com\/index.php\/wp-json\/wp\/v2\/users\/5"}],"replies":[{"embeddable":true,"href":"https:\/\/comunicartesanluis.com\/index.php\/wp-json\/wp\/v2\/comments?post=8568"}],"version-history":[{"count":1,"href":"https:\/\/comunicartesanluis.com\/index.php\/wp-json\/wp\/v2\/posts\/8568\/revisions"}],"predecessor-version":[{"id":8575,"href":"https:\/\/comunicartesanluis.com\/index.php\/wp-json\/wp\/v2\/posts\/8568\/revisions\/8575"}],"wp:featuredmedia":[{"embeddable":true,"href":"https:\/\/comunicartesanluis.com\/index.php\/wp-json\/wp\/v2\/media\/8569"}],"wp:attachment":[{"href":"https:\/\/comunicartesanluis.com\/index.php\/wp-json\/wp\/v2\/media?parent=8568"}],"wp:term":[{"taxonomy":"category","embeddable":true,"href":"https:\/\/comunicartesanluis.com\/index.php\/wp-json\/wp\/v2\/categories?post=8568"},{"taxonomy":"post_tag","embeddable":true,"href":"https:\/\/comunicartesanluis.com\/index.php\/wp-json\/wp\/v2\/tags?post=8568"}],"curies":[{"name":"wp","href":"https:\/\/api.w.org\/{rel}","templated":true}]}}