{"id":8581,"date":"2023-04-26T11:38:46","date_gmt":"2023-04-26T14:38:46","guid":{"rendered":"https:\/\/comunicartesanluis.com\/?p=8581"},"modified":"2023-04-26T11:38:46","modified_gmt":"2023-04-26T14:38:46","slug":"boca-y-la-enfermeria","status":"publish","type":"post","link":"https:\/\/comunicartesanluis.com\/index.php\/2023\/04\/26\/boca-y-la-enfermeria\/","title":{"rendered":"Boca y la enfermer\u00eda"},"content":{"rendered":"<p>Marcos Rojo, Bruno Valdez, Dar\u00edo Benedetto, Frank Fabra, Luca Langoni, Juan Ram\u00edrez y Exequiel Zeballos son los jugadores que no estar\u00e1n disponibles para los partidos.<\/p>\n<p>El delantero Langoni es el que est\u00e1 m\u00e1s cerca de regresar a los campos, seguido por el lateral Fabra. Benedetto, por otro lado, es duda para el Supercl\u00e1sico ya que sufri\u00f3 una lesi\u00f3n muscular grado dos en el isquiotibial derecho y solo est\u00e1 trotando, mientras que Rojo no estar\u00e1 disponible para el partido contra River.<\/p>\n<p>En resumen, Almir\u00f3n cuenta con siete jugadores lesionados, pero algunos de ellos podr\u00edan regresar para el Supercl\u00e1sico contra River Plate, mientras que otros se encuentran en duda.<\/p>\n","protected":false},"excerpt":{"rendered":"<p>El entrenador de Boca, Jorge Almir\u00f3n, tiene que lidiar con la lista de siete jugadores lesionados, lo que dificulta su semana con enfrentamientos contra Racing, Colo Colo y River Plate<\/p>\n","protected":false},"author":3,"featured_media":8582,"comment_status":"open","ping_status":"open","sticky":false,"template":"","format":"standard","meta":{"_jetpack_memberships_contains_paid_content":false,"footnotes":""},"categories":[8,15,17],"tags":[],"class_list":["post-8581","post","type-post","status-publish","format-standard","has-post-thumbnail","hentry","category-actualidad","category-deporte","category-nacional"],"jetpack_featured_media_url":"https:\/\/comunicartesanluis.com\/v1\/wp-content\/uploads\/2023\/04\/encuesta-capitan_416x234.webp","jetpack_sharing_enabled":true,"_links":{"self":[{"href":"https:\/\/comunicartesanluis.com\/index.php\/wp-json\/wp\/v2\/posts\/8581","targetHints":{"allow":["GET"]}}],"collection":[{"href":"https:\/\/comunicartesanluis.com\/index.php\/wp-json\/wp\/v2\/posts"}],"about":[{"href":"https:\/\/comunicartesanluis.com\/index.php\/wp-json\/wp\/v2\/types\/post"}],"author":[{"embeddable":true,"href":"https:\/\/comunicartesanluis.com\/index.php\/wp-json\/wp\/v2\/users\/3"}],"replies":[{"embeddable":true,"href":"https:\/\/comunicartesanluis.com\/index.php\/wp-json\/wp\/v2\/comments?post=8581"}],"version-history":[{"count":1,"href":"https:\/\/comunicartesanluis.com\/index.php\/wp-json\/wp\/v2\/posts\/8581\/revisions"}],"predecessor-version":[{"id":8583,"href":"https:\/\/comunicartesanluis.com\/index.php\/wp-json\/wp\/v2\/posts\/8581\/revisions\/8583"}],"wp:featuredmedia":[{"embeddable":true,"href":"https:\/\/comunicartesanluis.com\/index.php\/wp-json\/wp\/v2\/media\/8582"}],"wp:attachment":[{"href":"https:\/\/comunicartesanluis.com\/index.php\/wp-json\/wp\/v2\/media?parent=8581"}],"wp:term":[{"taxonomy":"category","embeddable":true,"href":"https:\/\/comunicartesanluis.com\/index.php\/wp-json\/wp\/v2\/categories?post=8581"},{"taxonomy":"post_tag","embeddable":true,"href":"https:\/\/comunicartesanluis.com\/index.php\/wp-json\/wp\/v2\/tags?post=8581"}],"curies":[{"name":"wp","href":"https:\/\/api.w.org\/{rel}","templated":true}]}}