{"id":8614,"date":"2023-04-27T07:11:30","date_gmt":"2023-04-27T10:11:30","guid":{"rendered":"https:\/\/comunicartesanluis.com\/?p=8614"},"modified":"2023-04-27T07:25:59","modified_gmt":"2023-04-27T10:25:59","slug":"reunion-clave-del-consejo-municipal-de-seguridad-en-villa-de-merlo","status":"publish","type":"post","link":"https:\/\/comunicartesanluis.com\/index.php\/2023\/04\/27\/reunion-clave-del-consejo-municipal-de-seguridad-en-villa-de-merlo\/","title":{"rendered":"Reuni\u00f3n clave del Consejo Municipal de Seguridad en Villa de Merlo"},"content":{"rendered":"<p>en la ma\u00f1ana del mi\u00e9rcoles y tal como lo establece la Ordenanza N\u00b0 X-0980-C.D.-2021, se desarroll\u00f3 una reuni\u00f3n del Consejo Municipal de Seguridad en el Colegio de Ingenieros con el objetivo puesto en seguir trabajando y planificando acciones en relaci\u00f3n a la inseguridad y al narcotr\u00e1fico en nuestra localidad.Estuvieron presentes junto al intendente de la Villa de Merlo, Juan Alvarez Pinto, el Jefe Delegaci\u00f3n Polic\u00eda Federal Villa Mercedes, Subcomisario Gast\u00f3n Gervasoni; Sub Inspector de la PFA, Gast\u00f3n Mundani, Jefe de la Polic\u00eda, Hern\u00e1n Soloa, Jefe de la comisar\u00eda. n\u00b026, Alejandra Escobar; Comisario Inspector &#8211; comisar\u00eda n\u00b0 23, Jos\u00e9 Herrera; Comisario General, Barroso Ariel, Fiscal de Instrucci\u00f3n, D\u00e9bora Antonella Roy Guitto; Fiscal Adjunta Interina, Silvina Arg\u00fcello; Fiscal Adjunta Interina, Lorena Ohanian pertenecientes a la 3\u00b0 Circunscripci\u00f3n del Poder Judicial, funcionarios municipales y provinciales, representantes del Concejo Deliberante, personal de Tr\u00e1nsito, Juzgado de Faltas, integrantes del COMUSE, comerciantes y vecinos.La presencia de funcionarios de la Justicia fue un requerimiento de los vecinos en la \u00faltima reuni\u00f3n, por lo que el Ejecutivo municipal consider\u00f3 sumamente importante su participaci\u00f3n.<br \/>\nDesde el Municipio vuelve a ponerse en manifiesto el compromiso asumido en la lucha contra los hechos delictivos que han ocurrido en los \u00faltimos meses, dejando en claro que el trabajo conjunto con las fuerzas de seguridad y el poder judicial es el \u00fanico camino posible para erradicar los robos y el narcotr\u00e1fico definitivamente.<\/p>\n<p>&nbsp;<\/p>\n<div style=\"width: 640px;\" class=\"wp-video\"><video class=\"wp-video-shortcode\" id=\"video-8614-1\" width=\"640\" height=\"352\" preload=\"metadata\" controls=\"controls\"><source type=\"video\/mp4\" src=\"https:\/\/comunicartesanluis.com\/v1\/wp-content\/uploads\/2023\/04\/WhatsApp-Video-2023-04-26-at-6.30.18-PM.mp4?_=1\" \/><a href=\"https:\/\/comunicartesanluis.com\/v1\/wp-content\/uploads\/2023\/04\/WhatsApp-Video-2023-04-26-at-6.30.18-PM.mp4\">https:\/\/comunicartesanluis.com\/v1\/wp-content\/uploads\/2023\/04\/WhatsApp-Video-2023-04-26-at-6.30.18-PM.mp4<\/a><\/video><\/div>\n","protected":false},"excerpt":{"rendered":"<p>El intendente, Juan Alvarez Pinto, se reuni\u00f3 en la ma\u00f1ana de ayer, en el Colegio de Ingenieros junto a altos mandos de la Polic\u00eda Federal, funcionarios municipales, funcionarios provinciales, representantes del Poder Judicial, Concejales, comerciantes y vecinos, para tratar el plan<br \/>\nestrat\u00e9gico orientado a combatir la inseguridad y el narcotr\u00e1fico en nuestra ciudad.<\/p>\n","protected":false},"author":5,"featured_media":8615,"comment_status":"open","ping_status":"open","sticky":false,"template":"","format":"standard","meta":{"_jetpack_memberships_contains_paid_content":false,"footnotes":""},"categories":[10],"tags":[],"class_list":["post-8614","post","type-post","status-publish","format-standard","has-post-thumbnail","hentry","category-sociedad"],"jetpack_featured_media_url":"https:\/\/comunicartesanluis.com\/v1\/wp-content\/uploads\/2023\/04\/uno-1.jpg","jetpack_sharing_enabled":true,"_links":{"self":[{"href":"https:\/\/comunicartesanluis.com\/index.php\/wp-json\/wp\/v2\/posts\/8614","targetHints":{"allow":["GET"]}}],"collection":[{"href":"https:\/\/comunicartesanluis.com\/index.php\/wp-json\/wp\/v2\/posts"}],"about":[{"href":"https:\/\/comunicartesanluis.com\/index.php\/wp-json\/wp\/v2\/types\/post"}],"author":[{"embeddable":true,"href":"https:\/\/comunicartesanluis.com\/index.php\/wp-json\/wp\/v2\/users\/5"}],"replies":[{"embeddable":true,"href":"https:\/\/comunicartesanluis.com\/index.php\/wp-json\/wp\/v2\/comments?post=8614"}],"version-history":[{"count":1,"href":"https:\/\/comunicartesanluis.com\/index.php\/wp-json\/wp\/v2\/posts\/8614\/revisions"}],"predecessor-version":[{"id":8617,"href":"https:\/\/comunicartesanluis.com\/index.php\/wp-json\/wp\/v2\/posts\/8614\/revisions\/8617"}],"wp:featuredmedia":[{"embeddable":true,"href":"https:\/\/comunicartesanluis.com\/index.php\/wp-json\/wp\/v2\/media\/8615"}],"wp:attachment":[{"href":"https:\/\/comunicartesanluis.com\/index.php\/wp-json\/wp\/v2\/media?parent=8614"}],"wp:term":[{"taxonomy":"category","embeddable":true,"href":"https:\/\/comunicartesanluis.com\/index.php\/wp-json\/wp\/v2\/categories?post=8614"},{"taxonomy":"post_tag","embeddable":true,"href":"https:\/\/comunicartesanluis.com\/index.php\/wp-json\/wp\/v2\/tags?post=8614"}],"curies":[{"name":"wp","href":"https:\/\/api.w.org\/{rel}","templated":true}]}}