{"id":8618,"date":"2023-04-27T09:52:45","date_gmt":"2023-04-27T12:52:45","guid":{"rendered":"https:\/\/comunicartesanluis.com\/?p=8618"},"modified":"2023-04-27T10:00:13","modified_gmt":"2023-04-27T13:00:13","slug":"san-luis-se-perfila-para-organizar-los-juegos-suramericanos-de-la-juventud-2025","status":"publish","type":"post","link":"https:\/\/comunicartesanluis.com\/index.php\/2023\/04\/27\/san-luis-se-perfila-para-organizar-los-juegos-suramericanos-de-la-juventud-2025\/","title":{"rendered":"San Luis se perfila para organizar los Juegos Suramericanos de la Juventud 2025"},"content":{"rendered":"<p><img decoding=\"async\" class=\"alignnone size-medium wp-image-8620\" src=\"https:\/\/comunicartesanluis.com\/v1\/wp-content\/uploads\/2023\/04\/sanluis2-300x200.jpg\" alt=\"\" width=\"300\" height=\"200\" srcset=\"https:\/\/comunicartesanluis.com\/v1\/wp-content\/uploads\/2023\/04\/sanluis2-200x133.jpg 200w, https:\/\/comunicartesanluis.com\/v1\/wp-content\/uploads\/2023\/04\/sanluis2-300x200.jpg 300w, https:\/\/comunicartesanluis.com\/v1\/wp-content\/uploads\/2023\/04\/sanluis2-400x267.jpg 400w, https:\/\/comunicartesanluis.com\/v1\/wp-content\/uploads\/2023\/04\/sanluis2-600x400.jpg 600w, https:\/\/comunicartesanluis.com\/v1\/wp-content\/uploads\/2023\/04\/sanluis2-768x512.jpg 768w, https:\/\/comunicartesanluis.com\/v1\/wp-content\/uploads\/2023\/04\/sanluis2-800x533.jpg 800w, https:\/\/comunicartesanluis.com\/v1\/wp-content\/uploads\/2023\/04\/sanluis2-1024x683.jpg 1024w, https:\/\/comunicartesanluis.com\/v1\/wp-content\/uploads\/2023\/04\/sanluis2-1200x800.jpg 1200w, https:\/\/comunicartesanluis.com\/v1\/wp-content\/uploads\/2023\/04\/sanluis2.jpg 1536w\" sizes=\"(max-width: 300px) 100vw, 300px\" \/><\/p>\n<p>&nbsp;<\/p>\n<p>Durante martes y mi\u00e9rcoles, la ODESUR recorri\u00f3 los predios deportivos y la hoteler\u00eda propuesta por la Provincia para ser sede de los Juegos que reunir\u00e1n a 2.500 atletas de 15 pa\u00edses.<\/p>\n<p>En conferencia de prensa, las autoridades de la ODESUR elogiaron a San Luis: \u00abEncontramos una provincia ordenada y muy superior a otras que conocimos\u00bb, dijo el presidente de la Comisi\u00f3n de Evaluaci\u00f3n, Jos\u00e9 Luis Echeverry.<\/p>\n<p>Ahora, la ODESUR elevar\u00e1 un informe a su Comit\u00e9 Ejecutivo y el 8 de mayo se oficializar\u00e1 la decisi\u00f3n sobre qui\u00e9n organizar\u00e1 los Juegos.<\/p>\n<p>Tambi\u00e9n particip\u00f3 de la conferencia de prensa el intendente de Potrero de los Funes, Dami\u00e1n Gomez, quien no ocult\u00f3 la expectativa que tiene como jefe comunal por albergar este evento, ya que \u201char\u00e1 crecer a nuestra ciudad, no s\u00f3lo en lo tur\u00edstico, sino como un nuevo polo deportivo\u201d.<\/p>\n<p>Las autoridades de la ODESUR explicaron que elevar\u00e1n el informe correspondiente al Comit\u00e9 Ejecutivo, quien decidir\u00e1 si otorga la sede a San Luis. Esta decisi\u00f3n se conocer\u00e1 el lunes 8 de mayo.<\/p>\n<p>Info: Secretaria Deportes San Luis<\/p>\n","protected":false},"excerpt":{"rendered":"<p>Lo dijo el presidente de la Comisi\u00f3n de Evaluaci\u00f3n, Jos\u00e9 Luis Echeverry, en conferencia de prensa. Las autoridades relevaron los predios deportivos y la hoteler\u00eda propuesta por la Provincia para organizar los Juegos Suramericanos de la Juventud 2025, en el que competir\u00e1n 2500 atletas de 15 pa\u00edses.<\/p>\n","protected":false},"author":5,"featured_media":8619,"comment_status":"open","ping_status":"open","sticky":false,"template":"","format":"standard","meta":{"_jetpack_memberships_contains_paid_content":false,"footnotes":""},"categories":[15,16],"tags":[],"class_list":["post-8618","post","type-post","status-publish","format-standard","has-post-thumbnail","hentry","category-deporte","category-local"],"jetpack_featured_media_url":"https:\/\/comunicartesanluis.com\/v1\/wp-content\/uploads\/2023\/04\/sanluis.jpeg","jetpack_sharing_enabled":true,"_links":{"self":[{"href":"https:\/\/comunicartesanluis.com\/index.php\/wp-json\/wp\/v2\/posts\/8618","targetHints":{"allow":["GET"]}}],"collection":[{"href":"https:\/\/comunicartesanluis.com\/index.php\/wp-json\/wp\/v2\/posts"}],"about":[{"href":"https:\/\/comunicartesanluis.com\/index.php\/wp-json\/wp\/v2\/types\/post"}],"author":[{"embeddable":true,"href":"https:\/\/comunicartesanluis.com\/index.php\/wp-json\/wp\/v2\/users\/5"}],"replies":[{"embeddable":true,"href":"https:\/\/comunicartesanluis.com\/index.php\/wp-json\/wp\/v2\/comments?post=8618"}],"version-history":[{"count":1,"href":"https:\/\/comunicartesanluis.com\/index.php\/wp-json\/wp\/v2\/posts\/8618\/revisions"}],"predecessor-version":[{"id":8621,"href":"https:\/\/comunicartesanluis.com\/index.php\/wp-json\/wp\/v2\/posts\/8618\/revisions\/8621"}],"wp:featuredmedia":[{"embeddable":true,"href":"https:\/\/comunicartesanluis.com\/index.php\/wp-json\/wp\/v2\/media\/8619"}],"wp:attachment":[{"href":"https:\/\/comunicartesanluis.com\/index.php\/wp-json\/wp\/v2\/media?parent=8618"}],"wp:term":[{"taxonomy":"category","embeddable":true,"href":"https:\/\/comunicartesanluis.com\/index.php\/wp-json\/wp\/v2\/categories?post=8618"},{"taxonomy":"post_tag","embeddable":true,"href":"https:\/\/comunicartesanluis.com\/index.php\/wp-json\/wp\/v2\/tags?post=8618"}],"curies":[{"name":"wp","href":"https:\/\/api.w.org\/{rel}","templated":true}]}}