{"id":8640,"date":"2023-04-27T15:48:17","date_gmt":"2023-04-27T18:48:17","guid":{"rendered":"https:\/\/comunicartesanluis.com\/?p=8640"},"modified":"2023-04-27T15:48:17","modified_gmt":"2023-04-27T18:48:17","slug":"nadadores-de-merlo-y-concaran-participaran-de-la-copa-sierras","status":"publish","type":"post","link":"https:\/\/comunicartesanluis.com\/index.php\/2023\/04\/27\/nadadores-de-merlo-y-concaran-participaran-de-la-copa-sierras\/","title":{"rendered":"Nadadores de Merlo y Concar\u00e1n participaran de la Copa Sierras"},"content":{"rendered":"<p>La Copa que re\u00fane nadadores de varias provincias, como C\u00f3rdoba, Mendoza, San Juan, La Pampa y San Luis. Todos los competidores se reunir\u00e1n en la pileta climatizada del Sierras para competir en pruebas de entre 50 y 400 metros. El objetivo, clasificar para los binacionales y juegos evita.<\/p>\n<div id=\"attachment_8642\" style=\"width: 597px\" class=\"wp-caption aligncenter\"><img decoding=\"async\" aria-describedby=\"caption-attachment-8642\" class=\"wp-image-8642\" src=\"https:\/\/comunicartesanluis.com\/v1\/wp-content\/uploads\/2023\/04\/WhatsApp-Image-2023-04-26-at-15.05.13-1-768x1024.jpeg\" alt=\"\" width=\"587\" height=\"782\" srcset=\"https:\/\/comunicartesanluis.com\/v1\/wp-content\/uploads\/2023\/04\/WhatsApp-Image-2023-04-26-at-15.05.13-1-200x267.jpeg 200w, https:\/\/comunicartesanluis.com\/v1\/wp-content\/uploads\/2023\/04\/WhatsApp-Image-2023-04-26-at-15.05.13-1-225x300.jpeg 225w, https:\/\/comunicartesanluis.com\/v1\/wp-content\/uploads\/2023\/04\/WhatsApp-Image-2023-04-26-at-15.05.13-1-400x533.jpeg 400w, https:\/\/comunicartesanluis.com\/v1\/wp-content\/uploads\/2023\/04\/WhatsApp-Image-2023-04-26-at-15.05.13-1-600x800.jpeg 600w, https:\/\/comunicartesanluis.com\/v1\/wp-content\/uploads\/2023\/04\/WhatsApp-Image-2023-04-26-at-15.05.13-1-768x1024.jpeg 768w, https:\/\/comunicartesanluis.com\/v1\/wp-content\/uploads\/2023\/04\/WhatsApp-Image-2023-04-26-at-15.05.13-1-800x1067.jpeg 800w, https:\/\/comunicartesanluis.com\/v1\/wp-content\/uploads\/2023\/04\/WhatsApp-Image-2023-04-26-at-15.05.13-1.jpeg 960w\" sizes=\"(max-width: 587px) 100vw, 587px\" \/><p id=\"caption-attachment-8642\" class=\"wp-caption-text\"><strong>De izquierda a derecha: Hanno Galli Theo, Salanitro Valentino y Espeche Lucas<\/strong><\/p><\/div>\n<p>Adem\u00e1s, hay un grupo de j\u00f3venes nadadores de Concar\u00e1n que tambi\u00e9n participar\u00e1n en la competencia, entre ellos se encuentran los nadadores Rosales Tatiana, Vilchez Benjam\u00edn, Oliva Ignacio, Gil Alejo y Baracco Clara, quienes estar\u00e1n debutando en competencias oficiales .<\/p>\n<div id=\"attachment_8644\" style=\"width: 636px\" class=\"wp-caption aligncenter\"><img decoding=\"async\" aria-describedby=\"caption-attachment-8644\" class=\"wp-image-8644\" src=\"https:\/\/comunicartesanluis.com\/v1\/wp-content\/uploads\/2023\/04\/WhatsApp-Image-2023-04-27-at-11.23.25-768x1024.jpeg\" alt=\"\" width=\"626\" height=\"834\" srcset=\"https:\/\/comunicartesanluis.com\/v1\/wp-content\/uploads\/2023\/04\/WhatsApp-Image-2023-04-27-at-11.23.25-200x267.jpeg 200w, https:\/\/comunicartesanluis.com\/v1\/wp-content\/uploads\/2023\/04\/WhatsApp-Image-2023-04-27-at-11.23.25-225x300.jpeg 225w, https:\/\/comunicartesanluis.com\/v1\/wp-content\/uploads\/2023\/04\/WhatsApp-Image-2023-04-27-at-11.23.25-400x533.jpeg 400w, https:\/\/comunicartesanluis.com\/v1\/wp-content\/uploads\/2023\/04\/WhatsApp-Image-2023-04-27-at-11.23.25-600x800.jpeg 600w, https:\/\/comunicartesanluis.com\/v1\/wp-content\/uploads\/2023\/04\/WhatsApp-Image-2023-04-27-at-11.23.25-768x1024.jpeg 768w, https:\/\/comunicartesanluis.com\/v1\/wp-content\/uploads\/2023\/04\/WhatsApp-Image-2023-04-27-at-11.23.25-800x1067.jpeg 800w, https:\/\/comunicartesanluis.com\/v1\/wp-content\/uploads\/2023\/04\/WhatsApp-Image-2023-04-27-at-11.23.25-1152x1536.jpeg 1152w, https:\/\/comunicartesanluis.com\/v1\/wp-content\/uploads\/2023\/04\/WhatsApp-Image-2023-04-27-at-11.23.25.jpeg 1200w\" sizes=\"(max-width: 626px) 100vw, 626px\" \/><p id=\"caption-attachment-8644\" class=\"wp-caption-text\"><strong>De izquierda a derecha: Ent. Coronel Alejandro, Baracco Clara, Gil Alejo, Oliva Ignacio, Vilchez Benjam\u00edn y Rosales Tatiana.<\/strong><\/p><\/div>\n<p>Estos nadadores han estado entrenando desde diciembre de 2022 en la pileta de la Escuela N\u00b026 Gob. El\u00edas Adre de la localidad de Concar\u00e1n, mas un grupo de merlinos, entre ellos Salanitro Valentino, Rosiello Lorenzo, Hanno Galli Theo, Cancela Franco y Espeche Lucas participaran buscando superar sus tiempos. Todos son entrenados por Alejandro Coronel, referente a nivel Nacional en la nataci\u00f3n en Concar\u00e1n y complementan su entrenamiento con la pileta de aquavital.<\/p>\n<div style=\"width: 480px;\" class=\"wp-video\"><video class=\"wp-video-shortcode\" id=\"video-8640-1\" width=\"480\" height=\"848\" preload=\"metadata\" controls=\"controls\"><source type=\"video\/mp4\" src=\"https:\/\/comunicartesanluis.com\/v1\/wp-content\/uploads\/2023\/04\/WhatsApp-Video-2023-04-26-at-15.09.23.mp4?_=1\" \/><a href=\"https:\/\/comunicartesanluis.com\/v1\/wp-content\/uploads\/2023\/04\/WhatsApp-Video-2023-04-26-at-15.09.23.mp4\">https:\/\/comunicartesanluis.com\/v1\/wp-content\/uploads\/2023\/04\/WhatsApp-Video-2023-04-26-at-15.09.23.mp4<\/a><\/video><\/div>\n<p>Hablamos con Alejandro Coronel y nos cont\u00f3 las expectativas para esta copa:<\/p>\n<p style=\"text-align: center;\"><strong><em>\u00abEstamos muy ansiosos por ver los resultados del torneo, y no hablo de medallas ni de tiempos, sino de ver c\u00f3mo resuelve cada uno la instancia competitiva ya que es un grupo muy nuevo y en constante crecimiento\u00bb<\/em><\/strong><\/p>\n<p>Cuando hablamos de los debutantes, Alejandro hizo una buena reflexi\u00f3n de la vivencia que van a tener:<\/p>\n<p style=\"text-align: center;\"><strong><em>\u00abSi bien ir\u00e1n nadadores federados adem\u00e1s de los debutantes, no dejan de estar registrando sus primeros pasos. As\u00ed que ser\u00e1 seguramente un torneo para el recuerdo de todos ya que marca el inicio de una nueva uni\u00f3n grupal y las bases de algo que de seguro traer\u00e1 medallas con el tiempo\u00bb<\/em><\/strong>.<\/p>\n<div id=\"attachment_8647\" style=\"width: 371px\" class=\"wp-caption aligncenter\"><img decoding=\"async\" aria-describedby=\"caption-attachment-8647\" class=\"wp-image-8647 \" src=\"https:\/\/comunicartesanluis.com\/v1\/wp-content\/uploads\/2023\/04\/WhatsApp-Image-2023-04-27-at-14.34.55-1-576x1024.jpeg\" alt=\"\" width=\"361\" height=\"642\" srcset=\"https:\/\/comunicartesanluis.com\/v1\/wp-content\/uploads\/2023\/04\/WhatsApp-Image-2023-04-27-at-14.34.55-1-169x300.jpeg 169w, https:\/\/comunicartesanluis.com\/v1\/wp-content\/uploads\/2023\/04\/WhatsApp-Image-2023-04-27-at-14.34.55-1-200x356.jpeg 200w, https:\/\/comunicartesanluis.com\/v1\/wp-content\/uploads\/2023\/04\/WhatsApp-Image-2023-04-27-at-14.34.55-1-400x711.jpeg 400w, https:\/\/comunicartesanluis.com\/v1\/wp-content\/uploads\/2023\/04\/WhatsApp-Image-2023-04-27-at-14.34.55-1-576x1024.jpeg 576w, https:\/\/comunicartesanluis.com\/v1\/wp-content\/uploads\/2023\/04\/WhatsApp-Image-2023-04-27-at-14.34.55-1-600x1067.jpeg 600w, https:\/\/comunicartesanluis.com\/v1\/wp-content\/uploads\/2023\/04\/WhatsApp-Image-2023-04-27-at-14.34.55-1.jpeg 720w\" sizes=\"(max-width: 361px) 100vw, 361px\" \/><p id=\"caption-attachment-8647\" class=\"wp-caption-text\"><strong>Rosiello Lorenzo<\/strong><\/p><\/div>\n","protected":false},"excerpt":{"rendered":"<p>Los mejores representantes de la nataci\u00f3n merlina, participaran este fin de semana en Juana Koslay en la Copa Sierras.<\/p>\n","protected":false},"author":3,"featured_media":8648,"comment_status":"open","ping_status":"open","sticky":false,"template":"","format":"standard","meta":{"_jetpack_memberships_contains_paid_content":false,"footnotes":""},"categories":[15,16],"tags":[],"class_list":["post-8640","post","type-post","status-publish","format-standard","has-post-thumbnail","hentry","category-deporte","category-local"],"jetpack_featured_media_url":"https:\/\/comunicartesanluis.com\/v1\/wp-content\/uploads\/2023\/04\/WhatsApp-Image-2023-04-26-at-15.05.14-1.jpeg","jetpack_sharing_enabled":true,"_links":{"self":[{"href":"https:\/\/comunicartesanluis.com\/index.php\/wp-json\/wp\/v2\/posts\/8640","targetHints":{"allow":["GET"]}}],"collection":[{"href":"https:\/\/comunicartesanluis.com\/index.php\/wp-json\/wp\/v2\/posts"}],"about":[{"href":"https:\/\/comunicartesanluis.com\/index.php\/wp-json\/wp\/v2\/types\/post"}],"author":[{"embeddable":true,"href":"https:\/\/comunicartesanluis.com\/index.php\/wp-json\/wp\/v2\/users\/3"}],"replies":[{"embeddable":true,"href":"https:\/\/comunicartesanluis.com\/index.php\/wp-json\/wp\/v2\/comments?post=8640"}],"version-history":[{"count":1,"href":"https:\/\/comunicartesanluis.com\/index.php\/wp-json\/wp\/v2\/posts\/8640\/revisions"}],"predecessor-version":[{"id":8649,"href":"https:\/\/comunicartesanluis.com\/index.php\/wp-json\/wp\/v2\/posts\/8640\/revisions\/8649"}],"wp:featuredmedia":[{"embeddable":true,"href":"https:\/\/comunicartesanluis.com\/index.php\/wp-json\/wp\/v2\/media\/8648"}],"wp:attachment":[{"href":"https:\/\/comunicartesanluis.com\/index.php\/wp-json\/wp\/v2\/media?parent=8640"}],"wp:term":[{"taxonomy":"category","embeddable":true,"href":"https:\/\/comunicartesanluis.com\/index.php\/wp-json\/wp\/v2\/categories?post=8640"},{"taxonomy":"post_tag","embeddable":true,"href":"https:\/\/comunicartesanluis.com\/index.php\/wp-json\/wp\/v2\/tags?post=8640"}],"curies":[{"name":"wp","href":"https:\/\/api.w.org\/{rel}","templated":true}]}}