{"id":8646,"date":"2023-04-27T18:09:36","date_gmt":"2023-04-27T21:09:36","guid":{"rendered":"https:\/\/comunicartesanluis.com\/?p=8646"},"modified":"2023-04-27T20:15:12","modified_gmt":"2023-04-27T23:15:12","slug":"quien-lo-baja-al-puly","status":"publish","type":"post","link":"https:\/\/comunicartesanluis.com\/index.php\/2023\/04\/27\/quien-lo-baja-al-puly\/","title":{"rendered":"Quien lo baja al Puly?"},"content":{"rendered":"<p>El equipo argentino de goma trinquete demostr\u00f3 su superioridad al consagrarse campe\u00f3n del clasificatorio panamericano disputado en Per\u00fa. La delegaci\u00f3n, integrada por Facundo Andreasen (Capital Federal), Puly Villegas, Andr\u00e9s Villegas (San Luis) y Tom\u00e1s Molteno (Mendoza), particip\u00f3 junto a otras 11 selecciones en una competencia que otorgaba plazas para los Juegos Panamericanos de Chile. En una entrevista exclusiva, el Puly destac\u00f3 la importancia del d\u00eda a d\u00eda y el sacrificio que implica entrenar para alcanzar los objetivos.<\/p>\n<p>En cuanto a la competencia en s\u00ed, se jug\u00f3 en la modalidad de goma trinquete y el equipo argentino demostr\u00f3 su dominio en cada uno de los partidos disputados. Adem\u00e1s, el sanluise\u00f1o destac\u00f3 que la sensaci\u00f3n de reafirmar el t\u00edtulo mundial obtenido en 2022, les da la confianza necesaria para seguir trabajando con miras a los pr\u00f3ximos campeonatos nacionales e internacionales, con el objetivo de dejar a la provincia y al pa\u00eds en lo m\u00e1s alto.<\/p>\n<p><img decoding=\"async\" class=\"aligncenter wp-image-8651 \" src=\"https:\/\/comunicartesanluis.com\/v1\/wp-content\/uploads\/2023\/04\/WhatsApp-Image-2023-04-27-at-11.08.58-768x1024.jpeg\" alt=\"\" width=\"594\" height=\"792\" srcset=\"https:\/\/comunicartesanluis.com\/v1\/wp-content\/uploads\/2023\/04\/WhatsApp-Image-2023-04-27-at-11.08.58-200x267.jpeg 200w, https:\/\/comunicartesanluis.com\/v1\/wp-content\/uploads\/2023\/04\/WhatsApp-Image-2023-04-27-at-11.08.58-225x300.jpeg 225w, https:\/\/comunicartesanluis.com\/v1\/wp-content\/uploads\/2023\/04\/WhatsApp-Image-2023-04-27-at-11.08.58-400x533.jpeg 400w, https:\/\/comunicartesanluis.com\/v1\/wp-content\/uploads\/2023\/04\/WhatsApp-Image-2023-04-27-at-11.08.58-600x800.jpeg 600w, https:\/\/comunicartesanluis.com\/v1\/wp-content\/uploads\/2023\/04\/WhatsApp-Image-2023-04-27-at-11.08.58-768x1024.jpeg 768w, https:\/\/comunicartesanluis.com\/v1\/wp-content\/uploads\/2023\/04\/WhatsApp-Image-2023-04-27-at-11.08.58-800x1067.jpeg 800w, https:\/\/comunicartesanluis.com\/v1\/wp-content\/uploads\/2023\/04\/WhatsApp-Image-2023-04-27-at-11.08.58-1152x1536.jpeg 1152w, https:\/\/comunicartesanluis.com\/v1\/wp-content\/uploads\/2023\/04\/WhatsApp-Image-2023-04-27-at-11.08.58.jpeg 1200w\" sizes=\"(max-width: 594px) 100vw, 594px\" \/><\/p>\n<p>Si bien el objetivo principal son los Juegos Panamericanos de Chile, el puntano y los deportistas destacaron que ganar un t\u00edtulo siempre es una caricia al deportista y agradecieron el apoyo de sus seres queridos, quienes muchas veces se ven afectados por el tiempo que deben dedicar al entrenamiento y a la competencia.<\/p>\n<p>Por \u00faltimo, los integrantes del equipo argentino de goma trinquete dejaron en claro que la clave del \u00e9xito est\u00e1 en el d\u00eda a d\u00eda y en la constancia en el trabajo, a\u00fan cuando las cosas no salen como se esperan. Nunca hay que bajar los brazos y siempre hay que seguir luchando por alcanzar los objetivos.<\/p>\n","protected":false},"excerpt":{"rendered":"<p>El puntano se coron\u00f3 campe\u00f3n del clasificatorio panamericano de goma trinquete en Per\u00fa y todavia esperamos alguien que le haga frente. Imparable!!!<\/p>\n","protected":false},"author":3,"featured_media":8653,"comment_status":"open","ping_status":"open","sticky":false,"template":"","format":"standard","meta":{"_jetpack_memberships_contains_paid_content":false,"footnotes":""},"categories":[15,16],"tags":[],"class_list":["post-8646","post","type-post","status-publish","format-standard","has-post-thumbnail","hentry","category-deporte","category-local"],"jetpack_featured_media_url":"https:\/\/comunicartesanluis.com\/v1\/wp-content\/uploads\/2023\/04\/Diseno-sin-titulo-1.png","jetpack_sharing_enabled":true,"_links":{"self":[{"href":"https:\/\/comunicartesanluis.com\/index.php\/wp-json\/wp\/v2\/posts\/8646","targetHints":{"allow":["GET"]}}],"collection":[{"href":"https:\/\/comunicartesanluis.com\/index.php\/wp-json\/wp\/v2\/posts"}],"about":[{"href":"https:\/\/comunicartesanluis.com\/index.php\/wp-json\/wp\/v2\/types\/post"}],"author":[{"embeddable":true,"href":"https:\/\/comunicartesanluis.com\/index.php\/wp-json\/wp\/v2\/users\/3"}],"replies":[{"embeddable":true,"href":"https:\/\/comunicartesanluis.com\/index.php\/wp-json\/wp\/v2\/comments?post=8646"}],"version-history":[{"count":1,"href":"https:\/\/comunicartesanluis.com\/index.php\/wp-json\/wp\/v2\/posts\/8646\/revisions"}],"predecessor-version":[{"id":8652,"href":"https:\/\/comunicartesanluis.com\/index.php\/wp-json\/wp\/v2\/posts\/8646\/revisions\/8652"}],"wp:featuredmedia":[{"embeddable":true,"href":"https:\/\/comunicartesanluis.com\/index.php\/wp-json\/wp\/v2\/media\/8653"}],"wp:attachment":[{"href":"https:\/\/comunicartesanluis.com\/index.php\/wp-json\/wp\/v2\/media?parent=8646"}],"wp:term":[{"taxonomy":"category","embeddable":true,"href":"https:\/\/comunicartesanluis.com\/index.php\/wp-json\/wp\/v2\/categories?post=8646"},{"taxonomy":"post_tag","embeddable":true,"href":"https:\/\/comunicartesanluis.com\/index.php\/wp-json\/wp\/v2\/tags?post=8646"}],"curies":[{"name":"wp","href":"https:\/\/api.w.org\/{rel}","templated":true}]}}