{"id":8839,"date":"2023-05-08T10:01:26","date_gmt":"2023-05-08T13:01:26","guid":{"rendered":"https:\/\/comunicartesanluis.com\/?p=8839"},"modified":"2023-05-08T10:01:26","modified_gmt":"2023-05-08T13:01:26","slug":"con-un-penal-en-el-tiempo-adicional-river-plate-derroto-1-0-a-boca-juniors","status":"publish","type":"post","link":"https:\/\/comunicartesanluis.com\/index.php\/2023\/05\/08\/con-un-penal-en-el-tiempo-adicional-river-plate-derroto-1-0-a-boca-juniors\/","title":{"rendered":"Con un penal en el tiempo adicional, River Plate derrot\u00f3 1-0 a Boca Juniors."},"content":{"rendered":"<div class=\"d23_top-home-amp\">\n<div class=\"d23-width_full\">\n<div class=\"d23-masthead-navbar\">\n<div class=\"d23-site-header d23-site-header-amp\">River se qued\u00f3 con el Supercl\u00e1sico gracias al gol de Miguel Borja en el tercer minuto adicional. El colombiano sell\u00f3 el 1 a 0 con un penal discutido. Boca termin\u00f3 con 8 jugadores por las expulsiones de Ezequiel Fern\u00e1ndez, Miguel Merentiel y Nicol\u00e1s Valentini, mientras que el Millonario finaliz\u00f3 con 10 porque Agust\u00edn Palavecino observ\u00f3 la roja luego de los incidentes. Ezequiel Centuri\u00f3n y El\u00edas G\u00f3mez, quienes estaban en el banco de suplentes, tambi\u00e9n fueron sancionados por participar de la gresca generalizada. El conjunto de Mart\u00edn Demichelis se mantiene en la cima y le saca una diferencia de 9 puntos a su escolta, San Lorenzo.<\/div>\n<\/div>\n<\/div>\n<\/div>\n<div class=\"d23_home-body d23_page-container-liveblogging\">\n<div class=\"d23-nd-body-blogging\">\n<div id=\"parrafo_0\" class=\"d23-nd-body-blogging-container\">\n<div class=\"d23-nd-body-blogging-article \"><\/div>\n<\/div>\n<div id=\"parrafo_1\" class=\"d23-nd-body-blogging-container\">\n<div class=\"d23-nd-body-blogging-time-line\">\n<div class=\"d23-nd-body-blogging-figures\">\n<div class=\"d23-nd-body-blogging-figures-big-circle\">\n<div class=\"d23-nd-body-blogging-figures-sm-circle\"><\/div>\n<\/div>\n<\/div>\n<\/div>\n<div class=\"d23-nd-body-blogging-article \">\n<p class=\"d23-paragraph\"><b>Minuto 63: se reanuda el Supercl\u00e1sico<\/b><\/p>\n<\/div>\n<div class=\"d23-nd-body-blogging-article \">\n<p class=\"d23-paragraph\">Herrera dispuso que se jueguen dos minutos m\u00e1s luego del esc\u00e1ndalo.<\/p>\n<\/div>\n<div class=\"d23-nd-body-blogging-article \">\n<div class=\"amp_visual_image \"><img class=\"i-amphtml-blurry-placeholder\" \/><img decoding=\"async\" class=\"i-amphtml-fill-content i-amphtml-replaced-content aligncenter\" src=\"https:\/\/cloudfront--us--east--1-images-arcpublishing-com.cdn.ampproject.org\/ii\/AW\/s\/cloudfront-us-east-1.images.arcpublishing.com\/infobae\/32FRUYZBNRA7CKX6USYSLE25CY.jpg\" srcset=\"https:\/\/www-infobae-com.cdn.ampproject.org\/ii\/AW\/s\/www.infobae.com\/new-resizer\/0D8dfrtYyFQAOPQ2F4umwbDXIVI=\/992x606\/filters:format(webp):quality(85)\/cloudfront-us-east-1.images.arcpublishing.com\/infobae\/32FRUYZBNRA7CKX6USYSLE25CY.jpg 992w\" alt=\"Foto: REUTERS\/Agustin Marcarian\" data-amp-auto-lightbox-disable=\"true\" data-hero=\"true\" \/>Foto: REUTERS\/Agustin Marcarian<\/div>\n<div class=\"d23-nd-body-blogging-btm-line\"><\/div>\n<\/div>\n<\/div>\n<div id=\"parrafo_2\" class=\"d23-nd-body-blogging-container\">\n<div class=\"d23-nd-body-blogging-time-line\">\n<div class=\"d23-nd-body-blogging-time\"><\/div>\n<\/div>\n<\/div>\n<\/div>\n<div class=\"d23-nd-body-blogging\">\n<div id=\"parrafo_2\" class=\"d23-nd-body-blogging-container\">\n<div class=\"d23-nd-body-blogging-time-line\">\n<div class=\"d23-nd-body-blogging-figures\">\n<div class=\"d23-nd-body-blogging-figures-big-circle\">\n<div class=\"d23-nd-body-blogging-figures-sm-circle\"><\/div>\n<\/div>\n<\/div>\n<\/div>\n<div class=\"d23-nd-body-blogging-article \">\n<p class=\"d23-paragraph\"><b>Minuto 58: Dar\u00edo Herrera expulsa a los responsables del caos<\/b><\/p>\n<\/div>\n<div class=\"d23-nd-body-blogging-article \">\n<p class=\"d23-paragraph\">El \u00e1rbitro decidi\u00f3 ense\u00f1arle la roja a Ezequiel Centuri\u00f3n, El\u00edas G\u00f3mez y Agust\u00edn Palavecino, Ezequiel Fern\u00e1ndez, Miguel Merentiel y Nicol\u00e1s Valentini y Jorge Almir\u00f3n. Boca termina el Supercl\u00e1sico con 8 jugadores.<\/p>\n<\/div>\n<div class=\"d23-nd-body-blogging-article \">\n<div class=\"d23-jwplayer-ctn\"><img decoding=\"async\" class=\"i-amphtml-fill-content amp-hidden\" src=\"https:\/\/content.jwplatform.com\/thumbs\/6PqnZS7A-720.jpg\" alt=\"Loading video\" \/>La gresca entre los planteles de River y Boca, desde la tribuna<\/div>\n<div class=\"d23-nd-body-blogging-btm-line\"><\/div>\n<\/div>\n<\/div>\n<div id=\"parrafo_3\" class=\"d23-nd-body-blogging-container\">\n<div class=\"d23-nd-body-blogging-time-line\">\n<div class=\"d23-nd-body-blogging-time\"><\/div>\n<div class=\"d23-nd-body-blogging-figures\">\n<div class=\"d23-nd-body-blogging-figures-big-circle\">\n<div class=\"d23-nd-body-blogging-figures-sm-circle\"><\/div>\n<\/div>\n<\/div>\n<\/div>\n<div class=\"d23-nd-body-blogging-article \">\n<p class=\"d23-paragraph\"><b>Minuto 51: la gresca opac\u00f3 el espect\u00e1culo<\/b><\/p>\n<\/div>\n<div class=\"d23-nd-body-blogging-article \">\n<p class=\"d23-paragraph\">Luego del gol de River, todos los jugadores de Boca que estaban en el banco de suplentes invadieron el campo de juego para protagonizar un esc\u00e1ndalo. Los hombres de Mart\u00edn Demichelis respondieron. Sergio Romero y Agust\u00edn Palavecino fueron los que comenzaron con las provocaciones.<\/p>\n<\/div>\n<div class=\"d23-nd-body-blogging-article \">\n<blockquote>\n<p dir=\"ltr\" lang=\"es\">SE PIC\u00d3 TODO \ud83d\udd25<\/p>\n<p>Luego del gol de penal de Borja, se agarraron los jugadores de River y Boca en un final muy caliente<\/p><\/blockquote>\n<div class=\"d23-nd-body-blogging-btm-line\"><\/div>\n<\/div>\n<\/div>\n<div id=\"parrafo_4\" class=\"d23-nd-body-blogging-container\">\n<div class=\"d23-nd-body-blogging-time-line\">\n<div class=\"d23-nd-body-blogging-time\"><\/div>\n<div class=\"d23-nd-body-blogging-figures\">\n<div class=\"d23-nd-body-blogging-figures-big-circle\">\n<div class=\"d23-nd-body-blogging-figures-sm-circle\"><\/div>\n<\/div>\n<\/div>\n<\/div>\n<div class=\"d23-nd-body-blogging-article \">\n<p class=\"d23-paragraph\"><b>Minuto 48: \u00a1Gol de River!<\/b><\/p>\n<\/div>\n<div class=\"d23-nd-body-blogging-article \">\n<p class=\"d23-paragraph\">Miguel Borja fue el encargado de ejecutar la pena m\u00e1xima y sell\u00f3 el 1 a 0 a favor del Millonario. En el cierre los jugadores se trenzaron en una batalla campal.<\/p>\n<\/div>\n<div class=\"d23-nd-body-blogging-article \">\n<blockquote>\n<p dir=\"ltr\" lang=\"es\">GOL DE RIVER \u26aa\ud83d\udd34\u26aa<\/p>\n<p>El Colibr\u00ed Borja no perdon\u00f3 ante Chiquito Romero y puso el 1-0 de River ante Boca.<\/p><\/blockquote>\n<\/div>\n<\/div>\n<div id=\"parrafo_5\" class=\"d23-nd-body-blogging-container\">\n<div class=\"d23-nd-body-blogging-time-line\">\n<div class=\"d23-nd-body-blogging-time\"><\/div>\n<div class=\"d23-nd-body-blogging-figures\">\n<div class=\"d23-nd-body-blogging-figures-big-circle\">\n<div class=\"d23-nd-body-blogging-figures-sm-circle\"><\/div>\n<\/div>\n<\/div>\n<\/div>\n<div class=\"d23-nd-body-blogging-article \">\n<p class=\"d23-paragraph\"><b>Minuto 45: Penal para River<\/b><\/p>\n<\/div>\n<div class=\"d23-nd-body-blogging-article \">\n<p class=\"d23-paragraph\">Cuando Dar\u00edo Herrera dispuso que se jueguen 4 minutos m\u00e1s en el Supercl\u00e1sico, Sandez se llev\u00f3 por delante a Pablo Solari y el \u00e1rbitro sanciona la pena m\u00e1xima.<\/p>\n<\/div>\n<div class=\"d23-nd-body-blogging-article \">\n<div class=\"amp_visual_image \"><\/div>\n<div class=\"d23-nd-body-blogging-btm-line\"><\/div>\n<\/div>\n<\/div>\n<div id=\"parrafo_6\" class=\"d23-nd-body-blogging-container\">\n<div class=\"d23-nd-body-blogging-time-line\">\n<div class=\"d23-nd-body-blogging-time\"><\/div>\n<div class=\"d23-nd-body-blogging-figures\">\n<div class=\"d23-nd-body-blogging-figures-big-circle\">\n<div class=\"d23-nd-body-blogging-figures-sm-circle\"><\/div>\n<\/div>\n<\/div>\n<\/div>\n<div class=\"d23-nd-body-blogging-article \">\n<p class=\"d23-paragraph\"><b>Minuto 40: Beltr\u00e1n siente una molestia f\u00edsica<\/b><\/p>\n<\/div>\n<div class=\"d23-nd-body-blogging-article \">\n<p class=\"d23-paragraph\">El delantero no puede terminar el compromiso debido a una lesi\u00f3n muscular y en su lugar ingresa Mat\u00edas Su\u00e1rez. Tambi\u00e9n sali\u00f3 Milt\u00f3n Casco por Marcelo Herrera. En Boca, Rol\u00f3n ingres\u00f3 por Cristian Medina y Valent\u00edn Barco sali\u00f3 por Agust\u00edn Sandez.<\/p>\n<\/div>\n<\/div>\n<div id=\"parrafo_7\" class=\"d23-nd-body-blogging-container\">\n<div class=\"d23-nd-body-blogging-time-line\">\n<div class=\"d23-nd-body-blogging-figures\">\n<div class=\"d23-nd-body-blogging-figures-big-circle\">\n<div class=\"d23-nd-body-blogging-figures-sm-circle\"><\/div>\n<\/div>\n<\/div>\n<\/div>\n<div class=\"d23-nd-body-blogging-article \">\n<p class=\"d23-paragraph\"><b>Minuto 32: los equipos se quedan sin ideas<\/b><\/p>\n<\/div>\n<div class=\"d23-nd-body-blogging-article \">\n<p class=\"d23-paragraph\">El cansancio se apodera de los protagonistas y Mart\u00edn Demichelis planea realizar dos cambios con los ingresos de Agust\u00edn Palavecino y Miguel Borja.<\/p>\n<\/div>\n<div class=\"d23-nd-body-blogging-article \">\n<div class=\"amp_visual_image \"><\/div>\n<div class=\"d23-nd-body-blogging-btm-line\"><\/div>\n<\/div>\n<\/div>\n<div id=\"parrafo_8\" class=\"d23-nd-body-blogging-container\">\n<div class=\"d23-nd-body-blogging-time-line\">\n<div class=\"d23-nd-body-blogging-time\"><\/div>\n<div class=\"d23-nd-body-blogging-figures\">\n<div class=\"d23-nd-body-blogging-figures-big-circle\">\n<div class=\"d23-nd-body-blogging-figures-sm-circle\"><\/div>\n<\/div>\n<\/div>\n<\/div>\n<div class=\"d23-nd-body-blogging-article \">\n<p class=\"d23-paragraph\"><b>Minuto 23: Franco Armani ahoga el grito del Xeneize<\/b><\/p>\n<\/div>\n<div class=\"d23-nd-body-blogging-article \">\n<p class=\"d23-paragraph\">A trav\u00e9s de un tiro libre, Sebasti\u00e1n Villa intent\u00f3 romper el cero, pero se encontr\u00f3 con una notable respuesta del arquero campe\u00f3n del mundo. Siguen 0 a 0.<\/p>\n<\/div>\n<div class=\"d23-nd-body-blogging-article \">\n<blockquote>\n<p dir=\"ltr\" lang=\"es\">APARECI\u00d3 ARMANI \ud83e\udde4\ud83e\udde4<\/p>\n<p>Tiro libre de Villa y el arquero de River la sac\u00f3 al c\u00f3rner. El Millonario y Boca igualan 0-0<\/p><\/blockquote>\n<div class=\"d23-nd-body-blogging-btm-line\"><\/div>\n<\/div>\n<\/div>\n<div id=\"parrafo_9\" class=\"d23-nd-body-blogging-container\">\n<div class=\"d23-nd-body-blogging-time-line\">\n<div class=\"d23-nd-body-blogging-time\"><\/div>\n<div class=\"d23-nd-body-blogging-figures\">\n<div class=\"d23-nd-body-blogging-figures-big-circle\">\n<div class=\"d23-nd-body-blogging-figures-sm-circle\"><\/div>\n<\/div>\n<\/div>\n<\/div>\n<div class=\"d23-nd-body-blogging-article \">\n<p class=\"d23-paragraph\"><b>Minuto 20: milagro en el \u00e1rea de Boca<\/b><\/p>\n<\/div>\n<div class=\"d23-nd-body-blogging-article \">\n<p class=\"d23-paragraph\">Una p\u00e9rdida de Adv\u00edncula le permiti\u00f3 a Enzo D\u00edaz asociarse con Nacho Fern\u00e1ndez, quien abasteci\u00f3 a Pablo Solari. El volante resolvi\u00f3 con un remate cruzado que rebot\u00f3 contra el poste, recorri\u00f3 toda la l\u00ednea de meta y se fue por la l\u00ednea de fondo. Fue la m\u00e1s clara del Supercl\u00e1sico.<\/p>\n<\/div>\n<div class=\"d23-nd-body-blogging-article \">\n<blockquote>\n<p dir=\"ltr\" lang=\"es\">MILAGRO EN EL \u00c1REA DE BOCA \u274c\u26bd<\/p>\n<p>Gran jugada de River y definici\u00f3n de Solari que dio en el palo.<\/p><\/blockquote>\n<div class=\"d23-nd-body-blogging-btm-line\"><\/div>\n<\/div>\n<\/div>\n<div id=\"parrafo_10\" class=\"d23-nd-body-blogging-container\">\n<div class=\"d23-nd-body-blogging-time-line\">\n<div class=\"d23-nd-body-blogging-figures\">\n<div class=\"d23-nd-body-blogging-figures-big-circle\">\n<div class=\"d23-nd-body-blogging-figures-sm-circle\"><\/div>\n<\/div>\n<\/div>\n<\/div>\n<div class=\"d23-nd-body-blogging-article \">\n<p class=\"d23-paragraph\"><b>Minuto 17: segundo cambio en Boca<\/b><\/p>\n<\/div>\n<div class=\"d23-nd-body-blogging-article \">\n<p class=\"d23-paragraph\">Alan Varela sale reemplazado por Equi Fern\u00e1ndez. El volante era otro de los que estaba amonestado y Jorge Almir\u00f3n no quiso correr el riesgo de quedar con uno menos.<\/p>\n<\/div>\n<div class=\"d23-nd-body-blogging-article \">\n<div class=\"amp_visual_image \"><\/div>\n<div class=\"d23-nd-body-blogging-btm-line\"><\/div>\n<\/div>\n<\/div>\n<div id=\"parrafo_11\" class=\"d23-nd-body-blogging-container\">\n<div class=\"d23-nd-body-blogging-time-line\">\n<div class=\"d23-nd-body-blogging-time\"><\/div>\n<div class=\"d23-nd-body-blogging-figures\">\n<div class=\"d23-nd-body-blogging-figures-big-circle\">\n<div class=\"d23-nd-body-blogging-figures-sm-circle\"><\/div>\n<\/div>\n<\/div>\n<\/div>\n<div class=\"d23-nd-body-blogging-article \">\n<p class=\"d23-paragraph\"><b>Minuto 15: primer cambio en River<\/b><\/p>\n<\/div>\n<div class=\"d23-nd-body-blogging-article \">\n<p class=\"d23-paragraph\">Mart\u00edn Demichelis retira a Rodrigo Aliendro, quien estaba amonestado, para darle lugar a Pablo Solari.<\/p>\n<\/div>\n<div class=\"d23-nd-body-blogging-article \"><\/div>\n<\/div>\n<div id=\"parrafo_12\" class=\"d23-nd-body-blogging-container\">\n<div class=\"d23-nd-body-blogging-time-line\">\n<div class=\"d23-nd-body-blogging-time\"><\/div>\n<div class=\"d23-nd-body-blogging-figures\">\n<div class=\"d23-nd-body-blogging-figures-big-circle\">\n<div class=\"d23-nd-body-blogging-figures-sm-circle\"><\/div>\n<\/div>\n<\/div>\n<\/div>\n<div class=\"d23-nd-body-blogging-article \">\n<p class=\"d23-paragraph\"><b>Minuto 13: Chiquito Romero se luce con una notable atajada<\/b><\/p>\n<\/div>\n<div class=\"d23-nd-body-blogging-article \">\n<p class=\"d23-paragraph\">El arquero tuvo que intervenir despu\u00e9s de un remate de Nicol\u00e1s De La Cruz. El ex Racing vol\u00f3 como en sus d\u00edas en la Selecci\u00f3n para desviar al c\u00f3rner.<\/p>\n<\/div>\n<\/div>\n<div id=\"parrafo_13\" class=\"d23-nd-body-blogging-container\">\n<div class=\"d23-nd-body-blogging-time-line\">\n<div class=\"d23-nd-body-blogging-figures\">\n<div class=\"d23-nd-body-blogging-figures-big-circle\">\n<div class=\"d23-nd-body-blogging-figures-sm-circle\"><\/div>\n<\/div>\n<\/div>\n<\/div>\n<div class=\"d23-nd-body-blogging-article \">\n<p class=\"d23-paragraph\"><b>Minuto 10: primer cambio en Boca<\/b><\/p>\n<\/div>\n<div class=\"d23-nd-body-blogging-article \">\n<p class=\"d23-paragraph\">Jorge Almir\u00f3n env\u00eda a la cancha a Miguel Merentiel en lugar de Luis V\u00e1zquez. El Xeneize quiere asustar con La Bestia.<\/p>\n<\/div>\n<\/div>\n<div id=\"parrafo_14\" class=\"d23-nd-body-blogging-container\">\n<div class=\"d23-nd-body-blogging-time-line\">\n<div class=\"d23-nd-body-blogging-figures\">\n<div class=\"d23-nd-body-blogging-figures-big-circle\">\n<div class=\"d23-nd-body-blogging-figures-sm-circle\"><\/div>\n<\/div>\n<\/div>\n<\/div>\n<div class=\"d23-nd-body-blogging-article \">\n<p class=\"d23-paragraph\"><b>Minuto 5: Nicol\u00e1s Valentini evita el gol de River<\/b><\/p>\n<\/div>\n<div class=\"d23-nd-body-blogging-article \">\n<p class=\"d23-paragraph\">El defensor de Boca logr\u00f3 bloquear a Nacho Fern\u00e1ndez, quien se hab\u00eda escapado para quedar frente a Chiquito Romero.<\/p>\n<\/div>\n<\/div>\n<div id=\"parrafo_15\" class=\"d23-nd-body-blogging-container\">\n<div class=\"d23-nd-body-blogging-article \">\n<p class=\"d23-paragraph\"><b>Minuto 1: Milton Casco cerr\u00f3 para salvar a River<\/b><\/p>\n<\/div>\n<div class=\"d23-nd-body-blogging-article \">\n<p class=\"d23-paragraph\">Sebasti\u00e1n Villa se escap\u00f3 para quedar mano a mano frente a Franco Armani, pero el ex Newell\u2019s evit\u00f3 que el colombiano pueda definir.<\/p>\n<\/div>\n<div class=\"d23-nd-body-blogging-article \"><\/div>\n<\/div>\n<div id=\"parrafo_16\" class=\"d23-nd-body-blogging-container\">\n<div class=\"d23-nd-body-blogging-time-line\">\n<div class=\"d23-nd-body-blogging-time\"><\/div>\n<div class=\"d23-nd-body-blogging-figures\">\n<div class=\"d23-nd-body-blogging-figures-big-circle\">\n<div class=\"d23-nd-body-blogging-figures-sm-circle\"><\/div>\n<\/div>\n<\/div>\n<\/div>\n<div class=\"d23-nd-body-blogging-article \">\n<p class=\"d23-paragraph\"><b>\u00a1Comenz\u00f3 el segundo tiempo!<\/b><\/p>\n<\/div>\n<div class=\"d23-nd-body-blogging-article \">\n<p class=\"d23-paragraph\">Se reanud\u00f3 el Supercl\u00e1sico en el Monumental. Los entrenadores no realizaron variantes en el descanso.<\/p>\n<\/div>\n<div class=\"d23-nd-body-blogging-article \">\n<div class=\"amp_visual_image \"><\/div>\n<\/div>\n<\/div>\n<div id=\"parrafo_17\" class=\"d23-nd-body-blogging-container\">\n<div class=\"d23-nd-body-blogging-time-line\">\n<div class=\"d23-nd-body-blogging-figures\">\n<div class=\"d23-nd-body-blogging-figures-big-circle\">\n<div class=\"d23-nd-body-blogging-figures-sm-circle\"><\/div>\n<\/div>\n<\/div>\n<\/div>\n<div class=\"d23-nd-body-blogging-article \">\n<p class=\"d23-paragraph\"><b>\u00a1Final del primer tiempo!<\/b><\/p>\n<\/div>\n<div class=\"d23-nd-body-blogging-article \">\n<p class=\"d23-paragraph\">River y Boca se fueron al descanso sin emociones. El partido fue m\u00e1s discutido que jugado. El Millonario fue superior, pero no logr\u00f3 quebrar la solidez defensiva del Xeneize. Deber\u00e1n cuidarse en el complemento Leandro Gonz\u00e1lez Pirez, Rodrigo Aliendro, Enzo P\u00e9rez, Enzo D\u00edaz, Alan Varela, Jorge Figal y Guillermo Pol Fern\u00e1ndez porque fueron amonestados.<\/p>\n<\/div>\n<div class=\"d23-nd-body-blogging-article \"><\/div>\n<\/div>\n<div id=\"parrafo_18\" class=\"d23-nd-body-blogging-container\">\n<div class=\"d23-nd-body-blogging-time-line\">\n<div class=\"d23-nd-body-blogging-time\"><\/div>\n<div class=\"d23-nd-body-blogging-figures\">\n<div class=\"d23-nd-body-blogging-figures-big-circle\">\n<div class=\"d23-nd-body-blogging-figures-sm-circle\"><\/div>\n<\/div>\n<\/div>\n<\/div>\n<div class=\"d23-nd-body-blogging-article \">\n<p class=\"d23-paragraph\"><b>Minuto 45: se juegan dos m\u00e1s<\/b><\/p>\n<\/div>\n<div class=\"d23-nd-body-blogging-article \">\n<p class=\"d23-paragraph\">Dar\u00edo Herrera adicion\u00f3 120 segundos m\u00e1s a la primera parte del Supercl\u00e1sico. Todav\u00eda no se sacan diferencias.<\/p>\n<\/div>\n<div class=\"d23-nd-body-blogging-article \"><\/div>\n<\/div>\n<div id=\"parrafo_19\" class=\"d23-nd-body-blogging-container\">\n<div class=\"d23-nd-body-blogging-time-line\">\n<div class=\"d23-nd-body-blogging-figures\">\n<div class=\"d23-nd-body-blogging-figures-big-circle\">\n<div class=\"d23-nd-body-blogging-figures-sm-circle\"><\/div>\n<\/div>\n<\/div>\n<\/div>\n<div class=\"d23-nd-body-blogging-article \">\n<p class=\"d23-paragraph\"><b>Minuto 42: otra pelota detenida a favor de River<\/b><\/p>\n<\/div>\n<div class=\"d23-nd-body-blogging-article \">\n<p class=\"d23-paragraph\">Nacho Fern\u00e1ndez prob\u00f3 en el tiro libre, pero Chiquito Romero no se complic\u00f3 y desvi\u00f3 al c\u00f3rner. Jorge Figal hab\u00eda sido amonestado por la infracci\u00f3n que le cometi\u00f3 a Barco.<\/p>\n<\/div>\n<div class=\"d23-nd-body-blogging-article \"><\/div>\n<\/div>\n<div id=\"parrafo_20\" class=\"d23-nd-body-blogging-container\">\n<div class=\"d23-nd-body-blogging-time-line\">\n<div class=\"d23-nd-body-blogging-time\"><\/div>\n<div class=\"d23-nd-body-blogging-figures\">\n<div class=\"d23-nd-body-blogging-figures-big-circle\">\n<div class=\"d23-nd-body-blogging-figures-sm-circle\"><\/div>\n<\/div>\n<\/div>\n<\/div>\n<div class=\"d23-nd-body-blogging-article \">\n<p class=\"d23-paragraph\"><b>Minuto 39: tiro libre peligroso para River<\/b><\/p>\n<\/div>\n<div class=\"d23-nd-body-blogging-article \">\n<p class=\"d23-paragraph\">Alan Varela fue amonestado por la dura falta que le cometi\u00f3 a Nacho Fern\u00e1ndez. El volante se perder\u00e1 el pr\u00f3ximo compromiso de Boca ante Belgrano, porque lleg\u00f3 a la quinta amarilla. La acci\u00f3n concluy\u00f3 con un despeje de Valentini.<\/p>\n<\/div>\n<div class=\"d23-nd-body-blogging-article \">\n<div class=\"amp_visual_image \"><\/div>\n<\/div>\n<\/div>\n<div id=\"parrafo_21\" class=\"d23-nd-body-blogging-container\">\n<div class=\"d23-nd-body-blogging-article \">\n<p class=\"d23-paragraph\"><b>Minuto 35: un nuevo amonestado en River<\/b><\/p>\n<\/div>\n<div class=\"d23-nd-body-blogging-article \">\n<p class=\"d23-paragraph\">Enzo D\u00edaz observ\u00f3 la amarilla por una falta sobre Luis Adv\u00edncula. El defensor fue el tercer jugador de River en recibir la amonestaci\u00f3n.<\/p>\n<\/div>\n<div class=\"d23-nd-body-blogging-article \"><\/div>\n<\/div>\n<div id=\"parrafo_22\" class=\"d23-nd-body-blogging-container\">\n<div class=\"d23-nd-body-blogging-time-line\">\n<div class=\"d23-nd-body-blogging-time\"><\/div>\n<div class=\"d23-nd-body-blogging-figures\">\n<div class=\"d23-nd-body-blogging-figures-big-circle\">\n<div class=\"d23-nd-body-blogging-figures-sm-circle\"><\/div>\n<\/div>\n<\/div>\n<\/div>\n<div class=\"d23-nd-body-blogging-article \">\n<p class=\"d23-paragraph\"><b>Minuto 30: tiro libre peligroso para River<\/b><\/p>\n<\/div>\n<div class=\"d23-nd-body-blogging-article \">\n<p class=\"d23-paragraph\">Mientras Almir\u00f3n le pidi\u00f3 a los suplentes que comiencen con los trabajos precompetitivos, Varela derrib\u00f3 a Nacho Fern\u00e1ndez en una acci\u00f3n que despierta una nueva amenaza para Boca. Herrera amonest\u00f3 al DT del Xeneize por sus constantes reclamos. La jugada termin\u00f3 en los guantes de Romero.<\/p>\n<\/div>\n<div class=\"d23-nd-body-blogging-article \"><\/div>\n<\/div>\n<div id=\"parrafo_23\" class=\"d23-nd-body-blogging-container\">\n<div class=\"d23-nd-body-blogging-article \">\n<p class=\"d23-paragraph\"><b>Minuto 22: se salva Boca<\/b><\/p>\n<\/div>\n<div class=\"d23-nd-body-blogging-article \">\n<p class=\"d23-paragraph\">Un centro punzante le permiti\u00f3 a Beltr\u00e1n elevarse en el \u00e1rea del Xeneize y buscar el palo m\u00e1s lejano de Chiquito Romero. La pelota se fue ancha por cent\u00edmetros. El conjunto de Mart\u00edn Demichelis tiene el dominio del pleito.<\/p>\n<\/div>\n<div class=\"d23-nd-body-blogging-article \"><\/div>\n<\/div>\n<div id=\"parrafo_24\" class=\"d23-nd-body-blogging-container\">\n<div class=\"d23-nd-body-blogging-time-line\">\n<div class=\"d23-nd-body-blogging-time\"><\/div>\n<div class=\"d23-nd-body-blogging-figures\">\n<div class=\"d23-nd-body-blogging-figures-big-circle\">\n<div class=\"d23-nd-body-blogging-figures-sm-circle\"><\/div>\n<\/div>\n<\/div>\n<\/div>\n<div class=\"d23-nd-body-blogging-article \">\n<p class=\"d23-paragraph\"><b>Minuto 20: River reclama un penal por una presunta falta sobre Beltr\u00e1n<\/b><\/p>\n<\/div>\n<div class=\"d23-nd-body-blogging-article \">\n<p class=\"d23-paragraph\">Esequiel Barco desbord\u00f3 por derecha y envi\u00f3 un centro para la llegada de Nicol\u00e1s De La Cruz. Al mismo tiempo, Beltr\u00e1n cay\u00f3 dentro del \u00e1rea por una supuesta infracci\u00f3n de Roncaglia que Dar\u00edo Herrera no sancion\u00f3. En la jugada siguiente, Guillermo Pol Fern\u00e1ndez recibi\u00f3 la amarilla por una patada contra Nacho Fern\u00e1ndez.<\/p>\n<\/div>\n<div class=\"d23-nd-body-blogging-article \"><\/div>\n<\/div>\n<div id=\"parrafo_25\" class=\"d23-nd-body-blogging-container\">\n<div class=\"d23-nd-body-blogging-time-line\">\n<div class=\"d23-nd-body-blogging-time\"><\/div>\n<div class=\"d23-nd-body-blogging-figures\">\n<div class=\"d23-nd-body-blogging-figures-big-circle\">\n<div class=\"d23-nd-body-blogging-figures-sm-circle\"><\/div>\n<\/div>\n<\/div>\n<\/div>\n<div class=\"d23-nd-body-blogging-article \">\n<p class=\"d23-paragraph\"><b>Minuto 16: Nacho Fern\u00e1ndez es el m\u00e1s peligroso<\/b><\/p>\n<\/div>\n<div class=\"d23-nd-body-blogging-article \">\n<p class=\"d23-paragraph\">El ex volante de Gimnasia es el que muestra m\u00e1s recursos para da\u00f1ar a Boca. Una gran asistencia hacia Lucas Beltr\u00e1n fue otra clara ocasi\u00f3n para River, pero el delantero estaba en posici\u00f3n adelantada.<\/p>\n<\/div>\n<div class=\"d23-nd-body-blogging-article \"><\/div>\n<\/div>\n<div id=\"parrafo_26\" class=\"d23-nd-body-blogging-container\">\n<div class=\"d23-nd-body-blogging-article \">\n<p class=\"d23-paragraph\"><b>Minuto 13: el espect\u00e1culo se muestra trabado<\/b><\/p>\n<\/div>\n<div class=\"d23-nd-body-blogging-article \">\n<p class=\"d23-paragraph\">Muchas infracciones en poco tiempo y la preocupaci\u00f3n en Jorge Almir\u00f3n se instal\u00f3 por un golpe que recibi\u00f3 Luis Adv\u00edncula. Leandro Gonz\u00e1lez Pirez se convierte en el segundo amonestado del partido por una falta contra Sebasti\u00e1n Villa.<\/p>\n<\/div>\n<div class=\"d23-nd-body-blogging-article \"><\/div>\n<\/div>\n<div id=\"parrafo_27\" class=\"d23-nd-body-blogging-container\">\n<div class=\"d23-nd-body-blogging-article \">\n<p class=\"d23-paragraph\"><b>Minuto 8: Nacho Fern\u00e1ndez exige a Chiquito Romero<\/b><\/p>\n<\/div>\n<div class=\"d23-nd-body-blogging-article \">\n<p class=\"d23-paragraph\">Tras una recuperaci\u00f3n de Beltr\u00e1n, el ex Gimnasia encar\u00f3 por el borde del \u00e1rea grande y sorprendi\u00f3 con un remate rasante. El arquero respondi\u00f3 con autoridad para desviar al c\u00f3rner.<\/p>\n<\/div>\n<div class=\"d23-nd-body-blogging-article \"><\/div>\n<\/div>\n<div id=\"parrafo_28\" class=\"d23-nd-body-blogging-container\">\n<div class=\"d23-nd-body-blogging-time-line\">\n<div class=\"d23-nd-body-blogging-time\"><\/div>\n<div class=\"d23-nd-body-blogging-figures\">\n<div class=\"d23-nd-body-blogging-figures-big-circle\">\n<div class=\"d23-nd-body-blogging-figures-sm-circle\"><\/div>\n<\/div>\n<\/div>\n<\/div>\n<div class=\"d23-nd-body-blogging-article \">\n<p class=\"d23-paragraph\"><b>Minuto 4: primer amonestado del partido<\/b><\/p>\n<\/div>\n<div class=\"d23-nd-body-blogging-article \">\n<p class=\"d23-paragraph\">Rodrigo Aliendro le cometi\u00f3 una infracci\u00f3n a Guillermo Pol Fern\u00e1ndez y Dar\u00edo Herrera amonest\u00f3 al hombre de River.<\/p>\n<\/div>\n<div class=\"d23-nd-body-blogging-article \"><\/div>\n<\/div>\n<div id=\"parrafo_29\" class=\"d23-nd-body-blogging-container\">\n<div class=\"d23-nd-body-blogging-article \">\n<p class=\"d23-paragraph\"><b>\u00a1Comenz\u00f3 el partido!<\/b><\/p>\n<\/div>\n<div class=\"d23-nd-body-blogging-article \">\n<p class=\"d23-paragraph\">Beltr\u00e1n movi\u00f3 para Enzo P\u00e9rez y el Supercl\u00e1sico ya est\u00e1 en marcha en el Monumental. River quiere confirmar su gran presente con el liderazgo en la Liga Profesional y Boca busca dar el golpe en N\u00fa\u00f1ez.<\/p>\n<\/div>\n<div class=\"d23-nd-body-blogging-article \">\n<div class=\"amp_visual_image \"><\/div>\n<div class=\"d23-nd-body-blogging-btm-line\"><\/div>\n<\/div>\n<\/div>\n<div id=\"parrafo_30\" class=\"d23-nd-body-blogging-container\">\n<div class=\"d23-nd-body-blogging-time-line\">\n<div class=\"d23-nd-body-blogging-time\"><\/div>\n<div class=\"d23-nd-body-blogging-figures\">\n<div class=\"d23-nd-body-blogging-figures-big-circle\">\n<div class=\"d23-nd-body-blogging-figures-sm-circle\"><\/div>\n<\/div>\n<\/div>\n<\/div>\n<div class=\"d23-nd-body-blogging-article \">\n<p class=\"d23-paragraph\"><b>Salieron los equipos a la cancha<\/b><\/p>\n<\/div>\n<div class=\"d23-nd-body-blogging-article \">\n<p class=\"d23-paragraph\">M\u00e1s de 83.000 personas recibieron a los protagonistas en el Monumental. Los espectadores improvisaron un espect\u00e1culo adicional en las tribunas.<\/p>\n<\/div>\n<\/div>\n<div id=\"parrafo_31\" class=\"d23-nd-body-blogging-container\">\n<div class=\"d23-nd-body-blogging-article \">\n<p class=\"d23-paragraph\"><b>Se registraron incidentes en la previa<\/b><\/p>\n<\/div>\n<div class=\"d23-nd-body-blogging-article \">\n<p class=\"d23-paragraph\">Simpatizantes que se encontraban enlas calles Libertador y Udaondo intentaron ingresar al Monumental sin entradas. Efectivos de la polic\u00eda dispers\u00f3 al grupo de hinchas con estallidos y los fan\u00e1ticos respondieron apedreando a algunos veh\u00edculos que se encontraban en la zona.<\/p>\n<\/div>\n<\/div>\n<div id=\"parrafo_32\" class=\"d23-nd-body-blogging-container\">\n<div class=\"d23-nd-body-blogging-time-line\">\n<div class=\"d23-nd-body-blogging-figures\">\n<div class=\"d23-nd-body-blogging-figures-big-circle\">\n<div class=\"d23-nd-body-blogging-figures-sm-circle\"><\/div>\n<\/div>\n<\/div>\n<\/div>\n<div class=\"d23-nd-body-blogging-article \">\n<p class=\"d23-paragraph\"><b>La experiencia de Enzo P\u00e9rez<\/b><\/p>\n<\/div>\n<div class=\"d23-nd-body-blogging-article \">\n<p class=\"d23-paragraph\">El volante intentar\u00e1 adue\u00f1arse de la mitad de la cancha. En breve, los protagonistas finalizar\u00e1n los trabajos precompetitivos.<\/p>\n<\/div>\n<div class=\"d23-nd-body-blogging-article \">\n<div class=\"d23-nd-body-blogging-btm-line\"><\/div>\n<\/div>\n<\/div>\n<div id=\"parrafo_33\" class=\"d23-nd-body-blogging-container\">\n<div class=\"d23-nd-body-blogging-time-line\">\n<div class=\"d23-nd-body-blogging-figures\">\n<div class=\"d23-nd-body-blogging-figures-big-circle\">\n<div class=\"d23-nd-body-blogging-figures-sm-circle\"><\/div>\n<\/div>\n<\/div>\n<\/div>\n<div class=\"d23-nd-body-blogging-article \">\n<div class=\"d23-nd-body-blogging-btm-line\"><\/div>\n<\/div>\n<\/div>\n<div id=\"parrafo_34\" class=\"d23-nd-body-blogging-container\">\n<div class=\"d23-nd-body-blogging-article \">\n<p class=\"d23-paragraph\"><b>El himno <\/b><\/p>\n<\/div>\n<\/div>\n<div id=\"parrafo_35\" class=\"d23-nd-body-blogging-container\">\n<div class=\"d23-nd-body-blogging-article \">\n<p class=\"d23-paragraph\"><b>Los arqueros salieron a realizar la entrada en calor<\/b><\/p>\n<\/div>\n<div class=\"d23-nd-body-blogging-article \">\n<p class=\"d23-paragraph\">Franco Armani y Sergio Romero tiene un v\u00ednculo con la selecci\u00f3n argentina. Uno fue campe\u00f3n del mundo y el otro fue finalista en Brasil 2014. Los hinchas ovacionaron al ex Atl\u00e9tico Nacional y silbaron a Chiquito.<\/p>\n<\/div>\n<div class=\"d23-nd-body-blogging-article \">\n<div class=\"d23-nd-body-blogging-btm-line\"><\/div>\n<\/div>\n<\/div>\n<div id=\"parrafo_36\" class=\"d23-nd-body-blogging-container\">\n<div class=\"d23-nd-body-blogging-time-line\">\n<div class=\"d23-nd-body-blogging-figures\">\n<div class=\"d23-nd-body-blogging-figures-big-circle\">\n<div class=\"d23-nd-body-blogging-figures-sm-circle\"><\/div>\n<\/div>\n<\/div>\n<\/div>\n<div class=\"d23-nd-body-blogging-article \">\n<p class=\"d23-paragraph\"><b>El estadio est\u00e1 completo<\/b><\/p>\n<\/div>\n<div class=\"d23-nd-body-blogging-article \">\n<p class=\"d23-paragraph\">A menos de una hora para el comienzo del partido, las tribunas se encuentran desbordadas por los fan\u00e1ticos del Millonario.<\/p>\n<\/div>\n<\/div>\n<div id=\"parrafo_37\" class=\"d23-nd-body-blogging-container\">\n<div class=\"d23-nd-body-blogging-time-line\">\n<div class=\"d23-nd-body-blogging-figures\">\n<div class=\"d23-nd-body-blogging-figures-big-circle\">\n<div class=\"d23-nd-body-blogging-figures-sm-circle\"><\/div>\n<\/div>\n<\/div>\n<\/div>\n<div class=\"d23-nd-body-blogging-article \">\n<p class=\"d23-paragraph\"><b>Las planillas oficiales de los equipos.<\/b><\/p>\n<\/div>\n<\/div>\n<div id=\"parrafo_38\" class=\"d23-nd-body-blogging-container\">\n<div class=\"d23-nd-body-blogging-time-line\">\n<div class=\"d23-nd-body-blogging-figures\">\n<div class=\"d23-nd-body-blogging-figures-big-circle\">\n<div class=\"d23-nd-body-blogging-figures-sm-circle\"><\/div>\n<\/div>\n<\/div>\n<\/div>\n<div class=\"d23-nd-body-blogging-article \">\n<p class=\"d23-paragraph\"><b>Los 11 de Jorge Almir\u00f3n<\/b><\/p>\n<\/div>\n<div class=\"d23-nd-body-blogging-article \">\n<p class=\"d23-paragraph\">Boca se presentar\u00e1 con Sergio Romero, Facundo Roncaglia, Figal, Valentini, Adv\u00edncula, Guillermo Pol Fern\u00e1ndez, Varela, Medina, Barco, V\u00e1zquez y Sebasti\u00e1n Villa.<\/p>\n<\/div>\n<\/div>\n<div id=\"parrafo_39\" class=\"d23-nd-body-blogging-container\">\n<div class=\"d23-nd-body-blogging-time-line\">\n<div class=\"d23-nd-body-blogging-figures\">\n<div class=\"d23-nd-body-blogging-figures-big-circle\">\n<div class=\"d23-nd-body-blogging-figures-sm-circle\"><\/div>\n<\/div>\n<\/div>\n<\/div>\n<div class=\"d23-nd-body-blogging-article \">\n<p class=\"d23-paragraph\"><b>Mart\u00edn Demichelis confirm\u00f3 a los 11<\/b><\/p>\n<\/div>\n<div class=\"d23-nd-body-blogging-article \">\n<p class=\"d23-paragraph\">River saldr\u00e1 con Franco Armani, Milton Casco, Gonz\u00e1lez Pirez, Emmanuel Mammana, Enzo D\u00edaz, Enzo P\u00e9rez, Rodrigo Aliendro, Nicol\u00e1s De La Cruz, Nacho Fern\u00e1ndez, Esequiel Barco y Lucas Beltr\u00e1n.<\/p>\n<\/div>\n<\/div>\n<div id=\"parrafo_40\" class=\"d23-nd-body-blogging-container\">\n<div class=\"d23-nd-body-blogging-time-line\">\n<div class=\"d23-nd-body-blogging-figures\">\n<div class=\"d23-nd-body-blogging-figures-big-circle\">\n<div class=\"d23-nd-body-blogging-figures-sm-circle\"><\/div>\n<\/div>\n<\/div>\n<\/div>\n<div class=\"d23-nd-body-blogging-article \">\n<p class=\"d23-paragraph\"><b>La previa tiene cada vez m\u00e1s color<\/b><\/p>\n<\/div>\n<div class=\"d23-nd-body-blogging-article \">\n<p class=\"d23-paragraph\">Los hinchas preparan un impactante cotill\u00f3n para recibir a a los protagonistas. Todav\u00eda sigue ingresando p\u00fablico al Monumental, que contar\u00e1 con la presencia de m\u00e1s de 83.000 espectadores.<\/p>\n<\/div>\n<\/div>\n<div id=\"parrafo_42\" class=\"d23-nd-body-blogging-container\">\n<div class=\"d23-nd-body-blogging-time-line\">\n<div class=\"d23-nd-body-blogging-figures\">\n<div class=\"d23-nd-body-blogging-figures-big-circle\">\n<div class=\"d23-nd-body-blogging-figures-sm-circle\"><\/div>\n<\/div>\n<\/div>\n<\/div>\n<div class=\"d23-nd-body-blogging-article \">\n<p class=\"d23-paragraph\"><b>Chiquito Romero tendr\u00e1 su primer Supercl\u00e1sico<\/b><\/p>\n<\/div>\n<div class=\"d23-nd-body-blogging-article \">\n<p class=\"d23-paragraph\">\u201cEs un partido hermoso que se ve a nivel mundial\u201d, dijo el ex arquero de la Selecci\u00f3n. Y agreg\u00f3: \u201cNos dejaron trabajar tranquilos en la semana\u201d, debido a la remontada del Xeneize en sus \u00faltimos compromisos.<\/p>\n<\/div>\n<\/div>\n<div id=\"parrafo_43\" class=\"d23-nd-body-blogging-container\">\n<div class=\"d23-nd-body-blogging-article \"><\/div>\n<div class=\"d23-nd-body-blogging-article \">\n<div class=\"d23-nd-body-blogging-btm-line\"><\/div>\n<\/div>\n<\/div>\n<div id=\"parrafo_44\" class=\"d23-nd-body-blogging-container\">\n<div class=\"d23-nd-body-blogging-time-line\">\n<div class=\"d23-nd-body-blogging-time\"><span class=\"d23-nd-body-blogging-time-hour\"><span class=\"time\" title=\"1683485394941\">15:49<\/span>\u00a0hs<\/span><span class=\"d23-nd-body-blogging-time-date\"><span class=\"date\" title=\"1683485394941\">AYER<\/span><\/span><\/div>\n<div class=\"d23-nd-body-blogging-figures\">\n<div class=\"d23-nd-body-blogging-figures-big-circle\">\n<div class=\"d23-nd-body-blogging-figures-sm-circle\"><\/div>\n<\/div>\n<\/div>\n<\/div>\n<div class=\"d23-nd-body-blogging-article \">\n<p class=\"d23-paragraph\"><b>La referencia a Juli\u00e1n \u00c1lvarez y Lucas Pratto<\/b><\/p>\n<\/div>\n<div class=\"d23-nd-body-blogging-article \">\n<p class=\"d23-paragraph\">En las tribunas aparecieron Spiderman y el Oso, dos ex delanteros del Millonario que dejaron su huella en el Monumental.<\/p>\n<\/div>\n<\/div>\n<div id=\"parrafo_45\" class=\"d23-nd-body-blogging-container\">\n<div class=\"d23-nd-body-blogging-time-line\">\n<div class=\"d23-nd-body-blogging-figures\">\n<div class=\"d23-nd-body-blogging-figures-big-circle\">\n<div class=\"d23-nd-body-blogging-figures-sm-circle\"><\/div>\n<\/div>\n<\/div>\n<\/div>\n<div class=\"d23-nd-body-blogging-article \">\n<p class=\"d23-paragraph\"><b>Dar\u00edo Herrera sali\u00f3 a controlar el campo de juego<\/b><\/p>\n<\/div>\n<div class=\"d23-nd-body-blogging-article \">\n<p class=\"d23-paragraph\">El colegiado estar\u00e1 asistido por Juan Pablo Bellati y Pablo Gonz\u00e1lez, mientras que el cuarto \u00e1rbitro ser\u00e1 Yael Falc\u00f3n P\u00e9rez. En el VAR estar\u00e1 Silvio Trucco, que viene de supervisar a Sarmiento ante Godoy Cruz.<\/p>\n<\/div>\n<div class=\"d23-nd-body-blogging-article \">\n<p class=\"d23-paragraph\">Este ser\u00e1 el sexto Supercl\u00e1sico para Herrera: en los anteriores, River nunca anot\u00f3 cuando el juez imparti\u00f3 justicia ante Boca. El primero fue en la revancha de octavos de final de la Copa Libertadores 2015, cuando el duelo fue suspendido en La Bombonera por el ataque con gas pimienta a los jugadores del Millonario. Luego estuvo en dos enfrentamientos por el campeonato local: en el triunfo del Xeneize por 1 a 0 con gol de Nicol\u00e1s Lodeiro, del 13 de septiembre de 2015 en N\u00fa\u00f1ez; y en la igualdad 0-0 en el Alberto J Armando del 24 de abril de 2016. Y el \u00faltimo a\u00f1o dirigi\u00f3 en la victoria de Boca por 1 a 0 con el tanto de Sebasti\u00e1n Villa en el Monumental por la Copa de la Liga; y lo hizo nuevamente en la 18va. fecha de la Liga Profesional del 2022 que finaliz\u00f3 con el mismo resultado pero con un grito de Dar\u00edo Benedetto.<\/p>\n<\/div>\n<div class=\"d23-nd-body-blogging-article \">\n<div class=\"amp_visual_image \"><\/div>\n<div class=\"d23-nd-body-blogging-btm-line\"><\/div>\n<\/div>\n<\/div>\n<div id=\"parrafo_46\" class=\"d23-nd-body-blogging-container\">\n<div class=\"d23-nd-body-blogging-time-line\">\n<div class=\"d23-nd-body-blogging-figures\">\n<div class=\"d23-nd-body-blogging-figures-big-circle\">\n<div class=\"d23-nd-body-blogging-figures-sm-circle\"><\/div>\n<\/div>\n<\/div>\n<\/div>\n<div class=\"d23-nd-body-blogging-article \">\n<p class=\"d23-paragraph\"><b>Boca parte rumbo al Monumental<\/b><\/p>\n<\/div>\n<div class=\"d23-nd-body-blogging-article \">\n<p class=\"d23-paragraph\">La delegaci\u00f3n del Xeneize dej\u00f3 la concentraci\u00f3n para tomar el bus que viajar\u00e1 rumbo a N\u00fa\u00f1ez. Los jugadores se mostraron serenos y tranquilo.<\/p>\n<\/div>\n<\/div>\n<div id=\"parrafo_48\" class=\"d23-nd-body-blogging-container\">\n<div class=\"d23-nd-body-blogging-time-line\">\n<div class=\"d23-nd-body-blogging-figures\">\n<div class=\"d23-nd-body-blogging-figures-big-circle\">\n<div class=\"d23-nd-body-blogging-figures-sm-circle\"><\/div>\n<\/div>\n<\/div>\n<\/div>\n<div class=\"d23-nd-body-blogging-article \">\n<p class=\"d23-paragraph\"><b>As\u00ed est\u00e1 el vestuario de River<\/b><\/p>\n<\/div>\n<div class=\"d23-nd-body-blogging-article \">\n<p class=\"d23-paragraph\">El Millonario se presentar\u00e1 con la banda roja tradicional. De los \u00faltimos 10 duelos ante Boca por el campeonato dom\u00e9stico, el elenco de N\u00fa\u00f1ez s\u00f3lo ha podido ganar una vez.<\/p>\n<\/div>\n<\/div>\n<div id=\"parrafo_49\" class=\"d23-nd-body-blogging-container\">\n<div class=\"d23-nd-body-blogging-time-line\">\n<div class=\"d23-nd-body-blogging-figures\">\n<div class=\"d23-nd-body-blogging-figures-big-circle\">\n<div class=\"d23-nd-body-blogging-figures-sm-circle\"><\/div>\n<\/div>\n<\/div>\n<\/div>\n<div class=\"d23-nd-body-blogging-article \">\n<p class=\"d23-paragraph\"><b>Marcos Rojo acompa\u00f1ar\u00e1 a la delegaci\u00f3n de Boca<\/b><\/p>\n<\/div>\n<div class=\"d23-nd-body-blogging-article \">\n<p class=\"d23-paragraph\">El central lleg\u00f3 a la concentraci\u00f3n del Xeneize para estar junto a sus compa\u00f1eros en el Supercl\u00e1sico que se disputar\u00e1 en N\u00fa\u00f1ez.<\/p>\n<\/div>\n<\/div>\n<div id=\"parrafo_50\" class=\"d23-nd-body-blogging-container\">\n<div class=\"d23-nd-body-blogging-time-line\">\n<div class=\"d23-nd-body-blogging-figures\">\n<div class=\"d23-nd-body-blogging-figures-big-circle\">\n<div class=\"d23-nd-body-blogging-figures-sm-circle\"><\/div>\n<\/div>\n<\/div>\n<\/div>\n<div class=\"d23-nd-body-blogging-article \">\n<p class=\"d23-paragraph\"><b>El campe\u00f3n del mundo que seguir\u00e1 el Supercl\u00e1sico a la distancia<\/b><\/p>\n<\/div>\n<div class=\"d23-nd-body-blogging-article \">\n<p class=\"d23-paragraph\">Gonzalo Montiel vivir\u00e1 el duelo entre River y Boca desde Espa\u00f1a. El jugador del Sevilla seguir\u00e1 las acciones junto a su pareja en Andaluc\u00eda.<\/p>\n<\/div>\n<\/div>\n<div id=\"parrafo_51\" class=\"d23-nd-body-blogging-container\">\n<div class=\"d23-nd-body-blogging-time-line\">\n<div class=\"d23-nd-body-blogging-figures\">\n<div class=\"d23-nd-body-blogging-figures-big-circle\">\n<div class=\"d23-nd-body-blogging-figures-sm-circle\"><\/div>\n<\/div>\n<\/div>\n<\/div>\n<div class=\"d23-nd-body-blogging-article \">\n<p class=\"d23-paragraph\"><b>Los fan\u00e1ticos hicieron una caravana para llegar al Monumental<\/b><\/p>\n<\/div>\n<div class=\"d23-nd-body-blogging-article \">\n<p class=\"d23-paragraph\">Poco antes del mediod\u00eda se observ\u00f3 la presencia de hinchas de River por las inmediaciones del Monumental y a partir de las 13 se hizo m\u00e1s concurrida con un desfile de camisetas millonarias por las avenidas Libertador y Figueroa Alcorta, bajo un d\u00eda soleado despu\u00e9s de la lluvia en el \u00faltimo tramo de la semana.<\/p>\n<\/div>\n<\/div>\n<div id=\"parrafo_52\" class=\"d23-nd-body-blogging-container\">\n<div class=\"d23-nd-body-blogging-time-line\">\n<div class=\"d23-nd-body-blogging-figures\">\n<div class=\"d23-nd-body-blogging-figures-big-circle\">\n<div class=\"d23-nd-body-blogging-figures-sm-circle\"><\/div>\n<\/div>\n<\/div>\n<\/div>\n<div class=\"d23-nd-body-blogging-article \">\n<p class=\"d23-paragraph\"><b>Los accesos<\/b><\/p>\n<\/div>\n<div class=\"d23-nd-body-blogging-article \">\n<p class=\"d23-paragraph\">A varias cuadras de las puertas del estadio se instalaron molinetes perimetrales, en donde se hace una primera validaci\u00f3n electr\u00f3nica del\u00a0<i>Carnet \u00danico<\/i>, la entrada o el DNI (para aquellos que eligieron esta opci\u00f3n en\u00a0<i>RiverID<\/i>) para constatar que su portador cumpla con los requisitos para ingresar.<\/p>\n<\/div>\n<\/div>\n<div id=\"parrafo_58\" class=\"d23-nd-body-blogging-container\">\n<div class=\"d23-nd-body-blogging-time-line\">\n<div class=\"d23-nd-body-blogging-figures\">\n<div class=\"d23-nd-body-blogging-figures-big-circle\">\n<div class=\"d23-nd-body-blogging-figures-sm-circle\"><\/div>\n<\/div>\n<\/div>\n<\/div>\n<div class=\"d23-nd-body-blogging-article \">\n<p class=\"d23-paragraph\"><b>La lista de citados por Mart\u00edn Demichelis para enfrentar a Boca Juniors:<\/b><\/p>\n<\/div>\n<div class=\"d23-nd-body-blogging-article \">\n<p class=\"d23-paragraph\">Tras varios meses luego de la lesi\u00f3n que lo margin\u00f3, el DT del Millonario convoc\u00f3 a\u00a0<b>Mat\u00edas Kranevitter<\/b>, un hist\u00f3rico que regres\u00f3 al conjunto de N\u00fa\u00f1ez para la presente temporada.<\/p>\n<\/div>\n<div class=\"d23-nd-body-blogging-article \">\n<div class=\"amp_visual_image \">La lista de convocados por Demichelis<\/div>\n<\/div>\n<\/div>\n<div id=\"parrafo_59\" class=\"d23-nd-body-blogging-container\">\n<div class=\"d23-nd-body-blogging-time-line\">\n<div class=\"d23-nd-body-blogging-figures\">\n<div class=\"d23-nd-body-blogging-figures-big-circle\">\n<div class=\"d23-nd-body-blogging-figures-sm-circle\"><\/div>\n<\/div>\n<\/div>\n<\/div>\n<div class=\"d23-nd-body-blogging-article \">\n<p class=\"d23-paragraph\"><b>Posibles formaciones:<\/b><\/p>\n<\/div>\n<div class=\"d23-nd-body-blogging-article \">\n<p class=\"d23-paragraph\"><b>River Plate<\/b>: Franco Armani; Milton Casco, Leandro Gonz\u00e1lez Pirez, Paulo D\u00edaz o Emanuel Mammana, Enzo D\u00edaz; Rodrigo Aliendro, Enzo P\u00e9rez; Nacho Fern\u00e1ndez, Nicol\u00e1s de la Cruz o Pablo Solari, Esequiel Barco; Lucas Beltr\u00e1n. DT: Mart\u00edn Demichelis.<\/p>\n<\/div>\n<div class=\"d23-nd-body-blogging-article \">\n<p class=\"d23-paragraph\"><b>Boca Juniors<\/b>: Sergio Romero; Facundo Roncaglia, Nicol\u00e1s Figal, Nicol\u00e1s Valentini; Luis Adv\u00edncula, Pol Fern\u00e1ndez, Alan Varela, Cristian Medina, Valent\u00edn Barco; Sebasti\u00e1n Villa y Luis V\u00e1zquez. DT: Jorge Almir\u00f3n.<\/p>\n<\/div>\n<div class=\"d23-nd-body-blogging-article \">\n<div class=\"amp_visual_image \">Luis Adv\u00edncula y Esequiel Barco, dos que ser\u00e1n titulares en la cancha de River.<\/div>\n<div class=\"d23-nd-body-blogging-btm-line\"><\/div>\n<\/div>\n<\/div>\n<div id=\"parrafo_60\" class=\"d23-nd-body-blogging-container\">\n<div class=\"d23-nd-body-blogging-article \">\n<div class=\"d23-nd-body-blogging-btm-line\"><\/div>\n<\/div>\n<\/div>\n<\/div>\n<\/div>\n","protected":false},"excerpt":{"rendered":"<p>En un clasico mas que polemico y con un penal para la duda River logr\u00f3 quedarse para el supercl\u00e1sico.<\/p>\n","protected":false},"author":3,"featured_media":8841,"comment_status":"open","ping_status":"open","sticky":false,"template":"","format":"standard","meta":{"_jetpack_memberships_contains_paid_content":false,"footnotes":""},"categories":[15,17],"tags":[],"class_list":["post-8839","post","type-post","status-publish","format-standard","has-post-thumbnail","hentry","category-deporte","category-nacional"],"jetpack_featured_media_url":"https:\/\/comunicartesanluis.com\/v1\/wp-content\/uploads\/2023\/05\/32FRUYZBNRA7CKX6USYSLE25CY.jpg","jetpack_sharing_enabled":true,"_links":{"self":[{"href":"https:\/\/comunicartesanluis.com\/index.php\/wp-json\/wp\/v2\/posts\/8839","targetHints":{"allow":["GET"]}}],"collection":[{"href":"https:\/\/comunicartesanluis.com\/index.php\/wp-json\/wp\/v2\/posts"}],"about":[{"href":"https:\/\/comunicartesanluis.com\/index.php\/wp-json\/wp\/v2\/types\/post"}],"author":[{"embeddable":true,"href":"https:\/\/comunicartesanluis.com\/index.php\/wp-json\/wp\/v2\/users\/3"}],"replies":[{"embeddable":true,"href":"https:\/\/comunicartesanluis.com\/index.php\/wp-json\/wp\/v2\/comments?post=8839"}],"version-history":[{"count":1,"href":"https:\/\/comunicartesanluis.com\/index.php\/wp-json\/wp\/v2\/posts\/8839\/revisions"}],"predecessor-version":[{"id":8842,"href":"https:\/\/comunicartesanluis.com\/index.php\/wp-json\/wp\/v2\/posts\/8839\/revisions\/8842"}],"wp:featuredmedia":[{"embeddable":true,"href":"https:\/\/comunicartesanluis.com\/index.php\/wp-json\/wp\/v2\/media\/8841"}],"wp:attachment":[{"href":"https:\/\/comunicartesanluis.com\/index.php\/wp-json\/wp\/v2\/media?parent=8839"}],"wp:term":[{"taxonomy":"category","embeddable":true,"href":"https:\/\/comunicartesanluis.com\/index.php\/wp-json\/wp\/v2\/categories?post=8839"},{"taxonomy":"post_tag","embeddable":true,"href":"https:\/\/comunicartesanluis.com\/index.php\/wp-json\/wp\/v2\/tags?post=8839"}],"curies":[{"name":"wp","href":"https:\/\/api.w.org\/{rel}","templated":true}]}}