{"id":8847,"date":"2023-05-08T14:26:14","date_gmt":"2023-05-08T17:26:14","guid":{"rendered":"https:\/\/comunicartesanluis.com\/?p=8847"},"modified":"2023-05-08T14:33:16","modified_gmt":"2023-05-08T17:33:16","slug":"a-15-anos-de-la-noche-mas-emblematica-de-san-lorenzo","status":"publish","type":"post","link":"https:\/\/comunicartesanluis.com\/index.php\/2023\/05\/08\/a-15-anos-de-la-noche-mas-emblematica-de-san-lorenzo\/","title":{"rendered":"A 15 a\u00f1os de la noche m\u00e1s emblem\u00e1tica de San Lorenzo"},"content":{"rendered":"<p>Fue un d\u00eda como hoy en 2008, San Lorenzo hizo historia luego de su heroica reacci\u00f3n frente a River en el estadio Monumental, en el partido de vuelta de los octavos de final de la Copa Libertadores de Am\u00e9rica (la ida hab\u00eda sido con triunfo para CASLA por 2-1 en el Nuevo Gas\u00f3metro.<\/p>\n<p>En el partido por la revancha, el Cicl\u00f3n dirigido por Ram\u00f3n D\u00edaz perd\u00eda 0-2 y se qued\u00f3 con dos jugadores menos, por las expulsiones de Jonathan Bottinelli y el \u00abBurrito\u00bb Diego Rivero. Pero una impredecible actuaci\u00f3n de Andr\u00e9s D&#8217;Alessandro, San Lorenzo lleg\u00f3 al empate y logr\u00f3 la clasificaci\u00f3n a cuartos de final, gracias a dos tantos de Gonzalo Bergessio.<\/p>\n<p>Fue una noche para el recuerdo para ambos equipos, tanto para El Cicl\u00f3n como para los millonarios, ya que, pocos partidos golpearon tan duro como ese empate 2-2.<\/p>\n<p>Fue un partido excepcional disputado entre dos equipos argentinos en el certamen continental. Aunque solo eran los octavos, el p\u00fablico lo vivi\u00f3 como una final.<\/p>\n<p>Se vivi\u00f3 como una final, aunque apenas eran los octavos. Como si los ingredientes para aquella serie fueran pocos, la presencia de Ram\u00f3n D\u00edaz y Andr\u00e9s D&#8217;Alessandro vestidos de azulgrana, mientras Sebasti\u00e1n Abreu llevaba la banda roja, sumaban a\u00fan m\u00e1s pica.<\/p>\n<p>M\u00e1s all\u00e1 de haber ganado el t\u00edtulo continental en el 2015, o de haber registrado otras tremendas ca\u00eddas ante Lan\u00fas en el 2017 y ante Flamengo en el 2019, nadie puede olvidarse lo ocurrido ese &#8216;8M&#8217;<\/p>\n","protected":false},"excerpt":{"rendered":"<p>El \u00abCicl\u00f3n\u00bb tuvo una heroica reacci\u00f3n frente al millonario, en el estadio Monumental, en el partido de vuelta de los octavos de final de la Copa Libertadores de Am\u00e9rica (la ida hab\u00eda sido con triunfo para CASLA por 2-1 en el Nuevo Gas\u00f3metro).<\/p>\n","protected":false},"author":5,"featured_media":8851,"comment_status":"open","ping_status":"open","sticky":false,"template":"","format":"standard","meta":{"_jetpack_memberships_contains_paid_content":false,"footnotes":""},"categories":[1],"tags":[],"class_list":["post-8847","post","type-post","status-publish","format-standard","has-post-thumbnail","hentry","category-sin-categoria"],"jetpack_featured_media_url":"https:\/\/comunicartesanluis.com\/v1\/wp-content\/uploads\/2023\/05\/foto-san-lorenzo-1.jpg","jetpack_sharing_enabled":true,"_links":{"self":[{"href":"https:\/\/comunicartesanluis.com\/index.php\/wp-json\/wp\/v2\/posts\/8847","targetHints":{"allow":["GET"]}}],"collection":[{"href":"https:\/\/comunicartesanluis.com\/index.php\/wp-json\/wp\/v2\/posts"}],"about":[{"href":"https:\/\/comunicartesanluis.com\/index.php\/wp-json\/wp\/v2\/types\/post"}],"author":[{"embeddable":true,"href":"https:\/\/comunicartesanluis.com\/index.php\/wp-json\/wp\/v2\/users\/5"}],"replies":[{"embeddable":true,"href":"https:\/\/comunicartesanluis.com\/index.php\/wp-json\/wp\/v2\/comments?post=8847"}],"version-history":[{"count":1,"href":"https:\/\/comunicartesanluis.com\/index.php\/wp-json\/wp\/v2\/posts\/8847\/revisions"}],"predecessor-version":[{"id":8849,"href":"https:\/\/comunicartesanluis.com\/index.php\/wp-json\/wp\/v2\/posts\/8847\/revisions\/8849"}],"wp:featuredmedia":[{"embeddable":true,"href":"https:\/\/comunicartesanluis.com\/index.php\/wp-json\/wp\/v2\/media\/8851"}],"wp:attachment":[{"href":"https:\/\/comunicartesanluis.com\/index.php\/wp-json\/wp\/v2\/media?parent=8847"}],"wp:term":[{"taxonomy":"category","embeddable":true,"href":"https:\/\/comunicartesanluis.com\/index.php\/wp-json\/wp\/v2\/categories?post=8847"},{"taxonomy":"post_tag","embeddable":true,"href":"https:\/\/comunicartesanluis.com\/index.php\/wp-json\/wp\/v2\/tags?post=8847"}],"curies":[{"name":"wp","href":"https:\/\/api.w.org\/{rel}","templated":true}]}}