{"id":8857,"date":"2023-05-08T14:37:41","date_gmt":"2023-05-08T17:37:41","guid":{"rendered":"https:\/\/comunicartesanluis.com\/?p=8857"},"modified":"2023-05-08T14:37:41","modified_gmt":"2023-05-08T17:37:41","slug":"emocion-y-alegria-en-san-luis","status":"publish","type":"post","link":"https:\/\/comunicartesanluis.com\/index.php\/2023\/05\/08\/emocion-y-alegria-en-san-luis\/","title":{"rendered":"\u00a1Emoci\u00f3n y alegr\u00eda en San Luis!"},"content":{"rendered":"<p>Con una emotiva despedida en el Cine Teatro San Luis, los deportistas se subieron a los colectivos llenos de ilusi\u00f3n y compromiso para representar a la provincia en esta importante competici\u00f3n.<\/p>\n<p>Los Juegos Binacionales se realizar\u00e1n en la Regi\u00f3n de Valpara\u00edso, Chile, y comenzar\u00e1n el pr\u00f3ximo lunes. Este evento deportivo es una gran oportunidad para que j\u00f3venes de distintas provincias de Argentina y Chile compitan en diferentes disciplinas, fortalezcan lazos de amistad y fomenten el deporte y la vida saludable.<\/p>\n<p><img decoding=\"async\" class=\"aligncenter wp-image-8862 size-full\" src=\"https:\/\/comunicartesanluis.com\/v1\/wp-content\/uploads\/2023\/05\/344889572_1335418017358491_2240278530458049378_n.jpg\" alt=\"\" width=\"640\" height=\"427\" srcset=\"https:\/\/comunicartesanluis.com\/v1\/wp-content\/uploads\/2023\/05\/344889572_1335418017358491_2240278530458049378_n-200x133.jpg 200w, https:\/\/comunicartesanluis.com\/v1\/wp-content\/uploads\/2023\/05\/344889572_1335418017358491_2240278530458049378_n-300x200.jpg 300w, https:\/\/comunicartesanluis.com\/v1\/wp-content\/uploads\/2023\/05\/344889572_1335418017358491_2240278530458049378_n-400x267.jpg 400w, https:\/\/comunicartesanluis.com\/v1\/wp-content\/uploads\/2023\/05\/344889572_1335418017358491_2240278530458049378_n-600x400.jpg 600w, https:\/\/comunicartesanluis.com\/v1\/wp-content\/uploads\/2023\/05\/344889572_1335418017358491_2240278530458049378_n.jpg 640w\" sizes=\"(max-width: 640px) 100vw, 640px\" \/><\/p>\n<p>La delegaci\u00f3n puntana est\u00e1 compuesta por m\u00e1s de 200 deportistas que competir\u00e1n en disciplinas como atletismo, b\u00e1squetbol, f\u00fatbol, handball, judo, nataci\u00f3n, taekwondo y v\u00f3ley, entre otras. Los chicos y chicas se han preparado intensamente para este desaf\u00edo y est\u00e1n dispuestos a dejar todo en la cancha.<\/p>\n<p><img decoding=\"async\" class=\"aligncenter wp-image-8863 size-full\" src=\"https:\/\/comunicartesanluis.com\/v1\/wp-content\/uploads\/2023\/05\/344902630_612650103865102_4108576354010197995_n.jpg\" alt=\"\" width=\"640\" height=\"427\" srcset=\"https:\/\/comunicartesanluis.com\/v1\/wp-content\/uploads\/2023\/05\/344902630_612650103865102_4108576354010197995_n-200x133.jpg 200w, https:\/\/comunicartesanluis.com\/v1\/wp-content\/uploads\/2023\/05\/344902630_612650103865102_4108576354010197995_n-300x200.jpg 300w, https:\/\/comunicartesanluis.com\/v1\/wp-content\/uploads\/2023\/05\/344902630_612650103865102_4108576354010197995_n-400x267.jpg 400w, https:\/\/comunicartesanluis.com\/v1\/wp-content\/uploads\/2023\/05\/344902630_612650103865102_4108576354010197995_n-600x400.jpg 600w, https:\/\/comunicartesanluis.com\/v1\/wp-content\/uploads\/2023\/05\/344902630_612650103865102_4108576354010197995_n.jpg 640w\" sizes=\"(max-width: 640px) 100vw, 640px\" \/><\/p>\n<p>El objetivo de San Luis es superar la actuaci\u00f3n del a\u00f1o pasado, en la que logr\u00f3 un total de 91 medallas (29 de oro, 29 de plata y 33 de bronce) y se ubic\u00f3 en el cuarto lugar del medallero general. Para ello, el equipo contar\u00e1 con el aliento y el apoyo de toda la provincia.<\/p>\n<p><img decoding=\"async\" class=\"aligncenter wp-image-8861 size-full\" src=\"https:\/\/comunicartesanluis.com\/v1\/wp-content\/uploads\/2023\/05\/344886833_956371288821272_6342591996909559336_n.jpg\" alt=\"\" width=\"640\" height=\"427\" srcset=\"https:\/\/comunicartesanluis.com\/v1\/wp-content\/uploads\/2023\/05\/344886833_956371288821272_6342591996909559336_n-200x133.jpg 200w, https:\/\/comunicartesanluis.com\/v1\/wp-content\/uploads\/2023\/05\/344886833_956371288821272_6342591996909559336_n-300x200.jpg 300w, https:\/\/comunicartesanluis.com\/v1\/wp-content\/uploads\/2023\/05\/344886833_956371288821272_6342591996909559336_n-400x267.jpg 400w, https:\/\/comunicartesanluis.com\/v1\/wp-content\/uploads\/2023\/05\/344886833_956371288821272_6342591996909559336_n-600x400.jpg 600w, https:\/\/comunicartesanluis.com\/v1\/wp-content\/uploads\/2023\/05\/344886833_956371288821272_6342591996909559336_n.jpg 640w\" sizes=\"(max-width: 640px) 100vw, 640px\" \/><\/p>\n<p>\u00a1Vamos San Luis! La comunidad deportiva de la provincia est\u00e1 orgullosa y confiada en que los j\u00f3venes deportistas dar\u00e1n lo mejor de s\u00ed para representar a la provincia de la mejor manera posible. Les deseamos mucha suerte y \u00e9xitos en estos 25\u00b0 Juegos Binacionales.<\/p>\n","protected":false},"excerpt":{"rendered":"<p>La delegaci\u00f3n puntana parti\u00f3 rumbo a Valpara\u00edso para participar de los 25\u00b0 Juegos Binacionales.<\/p>\n","protected":false},"author":3,"featured_media":8864,"comment_status":"open","ping_status":"open","sticky":false,"template":"","format":"standard","meta":{"_jetpack_memberships_contains_paid_content":false,"footnotes":""},"categories":[15,17],"tags":[],"class_list":["post-8857","post","type-post","status-publish","format-standard","has-post-thumbnail","hentry","category-deporte","category-nacional"],"jetpack_featured_media_url":"https:\/\/comunicartesanluis.com\/v1\/wp-content\/uploads\/2023\/05\/345016700_1011824466912383_552789990566738564_n.jpg","jetpack_sharing_enabled":true,"_links":{"self":[{"href":"https:\/\/comunicartesanluis.com\/index.php\/wp-json\/wp\/v2\/posts\/8857","targetHints":{"allow":["GET"]}}],"collection":[{"href":"https:\/\/comunicartesanluis.com\/index.php\/wp-json\/wp\/v2\/posts"}],"about":[{"href":"https:\/\/comunicartesanluis.com\/index.php\/wp-json\/wp\/v2\/types\/post"}],"author":[{"embeddable":true,"href":"https:\/\/comunicartesanluis.com\/index.php\/wp-json\/wp\/v2\/users\/3"}],"replies":[{"embeddable":true,"href":"https:\/\/comunicartesanluis.com\/index.php\/wp-json\/wp\/v2\/comments?post=8857"}],"version-history":[{"count":1,"href":"https:\/\/comunicartesanluis.com\/index.php\/wp-json\/wp\/v2\/posts\/8857\/revisions"}],"predecessor-version":[{"id":8865,"href":"https:\/\/comunicartesanluis.com\/index.php\/wp-json\/wp\/v2\/posts\/8857\/revisions\/8865"}],"wp:featuredmedia":[{"embeddable":true,"href":"https:\/\/comunicartesanluis.com\/index.php\/wp-json\/wp\/v2\/media\/8864"}],"wp:attachment":[{"href":"https:\/\/comunicartesanluis.com\/index.php\/wp-json\/wp\/v2\/media?parent=8857"}],"wp:term":[{"taxonomy":"category","embeddable":true,"href":"https:\/\/comunicartesanluis.com\/index.php\/wp-json\/wp\/v2\/categories?post=8857"},{"taxonomy":"post_tag","embeddable":true,"href":"https:\/\/comunicartesanluis.com\/index.php\/wp-json\/wp\/v2\/tags?post=8857"}],"curies":[{"name":"wp","href":"https:\/\/api.w.org\/{rel}","templated":true}]}}