{"id":8866,"date":"2023-05-08T15:16:58","date_gmt":"2023-05-08T18:16:58","guid":{"rendered":"https:\/\/comunicartesanluis.com\/?p=8866"},"modified":"2023-05-08T15:16:58","modified_gmt":"2023-05-08T18:16:58","slug":"cerro-de-oro-y-un-sueno-cumplido","status":"publish","type":"post","link":"https:\/\/comunicartesanluis.com\/index.php\/2023\/05\/08\/cerro-de-oro-y-un-sueno-cumplido\/","title":{"rendered":"Cerro de Oro y un sue\u00f1o cumplido"},"content":{"rendered":"<p>El evento cont\u00f3 con la presencia de destacadas figuras pol\u00edticas, como el senador Claudio Poggi y el intendente Juan Alvarez Pinto, quienes participaron de la celebraci\u00f3n junto a los vecinos y ni\u00f1os del barrio.<\/p>\n<p>El nuevo play\u00f3n deportivo es un espacio multiuso equipado con canchas de f\u00fatbol, b\u00e1squet, v\u00f3ley y tenis, as\u00ed como una plaza saludable y una moderna iluminaci\u00f3n que permitir\u00e1 la pr\u00e1ctica deportiva en horarios nocturnos.<\/p>\n<p><img decoding=\"async\" class=\"aligncenter wp-image-8869 size-full\" src=\"https:\/\/comunicartesanluis.com\/v1\/wp-content\/uploads\/2023\/05\/WhatsApp-Image-2023-05-06-at-19.04.33.jpeg\" alt=\"\" width=\"960\" height=\"1280\" srcset=\"https:\/\/comunicartesanluis.com\/v1\/wp-content\/uploads\/2023\/05\/WhatsApp-Image-2023-05-06-at-19.04.33-200x267.jpeg 200w, https:\/\/comunicartesanluis.com\/v1\/wp-content\/uploads\/2023\/05\/WhatsApp-Image-2023-05-06-at-19.04.33-225x300.jpeg 225w, https:\/\/comunicartesanluis.com\/v1\/wp-content\/uploads\/2023\/05\/WhatsApp-Image-2023-05-06-at-19.04.33-400x533.jpeg 400w, https:\/\/comunicartesanluis.com\/v1\/wp-content\/uploads\/2023\/05\/WhatsApp-Image-2023-05-06-at-19.04.33-600x800.jpeg 600w, https:\/\/comunicartesanluis.com\/v1\/wp-content\/uploads\/2023\/05\/WhatsApp-Image-2023-05-06-at-19.04.33-768x1024.jpeg 768w, https:\/\/comunicartesanluis.com\/v1\/wp-content\/uploads\/2023\/05\/WhatsApp-Image-2023-05-06-at-19.04.33-800x1067.jpeg 800w, https:\/\/comunicartesanluis.com\/v1\/wp-content\/uploads\/2023\/05\/WhatsApp-Image-2023-05-06-at-19.04.33.jpeg 960w\" sizes=\"(max-width: 960px) 100vw, 960px\" \/><\/p>\n<p>Adem\u00e1s, se entregaron materiales deportivos para fomentar el deporte en la comunidad. Los vecinos expresaron su alegr\u00eda y gratitud por contar con este espacio en el barrio, que permite el encuentro y la pr\u00e1ctica de actividades f\u00edsicas y deportivas en un entorno seguro y saludable.<\/p>\n<p><img decoding=\"async\" class=\"aligncenter wp-image-8868 size-full\" src=\"https:\/\/comunicartesanluis.com\/v1\/wp-content\/uploads\/2023\/05\/WhatsApp-Image-2023-05-06-at-19.04.39.jpeg\" alt=\"\" width=\"1280\" height=\"960\" srcset=\"https:\/\/comunicartesanluis.com\/v1\/wp-content\/uploads\/2023\/05\/WhatsApp-Image-2023-05-06-at-19.04.39-200x150.jpeg 200w, https:\/\/comunicartesanluis.com\/v1\/wp-content\/uploads\/2023\/05\/WhatsApp-Image-2023-05-06-at-19.04.39-300x225.jpeg 300w, https:\/\/comunicartesanluis.com\/v1\/wp-content\/uploads\/2023\/05\/WhatsApp-Image-2023-05-06-at-19.04.39-400x300.jpeg 400w, https:\/\/comunicartesanluis.com\/v1\/wp-content\/uploads\/2023\/05\/WhatsApp-Image-2023-05-06-at-19.04.39-600x450.jpeg 600w, https:\/\/comunicartesanluis.com\/v1\/wp-content\/uploads\/2023\/05\/WhatsApp-Image-2023-05-06-at-19.04.39-768x576.jpeg 768w, https:\/\/comunicartesanluis.com\/v1\/wp-content\/uploads\/2023\/05\/WhatsApp-Image-2023-05-06-at-19.04.39-800x600.jpeg 800w, https:\/\/comunicartesanluis.com\/v1\/wp-content\/uploads\/2023\/05\/WhatsApp-Image-2023-05-06-at-19.04.39-1024x768.jpeg 1024w, https:\/\/comunicartesanluis.com\/v1\/wp-content\/uploads\/2023\/05\/WhatsApp-Image-2023-05-06-at-19.04.39-1200x900.jpeg 1200w, https:\/\/comunicartesanluis.com\/v1\/wp-content\/uploads\/2023\/05\/WhatsApp-Image-2023-05-06-at-19.04.39.jpeg 1280w\" sizes=\"(max-width: 1280px) 100vw, 1280px\" \/><\/p>\n<p>La inauguraci\u00f3n fue una fiesta para toda la comunidad y demuestra el compromiso de las autoridades por el deporte y la recreaci\u00f3n en San Luis. \u00a1Felicitaciones a todos los responsables por hacer posible este sue\u00f1o!<\/p>\n<p style=\"text-align: center;\"><em>\u00abEstamos muy contentos de contar con este espacio para la pr\u00e1ctica deportiva y el esparcimiento en el barrio. Esto demuestra que cuando se trabaja en equipo, se pueden lograr grandes cosas\u00bb, afirm\u00f3 <strong>Juan Alvarez Pinto<\/strong>, intendente de Merlo.<\/em><\/p>\n<div style=\"width: 848px;\" class=\"wp-video\"><video class=\"wp-video-shortcode\" id=\"video-8866-1\" width=\"848\" height=\"480\" preload=\"metadata\" controls=\"controls\"><source type=\"video\/mp4\" src=\"https:\/\/comunicartesanluis.com\/v1\/wp-content\/uploads\/2023\/05\/WhatsApp-Video-2023-05-06-at-21.02.13.mp4?_=1\" \/><a href=\"https:\/\/comunicartesanluis.com\/v1\/wp-content\/uploads\/2023\/05\/WhatsApp-Video-2023-05-06-at-21.02.13.mp4\">https:\/\/comunicartesanluis.com\/v1\/wp-content\/uploads\/2023\/05\/WhatsApp-Video-2023-05-06-at-21.02.13.mp4<\/a><\/video><\/div>\n<p style=\"text-align: center;\"><em>\u00abEs una gran alegr\u00eda para nosotros poder disfrutar de este play\u00f3n deportivo en el barrio. Ahora los ni\u00f1os y j\u00f3venes tendr\u00e1n un lugar donde jugar y hacer deporte, y nosotros como padres nos sentimos tranquilos de saber que est\u00e1n en un ambiente seguro y saludable\u00bb, dijo <strong>Mar\u00eda Mu\u00f1oz<\/strong>, vecina del barrio.<\/em><\/p>\n<div style=\"width: 640px;\" class=\"wp-video\"><video class=\"wp-video-shortcode\" id=\"video-8866-2\" width=\"640\" height=\"352\" preload=\"metadata\" controls=\"controls\"><source type=\"video\/mp4\" src=\"https:\/\/comunicartesanluis.com\/v1\/wp-content\/uploads\/2023\/05\/WhatsApp-Video-2023-05-06-at-19.04.37-1.mp4?_=2\" \/><a href=\"https:\/\/comunicartesanluis.com\/v1\/wp-content\/uploads\/2023\/05\/WhatsApp-Video-2023-05-06-at-19.04.37-1.mp4\">https:\/\/comunicartesanluis.com\/v1\/wp-content\/uploads\/2023\/05\/WhatsApp-Video-2023-05-06-at-19.04.37-1.mp4<\/a><\/video><\/div>\n<p style=\"text-align: center;\"><em>\u00abEste es un gran logro para la comunidad de Cerro de Oro y un ejemplo para otros barrios que tambi\u00e9n necesitan espacios deportivos y recreativos. Felicito a las autoridades por su compromiso con el deporte y la salud de la poblaci\u00f3n\u00bb, destac\u00f3 el senador <strong>Claudio Poggi<\/strong>.<\/em><\/p>\n","protected":false},"excerpt":{"rendered":"<p>Los vecinos de Cerro de Oro, vivieron una jornada inolvidable ayer con la inauguraci\u00f3n del play\u00f3n deportivo en el barrio.<\/p>\n","protected":false},"author":3,"featured_media":8867,"comment_status":"open","ping_status":"open","sticky":false,"template":"","format":"standard","meta":{"_jetpack_memberships_contains_paid_content":false,"footnotes":""},"categories":[15,16],"tags":[759],"class_list":["post-8866","post","type-post","status-publish","format-standard","has-post-thumbnail","hentry","category-deporte","category-local","tag-cerrodeoro-deporteparatodos-espaciosdeportivos-comunidadactiva"],"jetpack_featured_media_url":"https:\/\/comunicartesanluis.com\/v1\/wp-content\/uploads\/2023\/05\/WhatsApp-Image-2023-05-06-at-19.04.32.jpeg","jetpack_sharing_enabled":true,"_links":{"self":[{"href":"https:\/\/comunicartesanluis.com\/index.php\/wp-json\/wp\/v2\/posts\/8866","targetHints":{"allow":["GET"]}}],"collection":[{"href":"https:\/\/comunicartesanluis.com\/index.php\/wp-json\/wp\/v2\/posts"}],"about":[{"href":"https:\/\/comunicartesanluis.com\/index.php\/wp-json\/wp\/v2\/types\/post"}],"author":[{"embeddable":true,"href":"https:\/\/comunicartesanluis.com\/index.php\/wp-json\/wp\/v2\/users\/3"}],"replies":[{"embeddable":true,"href":"https:\/\/comunicartesanluis.com\/index.php\/wp-json\/wp\/v2\/comments?post=8866"}],"version-history":[{"count":1,"href":"https:\/\/comunicartesanluis.com\/index.php\/wp-json\/wp\/v2\/posts\/8866\/revisions"}],"predecessor-version":[{"id":8872,"href":"https:\/\/comunicartesanluis.com\/index.php\/wp-json\/wp\/v2\/posts\/8866\/revisions\/8872"}],"wp:featuredmedia":[{"embeddable":true,"href":"https:\/\/comunicartesanluis.com\/index.php\/wp-json\/wp\/v2\/media\/8867"}],"wp:attachment":[{"href":"https:\/\/comunicartesanluis.com\/index.php\/wp-json\/wp\/v2\/media?parent=8866"}],"wp:term":[{"taxonomy":"category","embeddable":true,"href":"https:\/\/comunicartesanluis.com\/index.php\/wp-json\/wp\/v2\/categories?post=8866"},{"taxonomy":"post_tag","embeddable":true,"href":"https:\/\/comunicartesanluis.com\/index.php\/wp-json\/wp\/v2\/tags?post=8866"}],"curies":[{"name":"wp","href":"https:\/\/api.w.org\/{rel}","templated":true}]}}