{"id":8876,"date":"2023-05-09T15:45:27","date_gmt":"2023-05-09T18:45:27","guid":{"rendered":"https:\/\/comunicartesanluis.com\/?p=8876"},"modified":"2023-05-09T15:45:27","modified_gmt":"2023-05-09T18:45:27","slug":"pararon-a-dario-herrera-por-su-actuacion-en-el-clasico","status":"publish","type":"post","link":"https:\/\/comunicartesanluis.com\/index.php\/2023\/05\/09\/pararon-a-dario-herrera-por-su-actuacion-en-el-clasico\/","title":{"rendered":"Pararon a Dar\u00edo Herrera por su actuaci\u00f3n en el cl\u00e1sico"},"content":{"rendered":"<div class=\"custom-text \">\n<p>Sin embargo, a\u00fan no se han anunciado los encargados del VAR para esa jornada, por lo que Herrera podr\u00eda ser elegido para esa tarea, al igual que Silvio Trucco, quien se desempe\u00f1\u00f3 como asistente de video en el \u00faltimo encuentro entre ambos equipos. Las designaciones para el VAR se conocer\u00e1n en el transcurso de la semana. En cuanto a los \u00e1rbitros principales, Nicol\u00e1s Ram\u00edrez dirigir\u00e1 el partido entre Talleres y River Plate, mientras que Fernando Espinoza arbitrar\u00e1 el partido entre Boca Juniors y Belgrano.Viernes 12 de mayo<\/p>\n<\/div>\n<div class=\"custom-text \">\n<p><strong>20.00 Hurac\u00e1n \u2013 Godoy Cruz<\/strong>\u00a0(ESPN Premium) \u00c1rbitro: Nicol\u00e1s Lamolina \u00c1rbitro asistente 1: Diego Bonfa \u00c1rbitro asistente 2: Juan Mamani Cuarto \u00e1rbitro: Sebasti\u00e1n Habib<\/p>\n<\/div>\n<div class=\"custom-text \">\n<p><strong>21.30 Atl\u00e9tico Tucum\u00e1n \u2013 Argentinos<\/strong>\u00a0(TNT Sports) \u00c1rbitro: Facundo Tello \u00c1rbitro asistente 1: Iv\u00e1n N\u00fa\u00f1ez \u00c1rbitro asistente 2: Mariano Viale Cuarto \u00e1rbitro: Rodrigo Rivero<\/p>\n<\/div>\n<div class=\"custom-text \">\n<p><strong>S\u00e1bado 13 de mayo<\/strong><\/p>\n<\/div>\n<div class=\"custom-text \">\n<p><strong>15.30 Independiente \u2013 Tigre\u00a0<\/strong>(TNT Sports) \u00c1rbitro: Nazareno Arasa \u00c1rbitro asistente 1: Ezequiel Brailovsky \u00c1rbitro asistente 2: Pablo Gualtieri Cuarto \u00e1rbitro: Gast\u00f3n Mons\u00f3n Brizuela<\/p>\n<\/div>\n<div class=\"custom-text \">\n<p><strong>18.00 Banfield \u2013 San Lorenzo<\/strong>\u00a0(ESPN Premium) \u00c1rbitro: Fernando Echenique \u00c1rbitro asistente 1: Javier Uziga \u00c1rbitro asistente 2: Maximiliano Castelli Cuarto \u00e1rbitro: Wenseslao Meneses<\/p>\n<\/div>\n<div class=\"custom-text \">\n<p><strong>20.30 Instituto \u2013 Col\u00f3n<\/strong>\u00a0(TNT Sports) \u00c1rbitro: Luis Lobo Medina \u00c1rbitro asistente 1: Miguel Savorani \u00c1rbitro asistente 2: Dami\u00e1n Espinoza Cuarto \u00e1rbitro: Nahuel Vi\u00f1as<\/p>\n<\/div>\n<div class=\"custom-text \">\n<p><strong>20.30 Newell\u2019s \u2013 Arsenal\u00a0<\/strong>(ESPN Premium) \u00c1rbitro: Pablo Echavarr\u00eda \u00c1rbitro asistente 1: Jos\u00e9 Castelli \u00c1rbitro asistente 2: Daiana Milone Cuarto \u00e1rbitro: Ezequiel Billone<\/p>\n<\/div>\n<div class=\"custom-text \">\n<p><strong>Domingo 14 de mayo<\/strong><\/p>\n<\/div>\n<div class=\"custom-text \">\n<p><strong>14.00 Defensa y Justicia \u2013 Estudiantes<\/strong>\u00a0(TNT Sports) \u00c1rbitro: Leandro Rey Hilfer \u00c1rbitro asistente 1: Hugo P\u00e1ez \u00c1rbitro asistente 2: Ernesto Callegari Cuarto \u00e1rbitro: Gonzalo Pereira<\/p>\n<\/div>\n<div class=\"custom-text \">\n<p><strong>16.30 Platense \u2013 Racing<\/strong>\u00a0(ESPN Premium) \u00c1rbitro: Hern\u00e1n Mastr\u00e1ngelo \u00c1rbitro asistente 1: Andr\u00e9s Barbieri \u00c1rbitro asistente 2: Lucas Pardo Cuarto \u00e1rbitro: Mariano Seco<\/p>\n<\/div>\n<div class=\"custom-text \">\n<p><strong>19.00 Boca \u2013 Belgrano\u00a0<\/strong>(ESPN Premium) \u00c1rbitro: Fernando Espinoza \u00c1rbitro asistente 1: Gabriel Chade \u00c1rbitro asistente 2: Eduardo Lucero Cuarto \u00e1rbitro: Am\u00e9rico Monsalvo<\/p>\n<\/div>\n<div class=\"custom-text \">\n<p><strong>21.30 Talleres \u2013 River<\/strong>\u00a0(TNT Sports) \u00c1rbitro: Nicol\u00e1s Ram\u00edrez \u00c1rbitro asistente 1: Cristian Navarro \u00c1rbitro asistente 2: Marcelo Bistocco Cuarto \u00e1rbitro: Juan Pafundi<\/p>\n<\/div>\n<div class=\"sc-a7166897-0 exHLBh\">\n<section><picture>La marca hist\u00f3rica que igual\u00f3 River ante Boca, con una coincidencia que ilusiona<\/picture><\/section>\n<\/div>\n<div class=\"custom-text \">\n<p><strong>Lunes 15 de mayo<\/strong><\/p>\n<\/div>\n<div class=\"custom-text \">\n<p><strong>15.30 Barracas Central \u2013 Central C\u00f3rdoba\u00a0<\/strong>(ESPN Premium) \u00c1rbitro: Pablo D\u00f3valo \u00c1rbitro asistente 1: Adri\u00e1n Delbarba \u00c1rbitro asistente 2: Mariano Ascensi Cuarto \u00e1rbitro: Cristian Cernadas<\/p>\n<\/div>\n<div class=\"custom-text \">\n<p><strong>18.00 Gimnasia \u2013 Lan\u00fas\u00a0<\/strong>(TNT Sports) \u00c1rbitro: Andr\u00e9s Gariano \u00c1rbitro asistente 1: Pablo Gonz\u00e1lez \u00c1rbitro asistente 2: Lucas Germanotta Cuarto \u00e1rbitro: Mauro Biasutto<\/p>\n<\/div>\n<div class=\"sc-a7166897-0 exHLBh\">\n<section>\n<div>\n<h3>Alarma en Independiente: Marcone se retir\u00f3 de la pr\u00e1ctica con una molestia<\/h3>\n<\/div>\n<\/section>\n<\/div>\n<div class=\"custom-text \">\n<p><strong>20.30 V\u00e9lez \u2013 Rosario Central<\/strong>\u00a0(ESPN Premium) \u00c1rbitro: Sebasti\u00e1n Zunino \u00c1rbitro asistente 1: Gerardo Lencina \u00c1rbitro asistente 2: Iv\u00e1n Aliende Cuarto \u00e1rbitro: Pablo Gim\u00e9nez<\/p>\n<\/div>\n<div class=\"custom-text \">\n<p><strong>20.30 Uni\u00f3n \u2013 Sarmiento (<\/strong>TNT Sports) \u00c1rbitro: Andr\u00e9s Merlos \u00c1rbitro asistente 1: Julio Fern\u00e1ndez \u00c1rbitro asistente 2: Pablo Acevedo Cuarto \u00e1rbitro: Dar\u00edo Sandoval<\/p>\n<\/div>\n<div class=\"sc-916b03af-0 hoIFuk\">\n<section>ENCUESTA:<\/section>\n<\/div>\n<section>\n<ol>\n<li>\u00bfCrees que la actuaci\u00f3n del \u00e1rbitro Dar\u00edo Herrera en el \u00faltimo supercl\u00e1sico fue justa?<\/li>\n<li>\u00bfEst\u00e1s de acuerdo con la decisi\u00f3n de no designar a Dar\u00edo Herrera como \u00e1rbitro principal en la fecha 16 de la Liga Profesional?<\/li>\n<li>\u00bfCrees que Dar\u00edo Herrera deber\u00eda haber sido designado como \u00e1rbitro en el VAR para la fecha 16?<\/li>\n<li>\u00bfCrees que las decisiones arbitrales en la Liga Profesional son justas en general?<\/li>\n<\/ol>\n<\/section>\n","protected":false},"excerpt":{"rendered":"<p>El \u00e1rbitro Dar\u00edo Herrera, quien dirigi\u00f3 el \u00faltimo supercl\u00e1sico entre Boca Juniors y River Plate, no ha sido designado para arbitrar los partidos de la fecha 16 de la Liga Profesional.<\/p>\n","protected":false},"author":3,"featured_media":8877,"comment_status":"open","ping_status":"open","sticky":false,"template":"","format":"standard","meta":{"_jetpack_memberships_contains_paid_content":false,"footnotes":""},"categories":[8,15,16],"tags":[],"class_list":["post-8876","post","type-post","status-publish","format-standard","has-post-thumbnail","hentry","category-actualidad","category-deporte","category-local"],"jetpack_featured_media_url":"https:\/\/comunicartesanluis.com\/v1\/wp-content\/uploads\/2023\/05\/4ig1afEu6_1290x760__1.webp","jetpack_sharing_enabled":true,"_links":{"self":[{"href":"https:\/\/comunicartesanluis.com\/index.php\/wp-json\/wp\/v2\/posts\/8876","targetHints":{"allow":["GET"]}}],"collection":[{"href":"https:\/\/comunicartesanluis.com\/index.php\/wp-json\/wp\/v2\/posts"}],"about":[{"href":"https:\/\/comunicartesanluis.com\/index.php\/wp-json\/wp\/v2\/types\/post"}],"author":[{"embeddable":true,"href":"https:\/\/comunicartesanluis.com\/index.php\/wp-json\/wp\/v2\/users\/3"}],"replies":[{"embeddable":true,"href":"https:\/\/comunicartesanluis.com\/index.php\/wp-json\/wp\/v2\/comments?post=8876"}],"version-history":[{"count":1,"href":"https:\/\/comunicartesanluis.com\/index.php\/wp-json\/wp\/v2\/posts\/8876\/revisions"}],"predecessor-version":[{"id":8878,"href":"https:\/\/comunicartesanluis.com\/index.php\/wp-json\/wp\/v2\/posts\/8876\/revisions\/8878"}],"wp:featuredmedia":[{"embeddable":true,"href":"https:\/\/comunicartesanluis.com\/index.php\/wp-json\/wp\/v2\/media\/8877"}],"wp:attachment":[{"href":"https:\/\/comunicartesanluis.com\/index.php\/wp-json\/wp\/v2\/media?parent=8876"}],"wp:term":[{"taxonomy":"category","embeddable":true,"href":"https:\/\/comunicartesanluis.com\/index.php\/wp-json\/wp\/v2\/categories?post=8876"},{"taxonomy":"post_tag","embeddable":true,"href":"https:\/\/comunicartesanluis.com\/index.php\/wp-json\/wp\/v2\/tags?post=8876"}],"curies":[{"name":"wp","href":"https:\/\/api.w.org\/{rel}","templated":true}]}}