{"id":8925,"date":"2023-05-10T09:34:10","date_gmt":"2023-05-10T12:34:10","guid":{"rendered":"https:\/\/comunicartesanluis.com\/?p=8925"},"modified":"2023-05-10T09:34:10","modified_gmt":"2023-05-10T12:34:10","slug":"el-rally-argentino-confirma-su-recorrido-para-san-luis","status":"publish","type":"post","link":"https:\/\/comunicartesanluis.com\/index.php\/2023\/05\/10\/el-rally-argentino-confirma-su-recorrido-para-san-luis\/","title":{"rendered":"El Rally Argentino confirma su recorrido para San Luis"},"content":{"rendered":"<p>La competencia tendr\u00e1 como epicentro el Aut\u00f3dromo Potrero de los Funes y la rampa simb\u00f3lica se realizar\u00e1 el viernes 12 en el Centro Cultural \u201cJos\u00e9 la V\u00eda\u201d (ex Estaci\u00f3n de Ferrocarril) en avenida Lafinur e Illia, en plena capital puntana.<\/p>\n<p>El recorrido para esta fecha presentar\u00e1 un exigente y extenso recorrido de once pruebas especiales y 140,93 km cronometrados, que ofrecer\u00e1n los desaf\u00edos propios de la segunda competencia de \u00abmonta\u00f1a\u00bb de este a\u00f1o.<\/p>\n<p>Las actividades previas comenzar\u00e1n el jueves 11 con los reconocimientos del recorrido que durar\u00e1n hasta las 18 horas. El viernes 12 se llevar\u00e1 a cabo el shakedown, donde los coches de tracci\u00f3n simple, de las clases RC5, RC4 y RC3 Junior efectuar\u00e1n sus tres pasadas cronometradas, mientras que los veh\u00edculos de tracci\u00f3n total, pertenecientes a las categor\u00edas RC-MR y RC2, tambi\u00e9n llevar\u00e1n a cabo sus tres recorridas cronometradas al shakedown.<\/p>\n<p>El mismo viernes, a las 21 horas, se realizar\u00e1 la Rampa de Largada en el Centro Cultural \u201cJos\u00e9 la V\u00eda\u201d. La primera etapa del s\u00e1bado estar\u00e1 compuesta por seis pruebas especiales y una extensi\u00f3n de 80,22 km cronometrados. Los binomios enfrentar\u00e1n en primer lugar a la PE1 de Paso del Rey \u2013 La Garita 1, que dar\u00e1 el puntapi\u00e9 inicial a la competencia, desde las 8:33.<\/p>\n<p>La segunda y \u00faltima jornada de competencia, a efectuarse el domingo, tendr\u00e1 un total de cinco tramos y 60.71 km cronometrados. A las 8:58 se pondr\u00e1 en marcha la exigente PE7 de Paso del Rey \u2013 Los Membrillos, que no solo no brindar\u00e1 margen de error al tener una sola pasada, sino que se tratar\u00e1 del sector cronometrado m\u00e1s extenso del todo el evento, con 22.29 kil\u00f3metros.<\/p>\n<p><img decoding=\"async\" class=\"aligncenter\" src=\"https:\/\/pxb.cdn.eldiariodelarepublica.com\/republica\/052023\/1683629265859\/rally%201.webp?cw=1251&amp;ch=1202&amp;extw=jpg\" \/><\/p>\n<p>Con este recorrido desafiante, los pilotos y sus equipos deber\u00e1n demostrar su destreza y habilidad para poder conquistar la tercera fecha del Rally Copa Gobierno de San Luis y continuar con sus aspiraciones de campeonato.<\/p>\n","protected":false},"excerpt":{"rendered":"<p>El Rally Argentino confirm\u00f3 su itinerario para la tercera fecha de la temporada 2023 del Rally Copa Gobierno de San Luis, que se realizar\u00e1 del 12 al 14 de mayo en la provincia hom\u00f3nima. <\/p>\n","protected":false},"author":3,"featured_media":8926,"comment_status":"open","ping_status":"open","sticky":false,"template":"","format":"standard","meta":{"_jetpack_memberships_contains_paid_content":false,"footnotes":""},"categories":[8,15,16,17],"tags":[],"class_list":["post-8925","post","type-post","status-publish","format-standard","has-post-thumbnail","hentry","category-actualidad","category-deporte","category-local","category-nacional"],"jetpack_featured_media_url":"https:\/\/comunicartesanluis.com\/v1\/wp-content\/uploads\/2023\/05\/1683629123953.webp","jetpack_sharing_enabled":true,"_links":{"self":[{"href":"https:\/\/comunicartesanluis.com\/index.php\/wp-json\/wp\/v2\/posts\/8925","targetHints":{"allow":["GET"]}}],"collection":[{"href":"https:\/\/comunicartesanluis.com\/index.php\/wp-json\/wp\/v2\/posts"}],"about":[{"href":"https:\/\/comunicartesanluis.com\/index.php\/wp-json\/wp\/v2\/types\/post"}],"author":[{"embeddable":true,"href":"https:\/\/comunicartesanluis.com\/index.php\/wp-json\/wp\/v2\/users\/3"}],"replies":[{"embeddable":true,"href":"https:\/\/comunicartesanluis.com\/index.php\/wp-json\/wp\/v2\/comments?post=8925"}],"version-history":[{"count":1,"href":"https:\/\/comunicartesanluis.com\/index.php\/wp-json\/wp\/v2\/posts\/8925\/revisions"}],"predecessor-version":[{"id":8927,"href":"https:\/\/comunicartesanluis.com\/index.php\/wp-json\/wp\/v2\/posts\/8925\/revisions\/8927"}],"wp:featuredmedia":[{"embeddable":true,"href":"https:\/\/comunicartesanluis.com\/index.php\/wp-json\/wp\/v2\/media\/8926"}],"wp:attachment":[{"href":"https:\/\/comunicartesanluis.com\/index.php\/wp-json\/wp\/v2\/media?parent=8925"}],"wp:term":[{"taxonomy":"category","embeddable":true,"href":"https:\/\/comunicartesanluis.com\/index.php\/wp-json\/wp\/v2\/categories?post=8925"},{"taxonomy":"post_tag","embeddable":true,"href":"https:\/\/comunicartesanluis.com\/index.php\/wp-json\/wp\/v2\/tags?post=8925"}],"curies":[{"name":"wp","href":"https:\/\/api.w.org\/{rel}","templated":true}]}}