{"id":8965,"date":"2023-05-11T15:30:32","date_gmt":"2023-05-11T18:30:32","guid":{"rendered":"https:\/\/comunicartesanluis.com\/?p=8965"},"modified":"2023-05-11T15:30:32","modified_gmt":"2023-05-11T18:30:32","slug":"el-11-inedito-que-paro-almiron-ante-tantas-bajas","status":"publish","type":"post","link":"https:\/\/comunicartesanluis.com\/index.php\/2023\/05\/11\/el-11-inedito-que-paro-almiron-ante-tantas-bajas\/","title":{"rendered":"El 11 in\u00e9dito que par\u00f3 Almir\u00f3n ante tantas bajas"},"content":{"rendered":"<p><span>Ni cuando debut\u00f3 contra San Lorenzo y al toque sufri\u00f3 dos bajas ni cuando en el medio se le cayeron varios soldados m\u00e1s por lesiones ni mucho menos cuando tras la derrota en el supercl\u00e1sico le quedaron tres suspendidos. <\/span><\/p>\n<p><span>Mucho menos, obviamente, la iba a tener ahora al momento de cranear un 11 pensando en Belgrano. <\/span><span>En ese contexto funcion\u00f3 el DT, y en ese contexto -tambi\u00e9n-, par\u00f3 un equipo in\u00e9dito este jueves en Ezeiza. <\/span><span>Si es in\u00e9dito en esta corta era de apenas un mes que lleva en el club, <\/span><span>es porque Frank Fabra y Dar\u00edo Benedetto reaparecieron de titulares en el equipo: el colombiano se recuper\u00f3 de un esguince del ligamento lateral interno en su rodilla derecha y ya hace unos d\u00edas trabaja con el plantel (aunque se qued\u00f3 afuera de los convocados ante River) ; <\/span><span>mientras que Pipa evolucion\u00f3 de un desgarro y est\u00e1 listo para volver, pese a la opini\u00f3n de muchas hinchas de Boca que en la encuesta lo pusieron por debajo del chico Gonzalo Morales.<\/span><\/p>\n<p><img decoding=\"async\" class=\"aligncenter\" src=\"https:\/\/www.ole.com.ar\/images\/2023\/05\/11\/SLPFTCTjf_720x0__2.jpg#1683817345974\" alt=\"El Pipa estuvo de arranque en el 11 de la pr\u00e1ctica y volver\u00eda a jugar ante Belgrano en la Bombonera (Prensa Boca).\" \/><\/p>\n<p><span>Y este no es algo menor, ya que el \u00faltimo partido de Fabra fue el 9 de abril pasado en la derrota de Boca ante Col\u00f3n en la Bombonera; <\/span><span>y el delantero de 32 a\u00f1os fue el 18 de abril, tambi\u00e9n en el Templo, el d\u00eda que el equipo de Almir\u00f3n le dio vuelta el partido a Deportivo Pereira en la Copa Libertadores. <\/span><\/p>\n<p><span>Pero tambi\u00e9n es in\u00e9dito este equipo porque no solamente apareci\u00f3 \u00d3scar Romero de titular, siendo que hac\u00eda mucho no ten\u00eda ese privilegio, sino tambi\u00e9n por el doble 5 at\u00edpico que dir\u00eda el DT de 51 a\u00f1os: Mart\u00edn Payero y Cristian Medina, dos que nunca jugaron juntos por lo menos en esa posici\u00f3n; <\/span><span>dejando de lado as\u00ed a Esteban Rol\u00f3n, el \u00fanico volante central natural que tiene el entrenador a disposici\u00f3n. <\/span><span>Y finalmente es in\u00e9dito el 11 por la presencia de Norberto Briasco: el Beto se recuper\u00f3 de un desgarro y volvi\u00f3 a sumar minutos de juego.<\/span><\/p>\n<p><span>Ojo, en este caso hay que hacer un alto: ese lugar ser\u00eda para Sebasti\u00e1n Villa, que el mi\u00e9rcoles no fue a Ezeiza a entrenarse por un cuadro gripal y febril, pero que s\u00ed lo hizo este jueves y ya se recuper\u00f3. <\/span><\/p>\n<p><span>Con el resto del equipo no hay par\u00e9ntesis: Chiquito Romero en el arco, <\/span><span>el Chelo Weigandt en el lateral derecho, Facundo Roncaglia (recuperado de una sobrecarga muscular) y Nicol\u00e1s Figal en la zaga central, y Luis Adv\u00edncula, en este caso, de volante por la derecha.<\/span><\/p>\n<p><img decoding=\"async\" class=\"aligncenter\" src=\"https:\/\/www.ole.com.ar\/images\/2022\/07\/26\/SozNdRthi_720x0__2.jpg#1683817415158\" alt=\"Fabra se recuper\u00f3 de un esguince del ligamento lateral interno en su rodilla derecha y ser\u00eda titular en lugar del Colo Barco (Prensa Boca).\" \/><\/p>\n<p><span>Eso s\u00ed, atentos a este dato: desde que Almir\u00f3n es el t\u00e9cnico de Boca, nunca termin\u00f3 usando en un partido el primer equipo que prob\u00f3 en la semana. <\/span><span>Por fin, habr\u00e1 que prestar mucha atenci\u00f3n a lo que pasar\u00e1 este viernes en Ezeiza, en donde el DT volver\u00e1 a hacer f\u00fatbol&#8230; Lo cierto es que por ahora el 11 -ya ra\u00edz de las bajas-, es bastante in\u00e9dito.<\/span><\/p>\n<p><img decoding=\"async\" class=\"aligncenter\" src=\"https:\/\/www.ole.com.ar\/images\/2023\/05\/11\/6ojrg9_-9_720x0__2.jpg#1683817465173\" alt=\"Villa no estuvo en el 11 de Almir\u00f3n, pero eso no quiere decir que no juegue con el Pirata: el colombiano se ausent\u00f3 el mi\u00e9rcoles por gripe y reci\u00e9n se sum\u00f3 este jueves.\" \/><\/p>\n<p><span>EL 11 DE BOCA PENSANDO EN BELGRANO Sergio Romero; <\/span><span>Marcelo Weigandt, Facundo Roncaglia, Nicol\u00e1s Figal, Frank Fabra; <\/span><span>Luis Adv\u00edncula, Cristian Medina, Mart\u00edn Payero, \u00d3scar Romero; <\/span><span>Dar\u00edo Benedetto y Norberto Briasco.<\/span><\/p>\n<p>&nbsp;<\/p>\n<p>&nbsp;<\/p>\n<p>&nbsp;<\/p>\n<p>&nbsp;<\/p>\n<p>&nbsp;<\/p>\n<p>Fuente Diario Ol\u00e9<\/p>\n","protected":false},"excerpt":{"rendered":"<p>\u00a0El DT de Boca ya par\u00f3 un equipo pensando en Belgrano: hay cambios y el regreso de dos referentes. Nunca la tuvo f\u00e1cil Jorge Almir\u00f3n desde su llegada Boca.<\/p>\n","protected":false},"author":3,"featured_media":8966,"comment_status":"open","ping_status":"open","sticky":false,"template":"","format":"standard","meta":{"_jetpack_memberships_contains_paid_content":false,"footnotes":""},"categories":[8,15,17],"tags":[],"class_list":["post-8965","post","type-post","status-publish","format-standard","has-post-thumbnail","hentry","category-actualidad","category-deporte","category-nacional"],"jetpack_featured_media_url":"https:\/\/comunicartesanluis.com\/v1\/wp-content\/uploads\/2023\/05\/1KK5FVbEh_720x0__2.webp","jetpack_sharing_enabled":true,"_links":{"self":[{"href":"https:\/\/comunicartesanluis.com\/index.php\/wp-json\/wp\/v2\/posts\/8965","targetHints":{"allow":["GET"]}}],"collection":[{"href":"https:\/\/comunicartesanluis.com\/index.php\/wp-json\/wp\/v2\/posts"}],"about":[{"href":"https:\/\/comunicartesanluis.com\/index.php\/wp-json\/wp\/v2\/types\/post"}],"author":[{"embeddable":true,"href":"https:\/\/comunicartesanluis.com\/index.php\/wp-json\/wp\/v2\/users\/3"}],"replies":[{"embeddable":true,"href":"https:\/\/comunicartesanluis.com\/index.php\/wp-json\/wp\/v2\/comments?post=8965"}],"version-history":[{"count":1,"href":"https:\/\/comunicartesanluis.com\/index.php\/wp-json\/wp\/v2\/posts\/8965\/revisions"}],"predecessor-version":[{"id":8967,"href":"https:\/\/comunicartesanluis.com\/index.php\/wp-json\/wp\/v2\/posts\/8965\/revisions\/8967"}],"wp:featuredmedia":[{"embeddable":true,"href":"https:\/\/comunicartesanluis.com\/index.php\/wp-json\/wp\/v2\/media\/8966"}],"wp:attachment":[{"href":"https:\/\/comunicartesanluis.com\/index.php\/wp-json\/wp\/v2\/media?parent=8965"}],"wp:term":[{"taxonomy":"category","embeddable":true,"href":"https:\/\/comunicartesanluis.com\/index.php\/wp-json\/wp\/v2\/categories?post=8965"},{"taxonomy":"post_tag","embeddable":true,"href":"https:\/\/comunicartesanluis.com\/index.php\/wp-json\/wp\/v2\/tags?post=8965"}],"curies":[{"name":"wp","href":"https:\/\/api.w.org\/{rel}","templated":true}]}}