{"id":8997,"date":"2023-05-15T07:48:11","date_gmt":"2023-05-15T10:48:11","guid":{"rendered":"https:\/\/comunicartesanluis.com\/?p=8997"},"modified":"2023-05-15T08:03:57","modified_gmt":"2023-05-15T11:03:57","slug":"juegos-binacionales-san-luis-finalizo-2-y-fue-elegida-como-mejor-provincia-argentina","status":"publish","type":"post","link":"https:\/\/comunicartesanluis.com\/index.php\/2023\/05\/15\/juegos-binacionales-san-luis-finalizo-2-y-fue-elegida-como-mejor-provincia-argentina\/","title":{"rendered":"Juegos Binacionales: San Luis finaliz\u00f3 2\u00b0 y fue elegida como mejor provincia argentina"},"content":{"rendered":"<p><img decoding=\"async\" class=\"alignnone size-medium wp-image-9000\" src=\"https:\/\/comunicartesanluis.com\/v1\/wp-content\/uploads\/2023\/05\/medallero-300x274.jpg\" alt=\"\" width=\"300\" height=\"274\" srcset=\"https:\/\/comunicartesanluis.com\/v1\/wp-content\/uploads\/2023\/05\/medallero-200x183.jpg 200w, https:\/\/comunicartesanluis.com\/v1\/wp-content\/uploads\/2023\/05\/medallero-300x274.jpg 300w, https:\/\/comunicartesanluis.com\/v1\/wp-content\/uploads\/2023\/05\/medallero-400x365.jpg 400w, https:\/\/comunicartesanluis.com\/v1\/wp-content\/uploads\/2023\/05\/medallero.jpg 572w\" sizes=\"(max-width: 300px) 100vw, 300px\" \/><\/p>\n<p>Los deportistas sanluise\u00f1os llegaron a la capital puntana pasadas las 13:0,\u00a0 luego de viajar desde la ciudad de Valpara\u00edso, Chile, para reencontrarse con su provincia despu\u00e9s de ganar 51 medallas en distintas disciplinas deportivas. El aut\u00f3dromo \u201cRosendo Hern\u00e1ndez\u201d recibi\u00f3 a los j\u00f3venes colmado de familias que esperaban ansiosamente a los atletas para festejar sus logros:\u00a0<strong>\u201cEstamos muy emocionados y orgullosos. Esto era muy importante para ella, le puso mucha pila y los resultados del sacrificio se vieron\u201d<\/strong>, expres\u00f3 Segundo Lucero, abuelo de Sof\u00eda Acosta, ganadora de la medalla de oro en la categor\u00eda 5 mil metros llanos en atletismo femenino, mientras esperaba a su nieta.<\/p>\n<p><img decoding=\"async\" class=\"alignnone size-medium wp-image-8999\" src=\"https:\/\/comunicartesanluis.com\/v1\/wp-content\/uploads\/2023\/05\/dele2-300x200.jpg\" alt=\"\" width=\"300\" height=\"200\" srcset=\"https:\/\/comunicartesanluis.com\/v1\/wp-content\/uploads\/2023\/05\/dele2-200x133.jpg 200w, https:\/\/comunicartesanluis.com\/v1\/wp-content\/uploads\/2023\/05\/dele2-300x200.jpg 300w, https:\/\/comunicartesanluis.com\/v1\/wp-content\/uploads\/2023\/05\/dele2-400x266.jpg 400w, https:\/\/comunicartesanluis.com\/v1\/wp-content\/uploads\/2023\/05\/dele2-600x399.jpg 600w, https:\/\/comunicartesanluis.com\/v1\/wp-content\/uploads\/2023\/05\/dele2-768x511.jpg 768w, https:\/\/comunicartesanluis.com\/v1\/wp-content\/uploads\/2023\/05\/dele2-800x532.jpg 800w, https:\/\/comunicartesanluis.com\/v1\/wp-content\/uploads\/2023\/05\/dele2-1024x681.jpg 1024w, https:\/\/comunicartesanluis.com\/v1\/wp-content\/uploads\/2023\/05\/dele2-1200x798.jpg 1200w, https:\/\/comunicartesanluis.com\/v1\/wp-content\/uploads\/2023\/05\/dele2.jpg 1536w\" sizes=\"(max-width: 300px) 100vw, 300px\" \/><\/p>\n<p>Entre abrazos y llantos los familiares se reencontraron con las j\u00f3venes promesas puntanas, previo al recorrido que los llevar\u00eda por la ciudad donde los puntanos aprovecharon para dar la bienvenida a toda la delegaci\u00f3n. El colectivo con los deportistas<strong>\u00a0parti\u00f3 desde el aut\u00f3dromo, ingresando por avenida Lafinur, luego pasaron por Julio A. Roca, Riobamba y, finalmente, llegaron a Terrazas de Portezuelo; all\u00ed\u00a0<\/strong><strong>fueron recibidos por la secretaria de Deportes, Cintia Ram\u00edrez,<\/strong>\u00a0y toda la comitiva de Deportes de la provincia.<\/p>\n<p><img decoding=\"async\" class=\"alignnone size-medium wp-image-9001\" src=\"https:\/\/comunicartesanluis.com\/v1\/wp-content\/uploads\/2023\/05\/dele3-300x200.jpg\" alt=\"\" width=\"300\" height=\"200\" srcset=\"https:\/\/comunicartesanluis.com\/v1\/wp-content\/uploads\/2023\/05\/dele3-200x133.jpg 200w, https:\/\/comunicartesanluis.com\/v1\/wp-content\/uploads\/2023\/05\/dele3-300x200.jpg 300w, https:\/\/comunicartesanluis.com\/v1\/wp-content\/uploads\/2023\/05\/dele3-400x266.jpg 400w, https:\/\/comunicartesanluis.com\/v1\/wp-content\/uploads\/2023\/05\/dele3-600x399.jpg 600w, https:\/\/comunicartesanluis.com\/v1\/wp-content\/uploads\/2023\/05\/dele3-768x511.jpg 768w, https:\/\/comunicartesanluis.com\/v1\/wp-content\/uploads\/2023\/05\/dele3-800x532.jpg 800w, https:\/\/comunicartesanluis.com\/v1\/wp-content\/uploads\/2023\/05\/dele3-1024x681.jpg 1024w, https:\/\/comunicartesanluis.com\/v1\/wp-content\/uploads\/2023\/05\/dele3-1200x798.jpg 1200w, https:\/\/comunicartesanluis.com\/v1\/wp-content\/uploads\/2023\/05\/dele3.jpg 1536w\" sizes=\"(max-width: 300px) 100vw, 300px\" \/><\/p>\n<p>Durante el camino, los j\u00f3venes quedaron maravillados por el c\u00e1lido recibimiento que tuvieron en su provincia y se emocionaron al dimensionar la importancia de los logros obtenidos en esta competencia. Gracias a su talento, entrenamiento y trabajo conjunto con el Gobierno de la provincia,\u00a0<strong>los deportistas se impusieron sobre las dem\u00e1s delegaciones argentinas por primera vez en 25 a\u00f1os.\u00a0<\/strong><\/p>\n<p><img decoding=\"async\" class=\"alignnone size-medium wp-image-9002\" src=\"https:\/\/comunicartesanluis.com\/v1\/wp-content\/uploads\/2023\/05\/dele4-300x200.jpg\" alt=\"\" width=\"300\" height=\"200\" srcset=\"https:\/\/comunicartesanluis.com\/v1\/wp-content\/uploads\/2023\/05\/dele4-200x133.jpg 200w, https:\/\/comunicartesanluis.com\/v1\/wp-content\/uploads\/2023\/05\/dele4-300x200.jpg 300w, https:\/\/comunicartesanluis.com\/v1\/wp-content\/uploads\/2023\/05\/dele4-400x267.jpg 400w, https:\/\/comunicartesanluis.com\/v1\/wp-content\/uploads\/2023\/05\/dele4-600x400.jpg 600w, https:\/\/comunicartesanluis.com\/v1\/wp-content\/uploads\/2023\/05\/dele4-768x512.jpg 768w, https:\/\/comunicartesanluis.com\/v1\/wp-content\/uploads\/2023\/05\/dele4-800x533.jpg 800w, https:\/\/comunicartesanluis.com\/v1\/wp-content\/uploads\/2023\/05\/dele4-1024x683.jpg 1024w, https:\/\/comunicartesanluis.com\/v1\/wp-content\/uploads\/2023\/05\/dele4-1200x800.jpg 1200w, https:\/\/comunicartesanluis.com\/v1\/wp-content\/uploads\/2023\/05\/dele4.jpg 1536w\" sizes=\"(max-width: 300px) 100vw, 300px\" \/><\/p>\n<p>Con estos resultados,\u00a0<strong>alcanzaron el segundo puesto en el medallero general con 21 medallas de oro, 16 de plata y 14 de bronce.<\/strong>\u00a0Se trata del logro deportivo m\u00e1s grande del pa\u00eds, ya que es la provincia argentina con mejores resultados en esta competencia superando a C\u00f3rdoba, Mendoza y San Juan.<\/p>\n<p>Info. Agencia Noticias San Luis<\/p>\n","protected":false},"excerpt":{"rendered":"<p>Los deportistas que participaron de los Juegos Binacionales en la ciudad de Valpara\u00edso, Chile, fueron recibidos este fin de semana por familiares, amigos y una multitud que se acerc\u00f3 a dar la bienvenida a los deportistas que dejaron a San Luis en el podio del deporte internacional. <\/p>\n","protected":false},"author":5,"featured_media":8998,"comment_status":"open","ping_status":"open","sticky":false,"template":"","format":"standard","meta":{"_jetpack_memberships_contains_paid_content":false,"footnotes":""},"categories":[15,16],"tags":[],"class_list":["post-8997","post","type-post","status-publish","format-standard","has-post-thumbnail","hentry","category-deporte","category-local"],"jetpack_featured_media_url":"https:\/\/comunicartesanluis.com\/v1\/wp-content\/uploads\/2023\/05\/delegacion.jpg","jetpack_sharing_enabled":true,"_links":{"self":[{"href":"https:\/\/comunicartesanluis.com\/index.php\/wp-json\/wp\/v2\/posts\/8997","targetHints":{"allow":["GET"]}}],"collection":[{"href":"https:\/\/comunicartesanluis.com\/index.php\/wp-json\/wp\/v2\/posts"}],"about":[{"href":"https:\/\/comunicartesanluis.com\/index.php\/wp-json\/wp\/v2\/types\/post"}],"author":[{"embeddable":true,"href":"https:\/\/comunicartesanluis.com\/index.php\/wp-json\/wp\/v2\/users\/5"}],"replies":[{"embeddable":true,"href":"https:\/\/comunicartesanluis.com\/index.php\/wp-json\/wp\/v2\/comments?post=8997"}],"version-history":[{"count":1,"href":"https:\/\/comunicartesanluis.com\/index.php\/wp-json\/wp\/v2\/posts\/8997\/revisions"}],"predecessor-version":[{"id":9003,"href":"https:\/\/comunicartesanluis.com\/index.php\/wp-json\/wp\/v2\/posts\/8997\/revisions\/9003"}],"wp:featuredmedia":[{"embeddable":true,"href":"https:\/\/comunicartesanluis.com\/index.php\/wp-json\/wp\/v2\/media\/8998"}],"wp:attachment":[{"href":"https:\/\/comunicartesanluis.com\/index.php\/wp-json\/wp\/v2\/media?parent=8997"}],"wp:term":[{"taxonomy":"category","embeddable":true,"href":"https:\/\/comunicartesanluis.com\/index.php\/wp-json\/wp\/v2\/categories?post=8997"},{"taxonomy":"post_tag","embeddable":true,"href":"https:\/\/comunicartesanluis.com\/index.php\/wp-json\/wp\/v2\/tags?post=8997"}],"curies":[{"name":"wp","href":"https:\/\/api.w.org\/{rel}","templated":true}]}}