{"id":9010,"date":"2023-05-15T08:18:48","date_gmt":"2023-05-15T11:18:48","guid":{"rendered":"https:\/\/comunicartesanluis.com\/?p=9010"},"modified":"2023-05-15T08:53:04","modified_gmt":"2023-05-15T11:53:04","slug":"miguel-baldoni-amo-y-senor-de-los-caminos-de-san-luis","status":"publish","type":"post","link":"https:\/\/comunicartesanluis.com\/index.php\/2023\/05\/15\/miguel-baldoni-amo-y-senor-de-los-caminos-de-san-luis\/","title":{"rendered":"Miguel Baldoni, amo y se\u00f1or de los caminos de San Luis"},"content":{"rendered":"<p>A bordo del Skoda de Baratec, y secundado por Gustavo \u201cTuti\u201d Franchello, Miguel Baldoni se adjudic\u00f3 el Rally de San Luis, logrando su segunda victoria en la temporada, que lleva disputadas tres fechas y siendo protagonista en una de las categor\u00edas m\u00e1s federales del pa\u00eds.<\/p>\n<p>La victoria del \u201cCoyote\u201d, algo que estaba en los papeles de la opini\u00f3n especializada no solo por correr en sus tierras, sino por el<strong>\u00a0talento, la perseverancia y la t\u00e9cnica,<\/strong>\u00a0<strong>posicionan a Baldoni como uno de los mejores pilotos del pa\u00eds del automovilismo de todas la categor\u00edas y lo convierte en uno de los m\u00e1ximos exponentes del deporte puntano<\/strong>.<\/p>\n<p>En la etapa 1 del s\u00e1bado, y adue\u00f1\u00e1ndose pr\u00e1cticamente de todos los primes, lo que hac\u00eda suponer que la estrategia en la jornada del domingo iba a ser marcar buenos tiempos, aprovechando el margen conseguido el d\u00eda anterior. Pero cuando hablamos de Miguel Baldoni, nos referimos a un piloto con rebeld\u00eda deportiva, que, para no generar ning\u00fan tipo de dudas, aceler\u00f3 a fondo en el primer tramo para quedarse con el mismo y as\u00ed ampliar diferencias ante su inmediato perseguidor Alejandro Scuncio, que ven\u00eda marcando muy buenos registros.<\/p>\n<p>En los tramos vespertinos, solo restaba el Power Stage, que repart\u00eda puntos extra, en el cual el binomio local Baldoni \u2013 Franchello se ubicaron terceros detr\u00e1s de Cancio y Scuncio, que supon\u00eda una anticipaci\u00f3n de c\u00f3mo iba a quedar confirmado el podio. Y termin\u00f3 sucediendo.<\/p>\n<p><img decoding=\"async\" class=\"alignnone size-medium wp-image-9012\" src=\"https:\/\/comunicartesanluis.com\/v1\/wp-content\/uploads\/2023\/05\/rally2-300x213.jpg\" alt=\"\" width=\"300\" height=\"213\" srcset=\"https:\/\/comunicartesanluis.com\/v1\/wp-content\/uploads\/2023\/05\/rally2-200x142.jpg 200w, https:\/\/comunicartesanluis.com\/v1\/wp-content\/uploads\/2023\/05\/rally2-300x214.jpg 300w, https:\/\/comunicartesanluis.com\/v1\/wp-content\/uploads\/2023\/05\/rally2-400x285.jpg 400w, https:\/\/comunicartesanluis.com\/v1\/wp-content\/uploads\/2023\/05\/rally2-600x427.jpg 600w, https:\/\/comunicartesanluis.com\/v1\/wp-content\/uploads\/2023\/05\/rally2-768x547.jpg 768w, https:\/\/comunicartesanluis.com\/v1\/wp-content\/uploads\/2023\/05\/rally2-800x569.jpg 800w, https:\/\/comunicartesanluis.com\/v1\/wp-content\/uploads\/2023\/05\/rally2-1024x729.jpg 1024w, https:\/\/comunicartesanluis.com\/v1\/wp-content\/uploads\/2023\/05\/rally2-1200x854.jpg 1200w, https:\/\/comunicartesanluis.com\/v1\/wp-content\/uploads\/2023\/05\/rally2.jpg 1536w\" sizes=\"(max-width: 300px) 100vw, 300px\" \/> <img decoding=\"async\" class=\"alignnone size-medium wp-image-9013\" src=\"https:\/\/comunicartesanluis.com\/v1\/wp-content\/uploads\/2023\/05\/rally3-300x200.jpg\" alt=\"\" width=\"300\" height=\"200\" srcset=\"https:\/\/comunicartesanluis.com\/v1\/wp-content\/uploads\/2023\/05\/rally3-200x133.jpg 200w, https:\/\/comunicartesanluis.com\/v1\/wp-content\/uploads\/2023\/05\/rally3-300x200.jpg 300w, https:\/\/comunicartesanluis.com\/v1\/wp-content\/uploads\/2023\/05\/rally3-400x267.jpg 400w, https:\/\/comunicartesanluis.com\/v1\/wp-content\/uploads\/2023\/05\/rally3-600x400.jpg 600w, https:\/\/comunicartesanluis.com\/v1\/wp-content\/uploads\/2023\/05\/rally3-768x512.jpg 768w, https:\/\/comunicartesanluis.com\/v1\/wp-content\/uploads\/2023\/05\/rally3-800x533.jpg 800w, https:\/\/comunicartesanluis.com\/v1\/wp-content\/uploads\/2023\/05\/rally3-1024x682.jpg 1024w, https:\/\/comunicartesanluis.com\/v1\/wp-content\/uploads\/2023\/05\/rally3-1200x800.jpg 1200w, https:\/\/comunicartesanluis.com\/v1\/wp-content\/uploads\/2023\/05\/rally3.jpg 1253w\" sizes=\"(max-width: 300px) 100vw, 300px\" \/><\/p>\n<p>Agencia Noticias San Luis<\/p>\n","protected":false},"excerpt":{"rendered":"<p>El piloto puntano vol\u00f3 en tierras sanluise\u00f1as y, una vez m\u00e1s, se consagr\u00f3 de local. El \u201cCoyote\u201d alz\u00f3 la Copa Gobierno de San Luis y se acomoda en la clasificaci\u00f3n general de la temporada 2023 del Rally Argentino.<\/p>\n","protected":false},"author":5,"featured_media":9011,"comment_status":"open","ping_status":"open","sticky":false,"template":"","format":"standard","meta":{"_jetpack_memberships_contains_paid_content":false,"footnotes":""},"categories":[8,15,16],"tags":[],"class_list":["post-9010","post","type-post","status-publish","format-standard","has-post-thumbnail","hentry","category-actualidad","category-deporte","category-local"],"jetpack_featured_media_url":"https:\/\/comunicartesanluis.com\/v1\/wp-content\/uploads\/2023\/05\/rally1.jpg","jetpack_sharing_enabled":true,"_links":{"self":[{"href":"https:\/\/comunicartesanluis.com\/index.php\/wp-json\/wp\/v2\/posts\/9010","targetHints":{"allow":["GET"]}}],"collection":[{"href":"https:\/\/comunicartesanluis.com\/index.php\/wp-json\/wp\/v2\/posts"}],"about":[{"href":"https:\/\/comunicartesanluis.com\/index.php\/wp-json\/wp\/v2\/types\/post"}],"author":[{"embeddable":true,"href":"https:\/\/comunicartesanluis.com\/index.php\/wp-json\/wp\/v2\/users\/5"}],"replies":[{"embeddable":true,"href":"https:\/\/comunicartesanluis.com\/index.php\/wp-json\/wp\/v2\/comments?post=9010"}],"version-history":[{"count":1,"href":"https:\/\/comunicartesanluis.com\/index.php\/wp-json\/wp\/v2\/posts\/9010\/revisions"}],"predecessor-version":[{"id":9014,"href":"https:\/\/comunicartesanluis.com\/index.php\/wp-json\/wp\/v2\/posts\/9010\/revisions\/9014"}],"wp:featuredmedia":[{"embeddable":true,"href":"https:\/\/comunicartesanluis.com\/index.php\/wp-json\/wp\/v2\/media\/9011"}],"wp:attachment":[{"href":"https:\/\/comunicartesanluis.com\/index.php\/wp-json\/wp\/v2\/media?parent=9010"}],"wp:term":[{"taxonomy":"category","embeddable":true,"href":"https:\/\/comunicartesanluis.com\/index.php\/wp-json\/wp\/v2\/categories?post=9010"},{"taxonomy":"post_tag","embeddable":true,"href":"https:\/\/comunicartesanluis.com\/index.php\/wp-json\/wp\/v2\/tags?post=9010"}],"curies":[{"name":"wp","href":"https:\/\/api.w.org\/{rel}","templated":true}]}}