{"id":9022,"date":"2023-05-15T13:19:05","date_gmt":"2023-05-15T16:19:05","guid":{"rendered":"https:\/\/comunicartesanluis.com\/?p=9022"},"modified":"2023-05-15T13:28:51","modified_gmt":"2023-05-15T16:28:51","slug":"se-jugo-la-4ta-fecha-de-la-liga-del-valle","status":"publish","type":"post","link":"https:\/\/comunicartesanluis.com\/index.php\/2023\/05\/15\/se-jugo-la-4ta-fecha-de-la-liga-del-valle\/","title":{"rendered":"Se jug\u00f3 la 4ta fecha de la Liga del Valle\u00a0"},"content":{"rendered":"<p><span style=\"font-weight: 400;\">En casa del Rinconero estuvo Comunicarte y se vivi\u00f3 un lindo partido. En el primer tiempo los equipos propusieron un ida y vuelta con mucha fricci\u00f3n. Hubo de todo en el primer tiempo, Expulsado el Bebo Liendo \u201c Rara\u201d, penal errado por Godoy para Cryder y gol de Damian Lopez, como siempre, la joya convirtiendo.<\/span><\/p>\n<p>&nbsp;<\/p>\n<p><span style=\"font-weight: 400;\">Ya en el segundo tiempo, el partido se pondr\u00eda chato, mucha falta, mucho pelotazo y cuando parec\u00eda que mor\u00eda en el ambiente caldeado y los gritos de afuera, apareci\u00f3 Gonzales de gran partido \u201cEl mejor de la cancha\u201d con su guante en el bot\u00edn y puso un cambio de lado, que Alan Villegas lo detuvo con su pecho y como un nueve goleador la puso al costado del arquero. Goooolazooo para el rojo merlino y tres puntos para casa.<\/span><\/p>\n<p><img decoding=\"async\" class=\"aligncenter wp-image-9033 size-large\" src=\"https:\/\/comunicartesanluis.com\/v1\/wp-content\/uploads\/2023\/05\/WhatsApp-Image-2023-05-15-at-10.51.25-1024x461.jpeg\" alt=\"\" width=\"1024\" height=\"461\" srcset=\"https:\/\/comunicartesanluis.com\/v1\/wp-content\/uploads\/2023\/05\/WhatsApp-Image-2023-05-15-at-10.51.25-200x90.jpeg 200w, https:\/\/comunicartesanluis.com\/v1\/wp-content\/uploads\/2023\/05\/WhatsApp-Image-2023-05-15-at-10.51.25-300x135.jpeg 300w, https:\/\/comunicartesanluis.com\/v1\/wp-content\/uploads\/2023\/05\/WhatsApp-Image-2023-05-15-at-10.51.25-400x180.jpeg 400w, https:\/\/comunicartesanluis.com\/v1\/wp-content\/uploads\/2023\/05\/WhatsApp-Image-2023-05-15-at-10.51.25-600x270.jpeg 600w, https:\/\/comunicartesanluis.com\/v1\/wp-content\/uploads\/2023\/05\/WhatsApp-Image-2023-05-15-at-10.51.25-768x346.jpeg 768w, https:\/\/comunicartesanluis.com\/v1\/wp-content\/uploads\/2023\/05\/WhatsApp-Image-2023-05-15-at-10.51.25-800x361.jpeg 800w, https:\/\/comunicartesanluis.com\/v1\/wp-content\/uploads\/2023\/05\/WhatsApp-Image-2023-05-15-at-10.51.25-1024x461.jpeg 1024w, https:\/\/comunicartesanluis.com\/v1\/wp-content\/uploads\/2023\/05\/WhatsApp-Image-2023-05-15-at-10.51.25-1200x541.jpeg 1200w, https:\/\/comunicartesanluis.com\/v1\/wp-content\/uploads\/2023\/05\/WhatsApp-Image-2023-05-15-at-10.51.25-1536x692.jpeg 1536w, https:\/\/comunicartesanluis.com\/v1\/wp-content\/uploads\/2023\/05\/WhatsApp-Image-2023-05-15-at-10.51.25.jpeg 1600w\" sizes=\"(max-width: 1024px) 100vw, 1024px\" \/><\/p>\n<p>&nbsp;<\/p>\n<p><span style=\"font-weight: 400;\">Todo el partido se lo vio mejor f\u00edsicamente a San Mart\u00edn pero hubo jugadores para resaltar de Cryder como su n\u00famero 5 <\/span><b><i>Bustos<\/i><\/b><span style=\"font-weight: 400;\">\u00a0 y el experimentado <\/span><b><i>Chavero.\u00a0<\/i><\/b><\/p>\n<p>&nbsp;<\/p>\n<p><span style=\"font-weight: 400;\">Ahora ambos equipos deber\u00edan recapitular y seguir en el torneo con m\u00e1s expectativas. Hablamos con Sebas Lopez y nos da un an\u00e1lisis para el aplauso, m\u00e1s claro \u00e9chale agua:<\/span><\/p>\n<p>&nbsp;<\/p>\n<p style=\"text-align: center;\"><b><i>\u201cYo sabia a quien enfrentaba, sabia que est\u00e1n 3 o 4 escalones arriba f\u00edsicamente\u201d<\/i><\/b><\/p>\n<p style=\"text-align: center;\"><b><i>\u201cLastima que no empatamos en el primer tiempo, sino bancabamos el partido, porque ellos f\u00edsicamente se iban a venir\u201d<\/i><\/b><\/p>\n<p><img decoding=\"async\" class=\"aligncenter wp-image-9023 size-full\" src=\"https:\/\/comunicartesanluis.com\/v1\/wp-content\/uploads\/2023\/05\/WhatsApp-Image-2023-05-15-at-09.32.46.jpeg\" alt=\"\" width=\"1024\" height=\"768\" srcset=\"https:\/\/comunicartesanluis.com\/v1\/wp-content\/uploads\/2023\/05\/WhatsApp-Image-2023-05-15-at-09.32.46-200x150.jpeg 200w, https:\/\/comunicartesanluis.com\/v1\/wp-content\/uploads\/2023\/05\/WhatsApp-Image-2023-05-15-at-09.32.46-300x225.jpeg 300w, https:\/\/comunicartesanluis.com\/v1\/wp-content\/uploads\/2023\/05\/WhatsApp-Image-2023-05-15-at-09.32.46-400x300.jpeg 400w, https:\/\/comunicartesanluis.com\/v1\/wp-content\/uploads\/2023\/05\/WhatsApp-Image-2023-05-15-at-09.32.46-600x450.jpeg 600w, https:\/\/comunicartesanluis.com\/v1\/wp-content\/uploads\/2023\/05\/WhatsApp-Image-2023-05-15-at-09.32.46-768x576.jpeg 768w, https:\/\/comunicartesanluis.com\/v1\/wp-content\/uploads\/2023\/05\/WhatsApp-Image-2023-05-15-at-09.32.46-800x600.jpeg 800w, https:\/\/comunicartesanluis.com\/v1\/wp-content\/uploads\/2023\/05\/WhatsApp-Image-2023-05-15-at-09.32.46.jpeg 1024w\" sizes=\"(max-width: 1024px) 100vw, 1024px\" \/><\/p>\n<p style=\"text-align: center;\"><b><i>\u201cSan Mart\u00edn te hace desgastar, Alan hizo un gran trabajo con nuestros centrales\u201d\u00a0<\/i><\/b><\/p>\n<p style=\"text-align: center;\"><b><i>\u201c Es un equipo muy trabajado, a nosotros nos falta un poco m\u00e1s y prepararnos para lo que queremos apuntar\u201d\u00a0<\/i><\/b><\/p>\n<p style=\"text-align: center;\"><b><i>\u201cTe lo dije antes del partido, conf\u00edo en el amor propio de mi equipo, pero con eso no ganas los partidos\u201d<\/i><\/b><\/p>\n<p style=\"text-align: center;\"><span style=\"font-weight: 400;\">Sub 17 Cryder 1 &#8211; 1 San Mart\u00edn.<\/span><\/p>\n<p style=\"text-align: center;\"><b><i>Goles: Mart\u00edn Pedernera (Cryder).<\/i><\/b><\/p>\n<p style=\"text-align: center;\"><em><strong>Dante Baigorria (SM).<\/strong><\/em><\/p>\n<p style=\"text-align: center;\"><span style=\"font-weight: 400;\">Sub 23 Cryder 2 &#8211; 1 San Mart\u00edn.<\/span><\/p>\n<p style=\"text-align: center;\"><b><i>Goles: Juan Oviedo (Penal), Rodrigo Sorrentino (Cryder).<\/i><\/b><\/p>\n<p style=\"text-align: center;\"><b><i>Germ\u00e1n<\/i><\/b><strong><em>\u00a0Burgo (SM).<\/em><\/strong><\/p>\n<p style=\"text-align: center;\"><span style=\"font-weight: 400;\">Primera Cryder 0 &#8211; 2 San Mart\u00edn.\u00a0<\/span><\/p>\n<p style=\"text-align: center;\"><b><i>Goles: Damian Lopez, Alan Villegas.<\/i><\/b><\/p>\n<p>&nbsp;<\/p>\n<p><span style=\"font-weight: 400;\">Nos vamos para Valle y hablamos con <\/span><b><i>Barzola DT de Concar\u00e1n<\/i><\/b><span style=\"font-weight: 400;\"> y nos cont\u00f3 su an\u00e1lisis del partido:\u00a0<\/span><\/p>\n<p>&nbsp;<\/p>\n<p style=\"text-align: center;\"><b><i>\u201c Creo que fuimos amplios dominadores, pero en un error de salida cometemos un penal\u201d<\/i><\/b><\/p>\n<p style=\"text-align: center;\"><b><i>\u201cComo todo equipo nuevo, nos falta esa cuota de suerte, tuvimos varias oportunidades\u201d<\/i><\/b><b><i><\/i><\/b><\/p>\n<p>&nbsp;<\/p>\n<p style=\"text-align: center;\"><b><i>\u201cDespu\u00e9s fue un partido muy trabado, hay que seguir trabajando por que son muy jovenes\u201d<\/i><\/b><\/p>\n<p style=\"text-align: center;\"><b><i>\u201c No hay que reprochar nada al equipo, son un equipo joven y nos falta un poco de suerte, ya vendran las buenas\u201d<\/i><\/b><\/p>\n<p>&nbsp;<\/p>\n<p style=\"text-align: center;\"><span style=\"font-weight: 400;\">Sub 17 Concar\u00e1n 2 &#8211; 1 San Mart\u00edn de SR.<\/span><\/p>\n<p><img decoding=\"async\" class=\"aligncenter wp-image-9029 size-large\" src=\"https:\/\/comunicartesanluis.com\/v1\/wp-content\/uploads\/2023\/05\/WhatsApp-Image-2023-05-15-at-10.09.05-1024x768.jpeg\" alt=\"\" width=\"1024\" height=\"768\" srcset=\"https:\/\/comunicartesanluis.com\/v1\/wp-content\/uploads\/2023\/05\/WhatsApp-Image-2023-05-15-at-10.09.05-200x150.jpeg 200w, https:\/\/comunicartesanluis.com\/v1\/wp-content\/uploads\/2023\/05\/WhatsApp-Image-2023-05-15-at-10.09.05-300x225.jpeg 300w, https:\/\/comunicartesanluis.com\/v1\/wp-content\/uploads\/2023\/05\/WhatsApp-Image-2023-05-15-at-10.09.05-400x300.jpeg 400w, https:\/\/comunicartesanluis.com\/v1\/wp-content\/uploads\/2023\/05\/WhatsApp-Image-2023-05-15-at-10.09.05-600x450.jpeg 600w, https:\/\/comunicartesanluis.com\/v1\/wp-content\/uploads\/2023\/05\/WhatsApp-Image-2023-05-15-at-10.09.05-768x576.jpeg 768w, https:\/\/comunicartesanluis.com\/v1\/wp-content\/uploads\/2023\/05\/WhatsApp-Image-2023-05-15-at-10.09.05-800x600.jpeg 800w, https:\/\/comunicartesanluis.com\/v1\/wp-content\/uploads\/2023\/05\/WhatsApp-Image-2023-05-15-at-10.09.05-1024x768.jpeg 1024w, https:\/\/comunicartesanluis.com\/v1\/wp-content\/uploads\/2023\/05\/WhatsApp-Image-2023-05-15-at-10.09.05.jpeg 1156w\" sizes=\"(max-width: 1024px) 100vw, 1024px\" \/><\/p>\n<p style=\"text-align: center;\"><b><i>Goles:<\/i><\/b> <b><i>Matias Castro Nievas y Julian Luis Aguirre.\u00a0<\/i><\/b><\/p>\n<p style=\"text-align: center;\"><b><i>Mateo Quiroga (SM).<\/i><\/b><\/p>\n<p style=\"text-align: center;\"><span style=\"font-weight: 400;\">Sub 23 Concar\u00e1n 1 &#8211; 1 San Mart\u00edn de SR.<\/span><\/p>\n<p><img decoding=\"async\" class=\"aligncenter wp-image-9030 size-large\" src=\"https:\/\/comunicartesanluis.com\/v1\/wp-content\/uploads\/2023\/05\/WhatsApp-Image-2023-05-15-at-10.09.04-1-1024x768.jpeg\" alt=\"\" width=\"1024\" height=\"768\" srcset=\"https:\/\/comunicartesanluis.com\/v1\/wp-content\/uploads\/2023\/05\/WhatsApp-Image-2023-05-15-at-10.09.04-1-200x150.jpeg 200w, https:\/\/comunicartesanluis.com\/v1\/wp-content\/uploads\/2023\/05\/WhatsApp-Image-2023-05-15-at-10.09.04-1-300x225.jpeg 300w, https:\/\/comunicartesanluis.com\/v1\/wp-content\/uploads\/2023\/05\/WhatsApp-Image-2023-05-15-at-10.09.04-1-400x300.jpeg 400w, https:\/\/comunicartesanluis.com\/v1\/wp-content\/uploads\/2023\/05\/WhatsApp-Image-2023-05-15-at-10.09.04-1-600x450.jpeg 600w, https:\/\/comunicartesanluis.com\/v1\/wp-content\/uploads\/2023\/05\/WhatsApp-Image-2023-05-15-at-10.09.04-1-768x576.jpeg 768w, https:\/\/comunicartesanluis.com\/v1\/wp-content\/uploads\/2023\/05\/WhatsApp-Image-2023-05-15-at-10.09.04-1-800x600.jpeg 800w, https:\/\/comunicartesanluis.com\/v1\/wp-content\/uploads\/2023\/05\/WhatsApp-Image-2023-05-15-at-10.09.04-1-1024x768.jpeg 1024w, https:\/\/comunicartesanluis.com\/v1\/wp-content\/uploads\/2023\/05\/WhatsApp-Image-2023-05-15-at-10.09.04-1.jpeg 1156w\" sizes=\"(max-width: 1024px) 100vw, 1024px\" \/><\/p>\n<p style=\"text-align: center;\"><b><i>Gol:\u00a0 Lautaro Cuello (Concar\u00e1n).\u00a0<\/i><\/b><\/p>\n<p style=\"text-align: center;\"><b><i>Drupy Alcalde (SM).<\/i><\/b><\/p>\n<p style=\"text-align: center;\"><span style=\"font-weight: 400;\">Primera Concar\u00e1n 0 &#8211; 1 San Mart\u00edn de SR.<\/span><\/p>\n<p style=\"text-align: center;\"><b><i>Gol: Jony \u201cPinocho\u201d Farias (Penal).<\/i><\/b><\/p>\n<p><img decoding=\"async\" class=\"aligncenter wp-image-9031 size-large\" src=\"https:\/\/comunicartesanluis.com\/v1\/wp-content\/uploads\/2023\/05\/WhatsApp-Image-2023-05-15-at-10.09.04-1024x768.jpeg\" alt=\"\" width=\"1024\" height=\"768\" srcset=\"https:\/\/comunicartesanluis.com\/v1\/wp-content\/uploads\/2023\/05\/WhatsApp-Image-2023-05-15-at-10.09.04-200x150.jpeg 200w, https:\/\/comunicartesanluis.com\/v1\/wp-content\/uploads\/2023\/05\/WhatsApp-Image-2023-05-15-at-10.09.04-300x225.jpeg 300w, https:\/\/comunicartesanluis.com\/v1\/wp-content\/uploads\/2023\/05\/WhatsApp-Image-2023-05-15-at-10.09.04-400x300.jpeg 400w, https:\/\/comunicartesanluis.com\/v1\/wp-content\/uploads\/2023\/05\/WhatsApp-Image-2023-05-15-at-10.09.04-600x450.jpeg 600w, https:\/\/comunicartesanluis.com\/v1\/wp-content\/uploads\/2023\/05\/WhatsApp-Image-2023-05-15-at-10.09.04-768x576.jpeg 768w, https:\/\/comunicartesanluis.com\/v1\/wp-content\/uploads\/2023\/05\/WhatsApp-Image-2023-05-15-at-10.09.04-800x600.jpeg 800w, https:\/\/comunicartesanluis.com\/v1\/wp-content\/uploads\/2023\/05\/WhatsApp-Image-2023-05-15-at-10.09.04-1024x768.jpeg 1024w, https:\/\/comunicartesanluis.com\/v1\/wp-content\/uploads\/2023\/05\/WhatsApp-Image-2023-05-15-at-10.09.04-1200x900.jpeg 1200w, https:\/\/comunicartesanluis.com\/v1\/wp-content\/uploads\/2023\/05\/WhatsApp-Image-2023-05-15-at-10.09.04-1536x1152.jpeg 1536w, https:\/\/comunicartesanluis.com\/v1\/wp-content\/uploads\/2023\/05\/WhatsApp-Image-2023-05-15-at-10.09.04.jpeg 1600w\" sizes=\"(max-width: 1024px) 100vw, 1024px\" \/><\/p>\n<p>&nbsp;<\/p>\n<p><span style=\"font-weight: 400;\">Por el lado de Casino hablamos con el \u201cChino\u201d Bustos que nos cont\u00f3 de la victoria del timbero vs Villa Larca:<\/span><\/p>\n<p><img decoding=\"async\" class=\"aligncenter wp-image-9034 size-full\" src=\"https:\/\/comunicartesanluis.com\/v1\/wp-content\/uploads\/2023\/05\/WhatsApp-Image-2023-05-15-at-12.10.24.jpeg\" alt=\"\" width=\"540\" height=\"453\" srcset=\"https:\/\/comunicartesanluis.com\/v1\/wp-content\/uploads\/2023\/05\/WhatsApp-Image-2023-05-15-at-12.10.24-200x168.jpeg 200w, https:\/\/comunicartesanluis.com\/v1\/wp-content\/uploads\/2023\/05\/WhatsApp-Image-2023-05-15-at-12.10.24-300x252.jpeg 300w, https:\/\/comunicartesanluis.com\/v1\/wp-content\/uploads\/2023\/05\/WhatsApp-Image-2023-05-15-at-12.10.24-400x336.jpeg 400w, https:\/\/comunicartesanluis.com\/v1\/wp-content\/uploads\/2023\/05\/WhatsApp-Image-2023-05-15-at-12.10.24.jpeg 540w\" sizes=\"(max-width: 540px) 100vw, 540px\" \/><\/p>\n<p style=\"text-align: center;\"><b><i>\u201cTuvimos un primer tiempo con muchas llegadas claras, bien en toques\u201d<\/i><\/b><\/p>\n<p style=\"text-align: center;\"><b><i>\u201cEn el segundo tiempo ensuciaron el partido y nosotros nos metimos en esa que nos perjudic\u00f3\u201d<\/i><\/b><\/p>\n<p style=\"text-align: center;\"><b><i>\u201cDespu\u00e9s nos llevaron a nuestro arco a puro pelotazo y tiros libres, no tuvieron claras igual\u201d<\/i><\/b><\/p>\n<p style=\"text-align: center;\"><b><i>\u201cEl arbitraje dej\u00f3 muchas dudas\u201d<\/i><\/b><\/p>\n<p style=\"text-align: center;\"><span style=\"font-weight: 400;\">Sub 17 Villa Larca no presento<\/span><\/p>\n<p style=\"text-align: center;\"><span style=\"font-weight: 400;\">Sub 23 Casino 2 &#8211; 1 Villa Larca<\/span><\/p>\n<p style=\"text-align: center;\"><b><i>Goles: Bautista Mart\u00ednez y Juli\u00e1n Reydico.<\/i><\/b><\/p>\n<p style=\"text-align: center;\"><span style=\"font-weight: 400;\">\u00a0Primera Casino 1 &#8211; 0 Villa Larca.<\/span><\/p>\n<p style=\"text-align: center;\"><em><b>Gol: \u201cPepo\u201d Becerra<\/b><\/em><\/p>\n<p><span style=\"font-weight: 400;\">Nos vamos lejitos hasta Naschel que enfrentaba al duro Pringles de La Toma y los locales se quedaron con toda la tira.Hablamos con<\/span><b><i> Aldo Barroso<\/i><\/b><span style=\"font-weight: 400;\"> que nos cont\u00f3:<\/span><\/p>\n<p>&nbsp;<\/p>\n<p style=\"text-align: center;\"><b><i>\u201c Partido bastante trabado, muy peleado en el medio, mucho pelotazo\u201d<\/i><\/b><\/p>\n<p style=\"text-align: center;\"><b><i>\u201cMediados del segundo tiempo pudimos hacer el gol\u201d<\/i><\/b><\/p>\n<p style=\"text-align: center;\"><b><i>\u201cTenemos que rever varias cosas, ellos propusieron ese partido y no pudimos desarmar su juego\u201d<\/i><\/b><\/p>\n<p style=\"text-align: center;\"><b><i>\u201c Por suerte en los \u00faltimos 15, 20 minuto pudimos hacer nuestro juego y la diferencia\u201d<\/i><\/b><\/p>\n<p style=\"text-align: center;\"><span style=\"font-weight: 400;\">Sub 17 Naschel 2 &#8211; 1 Pringles LT<\/span><\/p>\n<p style=\"text-align: center;\"><b><i>Goles: Bayan Herrera x2 (Naschel).<\/i><\/b><\/p>\n<p style=\"text-align: center;\"><span style=\"font-weight: 400;\">Sub 23 Naschel 2 &#8211; 1 Pringles LT<\/span><\/p>\n<p style=\"text-align: center;\"><b><i>Goles: Alex Aguero x2.<\/i><\/b><\/p>\n<p style=\"text-align: center;\"><span style=\"font-weight: 400;\">Primera Naschel 1\u00a0 &#8211; 0 Pringles LT<\/span><\/p>\n<p style=\"text-align: center;\"><b><i>Gol: Sebastian Romero.<\/i><\/b><\/p>\n<p>&nbsp;<\/p>\n<p>&nbsp;<\/p>\n<p>&nbsp;<\/p>\n<p>&nbsp;<\/p>\n<p><span style=\"font-weight: 400;\">En Santa Rosa el otro local se qued\u00f3 con dos partidos, de los tres de la tira, hablamos con <\/span><b>Carlos Rene<\/b><span style=\"font-weight: 400;\"> y nos dio su exhaustivo an\u00e1lisis:\u00a0<\/span><\/p>\n<p>&nbsp;<\/p>\n<p style=\"text-align: center;\"><span style=\"font-weight: 400;\">Sub 17 Pringles SR 1 &#8211; 0 Cortaderas.<\/span><\/p>\n<p style=\"text-align: center;\"><b><i>Gol: Maximo \u201cBebe\u201d Perez.<\/i><\/b><\/p>\n<p style=\"text-align: center;\"><span style=\"font-weight: 400;\">Sub 23 Pringles SR 2 &#8211; 2 Cortaderas.<\/span><\/p>\n<p style=\"text-align: center;\"><b><i>Goles: Ale Paez x2 (Uno en contra)(PSR).<\/i><\/b><\/p>\n<p style=\"text-align: center;\"><b><i>Luis Ozan (PSR).<\/i><\/b><\/p>\n<p style=\"text-align: center;\"><span style=\"font-weight: 400;\">Primera Pringles SR 1 &#8211; 0 Cortaderas.\u00a0<\/span><\/p>\n<p style=\"text-align: center;\"><b><i>Gol: Hubo Cuello Pringles de Santa Rosa.<\/i><\/b><\/p>\n<p>&nbsp;<\/p>\n<p><img decoding=\"async\" class=\"aligncenter wp-image-9035 size-full\" src=\"https:\/\/comunicartesanluis.com\/v1\/wp-content\/uploads\/2023\/05\/WhatsApp-Image-2023-05-15-at-10.08.34.jpeg\" alt=\"\" width=\"515\" height=\"525\" srcset=\"https:\/\/comunicartesanluis.com\/v1\/wp-content\/uploads\/2023\/05\/WhatsApp-Image-2023-05-15-at-10.08.34-66x66.jpeg 66w, https:\/\/comunicartesanluis.com\/v1\/wp-content\/uploads\/2023\/05\/WhatsApp-Image-2023-05-15-at-10.08.34-200x204.jpeg 200w, https:\/\/comunicartesanluis.com\/v1\/wp-content\/uploads\/2023\/05\/WhatsApp-Image-2023-05-15-at-10.08.34-294x300.jpeg 294w, https:\/\/comunicartesanluis.com\/v1\/wp-content\/uploads\/2023\/05\/WhatsApp-Image-2023-05-15-at-10.08.34-400x408.jpeg 400w, https:\/\/comunicartesanluis.com\/v1\/wp-content\/uploads\/2023\/05\/WhatsApp-Image-2023-05-15-at-10.08.34.jpeg 515w\" sizes=\"(max-width: 515px) 100vw, 515px\" \/> <img decoding=\"async\" class=\"aligncenter wp-image-9036 size-full\" src=\"https:\/\/comunicartesanluis.com\/v1\/wp-content\/uploads\/2023\/05\/WhatsApp-Image-2023-05-15-at-10.08.13.jpeg\" alt=\"\" width=\"1249\" height=\"529\" srcset=\"https:\/\/comunicartesanluis.com\/v1\/wp-content\/uploads\/2023\/05\/WhatsApp-Image-2023-05-15-at-10.08.13-200x85.jpeg 200w, https:\/\/comunicartesanluis.com\/v1\/wp-content\/uploads\/2023\/05\/WhatsApp-Image-2023-05-15-at-10.08.13-300x127.jpeg 300w, https:\/\/comunicartesanluis.com\/v1\/wp-content\/uploads\/2023\/05\/WhatsApp-Image-2023-05-15-at-10.08.13-400x169.jpeg 400w, https:\/\/comunicartesanluis.com\/v1\/wp-content\/uploads\/2023\/05\/WhatsApp-Image-2023-05-15-at-10.08.13-600x254.jpeg 600w, https:\/\/comunicartesanluis.com\/v1\/wp-content\/uploads\/2023\/05\/WhatsApp-Image-2023-05-15-at-10.08.13-768x325.jpeg 768w, https:\/\/comunicartesanluis.com\/v1\/wp-content\/uploads\/2023\/05\/WhatsApp-Image-2023-05-15-at-10.08.13-800x339.jpeg 800w, https:\/\/comunicartesanluis.com\/v1\/wp-content\/uploads\/2023\/05\/WhatsApp-Image-2023-05-15-at-10.08.13-1024x434.jpeg 1024w, https:\/\/comunicartesanluis.com\/v1\/wp-content\/uploads\/2023\/05\/WhatsApp-Image-2023-05-15-at-10.08.13-1200x508.jpeg 1200w, https:\/\/comunicartesanluis.com\/v1\/wp-content\/uploads\/2023\/05\/WhatsApp-Image-2023-05-15-at-10.08.13.jpeg 1249w\" sizes=\"(max-width: 1249px) 100vw, 1249px\" \/> <img decoding=\"async\" class=\"aligncenter wp-image-9037 size-full\" src=\"https:\/\/comunicartesanluis.com\/v1\/wp-content\/uploads\/2023\/05\/WhatsApp-Image-2023-05-15-at-10.08.09.jpeg\" alt=\"\" width=\"637\" height=\"536\" srcset=\"https:\/\/comunicartesanluis.com\/v1\/wp-content\/uploads\/2023\/05\/WhatsApp-Image-2023-05-15-at-10.08.09-200x168.jpeg 200w, https:\/\/comunicartesanluis.com\/v1\/wp-content\/uploads\/2023\/05\/WhatsApp-Image-2023-05-15-at-10.08.09-300x252.jpeg 300w, https:\/\/comunicartesanluis.com\/v1\/wp-content\/uploads\/2023\/05\/WhatsApp-Image-2023-05-15-at-10.08.09-400x337.jpeg 400w, https:\/\/comunicartesanluis.com\/v1\/wp-content\/uploads\/2023\/05\/WhatsApp-Image-2023-05-15-at-10.08.09-600x505.jpeg 600w, https:\/\/comunicartesanluis.com\/v1\/wp-content\/uploads\/2023\/05\/WhatsApp-Image-2023-05-15-at-10.08.09.jpeg 637w\" sizes=\"(max-width: 637px) 100vw, 637px\" \/><\/p>\n","protected":false},"excerpt":{"rendered":"<p>Estuvimos presente en la victoria de San Mart\u00edn vs Cryder y hablamos con la mayor\u00eda de los t\u00e9cnicos para que nos cuentes sus partidos, qu\u00e9date ah\u00ed, ent\u00e9rate de todo!!!<\/p>\n","protected":false},"author":3,"featured_media":8988,"comment_status":"open","ping_status":"open","sticky":false,"template":"","format":"standard","meta":{"_jetpack_memberships_contains_paid_content":false,"footnotes":""},"categories":[15,16],"tags":[],"class_list":["post-9022","post","type-post","status-publish","format-standard","has-post-thumbnail","hentry","category-deporte","category-local"],"jetpack_featured_media_url":"https:\/\/comunicartesanluis.com\/v1\/wp-content\/uploads\/2023\/05\/images-1-1.png","jetpack_sharing_enabled":true,"_links":{"self":[{"href":"https:\/\/comunicartesanluis.com\/index.php\/wp-json\/wp\/v2\/posts\/9022","targetHints":{"allow":["GET"]}}],"collection":[{"href":"https:\/\/comunicartesanluis.com\/index.php\/wp-json\/wp\/v2\/posts"}],"about":[{"href":"https:\/\/comunicartesanluis.com\/index.php\/wp-json\/wp\/v2\/types\/post"}],"author":[{"embeddable":true,"href":"https:\/\/comunicartesanluis.com\/index.php\/wp-json\/wp\/v2\/users\/3"}],"replies":[{"embeddable":true,"href":"https:\/\/comunicartesanluis.com\/index.php\/wp-json\/wp\/v2\/comments?post=9022"}],"version-history":[{"count":2,"href":"https:\/\/comunicartesanluis.com\/index.php\/wp-json\/wp\/v2\/posts\/9022\/revisions"}],"predecessor-version":[{"id":9039,"href":"https:\/\/comunicartesanluis.com\/index.php\/wp-json\/wp\/v2\/posts\/9022\/revisions\/9039"}],"wp:featuredmedia":[{"embeddable":true,"href":"https:\/\/comunicartesanluis.com\/index.php\/wp-json\/wp\/v2\/media\/8988"}],"wp:attachment":[{"href":"https:\/\/comunicartesanluis.com\/index.php\/wp-json\/wp\/v2\/media?parent=9022"}],"wp:term":[{"taxonomy":"category","embeddable":true,"href":"https:\/\/comunicartesanluis.com\/index.php\/wp-json\/wp\/v2\/categories?post=9022"},{"taxonomy":"post_tag","embeddable":true,"href":"https:\/\/comunicartesanluis.com\/index.php\/wp-json\/wp\/v2\/tags?post=9022"}],"curies":[{"name":"wp","href":"https:\/\/api.w.org\/{rel}","templated":true}]}}