{"id":9074,"date":"2023-05-17T21:00:49","date_gmt":"2023-05-18T00:00:49","guid":{"rendered":"https:\/\/comunicartesanluis.com\/?p=9074"},"modified":"2023-05-18T07:54:39","modified_gmt":"2023-05-18T10:54:39","slug":"oro-y-bronce-en-concepcion-del-uruguay","status":"publish","type":"post","link":"https:\/\/comunicartesanluis.com\/index.php\/2023\/05\/17\/oro-y-bronce-en-concepcion-del-uruguay\/","title":{"rendered":"Oro y Bronce en Concepci\u00f3n del Uruguay"},"content":{"rendered":"<p>El \u00faltimo fin de semana se disput\u00f3 el 103\u00ba Campeonato Nacional de Atletismo en Mayores en Concepci\u00f3n del Uruguay, Entre R\u00edos. All\u00ed estuvo la elite argentina en la disciplina y San Luis cont\u00f3 con un equipo integrado por quince atletas. La acci\u00f3n se desarroll\u00f3 a lo largo de tres jornadas \u2014del viernes 12 al domingo 14\u2014 y los representantes de nuestra provincia cosecharon cuatro medallas.<\/p>\n<p>La primera alegr\u00eda lleg\u00f3 con Valentina Polanco, que se consagr\u00f3 bicampeona argentina en 100 metros con vallas. La puntana gan\u00f3 la final sin sobresaltos con una marca de 14.55. Previamente super\u00f3 la serie 2 con un primer lugar en donde detuvo el reloj en 14.71.<\/p>\n<p>\u201cEstoy contenta, vine a disfrutar la prueba. Siempre es lindo representar a mi provincia y al pa\u00eds. Ten\u00eda que estar en este Nacional porque mi objetivo es correr el Sudamericano\u201d, dijo \u00abPola\u00bb minutos despu\u00e9s de alcanzar el triunfo.<\/p>\n<p>En el segundo d\u00eda de actividad fue Santiago Riveira Rodr\u00edguez quien alcanz\u00f3 el tercer puesto en la final directa de los 110 metros con vallas, con 15.62. \u201cLa marca no estuvo buena por varias condiciones, pero tambi\u00e9n me quedo con esto de estar entre los mejores de Argentina en la prueba, conseguir una nueva medalla, seguir sumando experiencias y tener este roce competitivo\u201d, se\u00f1al\u00f3.<\/p>\n<p>Ya en la tercera y \u00faltima jornada llegaron dos podios m\u00e1s para la delegaci\u00f3n sanluise\u00f1a. El primero fue con Bruno de Genaro, que se consagr\u00f3 campe\u00f3n nacional en Mayores por primera vez en su carrera deportiva. Lo hizo en 400 metros con vallas, su especialidad, con un tiempo de 51.18, que fue su mejor marca del a\u00f1o y su segundo mejor registro en la prueba, solo superado por el 50.86 que logr\u00f3 en el Mundial U20 en Cali en 2022. El d\u00eda anterior hab\u00eda logrado la clasificaci\u00f3n a la final ganando la Serie 2 con 52.15. \u201cMe sent\u00ed bien aunque en el desarrollo de la carrera comet\u00ed varios errores, que tengo que seguir trabajando. De todas maneras, sali\u00f3 muy linda marca\u00bb, subray\u00f3 el \u00abCardenal\u00bb.<\/p>\n<p>Quien tambi\u00e9n alcanz\u00f3 el podio fue Leandro Paris, al ser tercero en 800 metros llanos en un final muy apretado. El mundialista marc\u00f3 1.53.23 en la carrera decisiva y 1.53.06 en la Serie 1. \u201cEn la final qued\u00e9 encerrado y no pude salir. Pens\u00e9 que alguno saldr\u00eda a buscar; yo reci\u00e9n pude salir pasando los 500 metros, y sali\u00f3 ese remate final. El que viene de atr\u00e1s tiene cierta ventaja y energ\u00eda extra y se dio ese desenlace. Me quedo con un gran aprendizaje para lo que viene\u00bb, dijo Paris.<\/p>\n<p>En suelo entrerriano tambi\u00e9n compitieron las velocistas Leslie Lucero, Gabriela Silvestri, Lourdes Ag\u00fcero y Gonzalo Delgado Mons; los mediofondistas Nahuel Cab\u00e1\u00f1ez y Facundo Olgu\u00edn; las fondistas Karen Yacanto y D\u00e9bora Alcaraz, m\u00e1s Mateo Coria; y los lanzadores Federico Cavallera y Dana Rivas. El equipo fue acompa\u00f1ado por los entrenadores Silvio Ludue\u00f1a y Ram\u00f3n Cab\u00e1\u00f1ez, m\u00e1s Mayka Garoglio.<\/p>\n<p>&nbsp;<\/p>\n","protected":false},"excerpt":{"rendered":"<p>Brillaron Valentina Polanco y Bruno de Genaro. Leandro Paris y Santiago Riveira subieron al podio.<\/p>\n","protected":false},"author":8,"featured_media":9075,"comment_status":"open","ping_status":"open","sticky":false,"template":"","format":"standard","meta":{"_jetpack_memberships_contains_paid_content":false,"footnotes":""},"categories":[15,16,17],"tags":[],"class_list":["post-9074","post","type-post","status-publish","format-standard","has-post-thumbnail","hentry","category-deporte","category-local","category-nacional"],"jetpack_featured_media_url":"https:\/\/comunicartesanluis.com\/v1\/wp-content\/uploads\/2023\/05\/1684254740257.webp","jetpack_sharing_enabled":true,"_links":{"self":[{"href":"https:\/\/comunicartesanluis.com\/index.php\/wp-json\/wp\/v2\/posts\/9074","targetHints":{"allow":["GET"]}}],"collection":[{"href":"https:\/\/comunicartesanluis.com\/index.php\/wp-json\/wp\/v2\/posts"}],"about":[{"href":"https:\/\/comunicartesanluis.com\/index.php\/wp-json\/wp\/v2\/types\/post"}],"author":[{"embeddable":true,"href":"https:\/\/comunicartesanluis.com\/index.php\/wp-json\/wp\/v2\/users\/8"}],"replies":[{"embeddable":true,"href":"https:\/\/comunicartesanluis.com\/index.php\/wp-json\/wp\/v2\/comments?post=9074"}],"version-history":[{"count":1,"href":"https:\/\/comunicartesanluis.com\/index.php\/wp-json\/wp\/v2\/posts\/9074\/revisions"}],"predecessor-version":[{"id":9076,"href":"https:\/\/comunicartesanluis.com\/index.php\/wp-json\/wp\/v2\/posts\/9074\/revisions\/9076"}],"wp:featuredmedia":[{"embeddable":true,"href":"https:\/\/comunicartesanluis.com\/index.php\/wp-json\/wp\/v2\/media\/9075"}],"wp:attachment":[{"href":"https:\/\/comunicartesanluis.com\/index.php\/wp-json\/wp\/v2\/media?parent=9074"}],"wp:term":[{"taxonomy":"category","embeddable":true,"href":"https:\/\/comunicartesanluis.com\/index.php\/wp-json\/wp\/v2\/categories?post=9074"},{"taxonomy":"post_tag","embeddable":true,"href":"https:\/\/comunicartesanluis.com\/index.php\/wp-json\/wp\/v2\/tags?post=9074"}],"curies":[{"name":"wp","href":"https:\/\/api.w.org\/{rel}","templated":true}]}}