{"id":9077,"date":"2023-05-18T08:10:40","date_gmt":"2023-05-18T11:10:40","guid":{"rendered":"https:\/\/comunicartesanluis.com\/?p=9077"},"modified":"2023-05-18T08:21:14","modified_gmt":"2023-05-18T11:21:14","slug":"hoy-comienza-la-inscripcion-para-los-creditos-blandos-de-gobierno","status":"publish","type":"post","link":"https:\/\/comunicartesanluis.com\/index.php\/2023\/05\/18\/hoy-comienza-la-inscripcion-para-los-creditos-blandos-de-gobierno\/","title":{"rendered":"Hoy comienza la inscripci\u00f3n para los cr\u00e9ditos blandos de Gobierno"},"content":{"rendered":"<p>Los beneficiarios tendr\u00e1n dos opciones para el monto del cr\u00e9dito: para aquellos que soliciten el pr\u00e9stamo hasta el d\u00eda 8 de junio, el monto ser\u00e1 de 55.614 pesos; mientras que para aquellos que lo soliciten despu\u00e9s de esa fecha, el monto se incrementar\u00e1 a 62.566 pesos, teniendo en cuenta el aumento del 15% anunciado por el gobernador para el mes de junio.<\/p>\n<p>Para quienes se inscriban antes del 30 de mayo, el beneficio ser\u00e1 otorgado junto con el cobro correspondiente al mes de junio y para aquellos que completen su solicitud luego de este d\u00eda, se dispondr\u00e1n fechas de liquidaci\u00f3n dentro del mismo mes.<\/p>\n<p>Este programa de pr\u00e9stamos no contemplar\u00e1 el mes de gracia, lo que implica que los descuentos comenzar\u00e1n al mes siguiente de haber obtenido el pr\u00e9stamo.<\/p>\n<p>Los beneficiarios que tengan pr\u00e9stamos anteriores deber\u00e1n tener en cuenta que ver\u00e1n deducida una cuota del pr\u00e9stamo anterior y una cuota del nuevo pr\u00e9stamo hasta que se cancele completamente el primero.<\/p>\n<p>Con el objetivo de hacer el proceso lo m\u00e1s \u00e1gil y accesible posible, se establecer\u00e1n uno o dos puntos de inscripci\u00f3n por zona. Adem\u00e1s, se informar\u00e1 a los ciudadanos mediante un cronograma detallado que incluir\u00e1 los lugares, horarios y d\u00edas en los que podr\u00e1n acercarse a solicitar los pr\u00e9stamos.<\/p>\n<p><strong>El cronograma dispuesto por Desarrollo Social es:<\/strong><\/p>\n<p>SUM Anexo III, Barrio Eva Per\u00f3n, de 10:00 a 15:00.<\/p>\n<p>Club EFI (11 de Agosto y Av. Fuerza A\u00e9rea), desde el lunes 22 al mi\u00e9rcoles 24 de mayo, de 8:00 a 15:00.<\/p>\n<p>CAV Barrio Jard\u00edn San Luis, de 10:00 a 15:00.<\/p>\n<p>Sal\u00f3n 1\u00b0 de Mayo, de 8:30 a 12:30.<\/p>\n<p>Sal\u00f3n Vecinal Jard\u00edn Aeropuerto, de 9:00 a 16:00.<\/p>\n<p>Club de los Tres Barrios, de 9:00 a 12:00 y de 14:00 a 18:00.<\/p>\n<p>Centro de Jubilados (Sucre 1832), de 8:00 a 12:00.<\/p>\n<p>Sal\u00f3n Vialidad (V\u00edctor Tula y 25 de Agosto), 9:00 a 16:00.<\/p>\n<p>Berta Vidal de Battini, de 8:00 a 15:00.<\/p>\n<p>Falucho y G\u00fcemes, de 10:00 a 16:00.<\/p>\n<p>Plaza Barrio 131 Viviendas, de 10:00 a 16:00.<\/p>\n<p>San Mart\u00edn y Ej\u00e9rcito de los Andes, de 9:00 a 12:00 y de 14:00 a 18:00.<\/p>\n<p>Club Deportivo Estudiantes, de 8:00 a 12:00.<\/p>\n<p>Instituto de Ciencia y Tecnolog\u00eda, del lunes 22 al mi\u00e9rcoles 24 de mayo, de 9:00 a 12:00.<\/p>\n<p>Sarmiento esq. Ministro Berrondo, viernes 19 de mayo de 10:00 a 16:00.<\/p>\n<p>Sal\u00f3n Barrio Tibiletti, de 9:00 a 17:00.<\/p>\n<p>Cancha del Bajo, de 9:00 a 17:00.<\/p>\n<p>Plaza Pringles, de 8:00 a 19:00.<\/p>\n<p>Oficina de Turismo, de 8:00 a 19:00.<\/p>\n<p>Plaza Armada Argentina, de 16:00 a 19:00.<\/p>\n<p>Club La Merced, de 9:00 a 13:00. Los mi\u00e9rcoles de 14:00 a 17:00.<\/p>\n<p>Club Victoria, de 9:00 a 14:00.<\/p>\n<p>Sal\u00f3n Jard\u00edn del Sur, de 9:00 a 12:00 y de 16:00 a 18:30.<\/p>\n<p>Club Serranias Puntanas (Mzna 127 y 144), de 9:00 a 12:00 y de 16:00 a 18:30.<\/p>\n<p>CAV Municipal F\u00e9lix Bogado, de 10:00 a 16:00.<\/p>\n<p>Hilario Ascasubi (entre Aguirre y G\u00f3mez), de 10:00 a 16:00.<\/p>\n<p>&nbsp;<\/p>\n<p>Nota y fotos: Prensa Ministerio de Desarrollo Social.<\/p>\n","protected":false},"excerpt":{"rendered":"<p>Las inscripciones para los beneficiarios de Inclusi\u00f3n Social que deseen acceder a los pr\u00e9stamos otorgados por el Gobierno de San Luis estar\u00e1n disponibles a partir de este jueves 18 de mayo.<\/p>\n","protected":false},"author":5,"featured_media":9078,"comment_status":"open","ping_status":"open","sticky":false,"template":"","format":"standard","meta":{"_jetpack_memberships_contains_paid_content":false,"footnotes":""},"categories":[1],"tags":[],"class_list":["post-9077","post","type-post","status-publish","format-standard","has-post-thumbnail","hentry","category-sin-categoria"],"jetpack_featured_media_url":"https:\/\/comunicartesanluis.com\/v1\/wp-content\/uploads\/2023\/05\/blandos.jpg","jetpack_sharing_enabled":true,"_links":{"self":[{"href":"https:\/\/comunicartesanluis.com\/index.php\/wp-json\/wp\/v2\/posts\/9077","targetHints":{"allow":["GET"]}}],"collection":[{"href":"https:\/\/comunicartesanluis.com\/index.php\/wp-json\/wp\/v2\/posts"}],"about":[{"href":"https:\/\/comunicartesanluis.com\/index.php\/wp-json\/wp\/v2\/types\/post"}],"author":[{"embeddable":true,"href":"https:\/\/comunicartesanluis.com\/index.php\/wp-json\/wp\/v2\/users\/5"}],"replies":[{"embeddable":true,"href":"https:\/\/comunicartesanluis.com\/index.php\/wp-json\/wp\/v2\/comments?post=9077"}],"version-history":[{"count":2,"href":"https:\/\/comunicartesanluis.com\/index.php\/wp-json\/wp\/v2\/posts\/9077\/revisions"}],"predecessor-version":[{"id":9080,"href":"https:\/\/comunicartesanluis.com\/index.php\/wp-json\/wp\/v2\/posts\/9077\/revisions\/9080"}],"wp:featuredmedia":[{"embeddable":true,"href":"https:\/\/comunicartesanluis.com\/index.php\/wp-json\/wp\/v2\/media\/9078"}],"wp:attachment":[{"href":"https:\/\/comunicartesanluis.com\/index.php\/wp-json\/wp\/v2\/media?parent=9077"}],"wp:term":[{"taxonomy":"category","embeddable":true,"href":"https:\/\/comunicartesanluis.com\/index.php\/wp-json\/wp\/v2\/categories?post=9077"},{"taxonomy":"post_tag","embeddable":true,"href":"https:\/\/comunicartesanluis.com\/index.php\/wp-json\/wp\/v2\/tags?post=9077"}],"curies":[{"name":"wp","href":"https:\/\/api.w.org\/{rel}","templated":true}]}}