{"id":9081,"date":"2023-05-18T08:20:30","date_gmt":"2023-05-18T11:20:30","guid":{"rendered":"https:\/\/comunicartesanluis.com\/?p=9081"},"modified":"2023-05-18T08:26:40","modified_gmt":"2023-05-18T11:26:40","slug":"a-57-anos-de-la-gran-final-de-la-copa-libertadores-entre-penarol-y-river-plate","status":"publish","type":"post","link":"https:\/\/comunicartesanluis.com\/index.php\/2023\/05\/18\/a-57-anos-de-la-gran-final-de-la-copa-libertadores-entre-penarol-y-river-plate\/","title":{"rendered":"A 57 a\u00f1os de la gran final de la Copa libertadores entre Pe\u00f1arol y River Plate"},"content":{"rendered":"<p><img decoding=\"async\" class=\"alignnone size-medium wp-image-9083\" src=\"https:\/\/comunicartesanluis.com\/v1\/wp-content\/uploads\/2023\/05\/river-campeon-300x218.jpg\" alt=\"\" width=\"300\" height=\"218\" srcset=\"https:\/\/comunicartesanluis.com\/v1\/wp-content\/uploads\/2023\/05\/river-campeon-200x145.jpg 200w, https:\/\/comunicartesanluis.com\/v1\/wp-content\/uploads\/2023\/05\/river-campeon-300x218.jpg 300w, https:\/\/comunicartesanluis.com\/v1\/wp-content\/uploads\/2023\/05\/river-campeon-400x291.jpg 400w, https:\/\/comunicartesanluis.com\/v1\/wp-content\/uploads\/2023\/05\/river-campeon.jpg 550w\" sizes=\"(max-width: 300px) 100vw, 300px\" \/><\/p>\n<p>La final de la Copa Libertadores 1966 fue disputada entre el Pe\u00f1arol de Uruguay y el River Plate de Argentina. El equipo uruguayo buscaba ganar la Copa Libertadores una vez m\u00e1s, mientras que el equipo argentino buscaba ganar la Copa Libertadores por primera vez en su historia.<\/p>\n<p>Dos d\u00edas despu\u00e9s en Santiago de Chile, se juagar\u00eda el partido de desempate, (la ida en Uruguay fue 2-0 para el local). Ermindo Onega -2- y Juan Carlos Sarnari hicieron los tantos del \u00abMillo\u00bb, mientras que Pedro Rocha y Alberto Spencer descontaron para los charr\u00faas.<\/p>\n<p>&nbsp;<\/p>\n<p><strong>Boca Juniors tambi\u00e9n dej\u00f3 su marca<\/strong><\/p>\n<p>Este mismo d\u00eda, un 18 de mayo, pero de 1986, Olimpo jug\u00f3 su primer partido oficial recibiendo en Bah\u00eda Blanca a el \u00abXeneize\u00bb quien se impuso por 3-2 en el estadio Roberto Carminatti, con goles del \u00abTuta\u00bb Torres -2- y Rinaldi.<\/p>\n<p>Para el \u00abAurinegro\u00bb marcaron Depietri y Stach. Fue una serie ida y vuelta correspondiente a la Liguilla Pre Libertadores, que inici\u00f3 en Buenos Aires con un empate 1-1 en La Bombonera. Dos partidazos.<\/p>\n<p><img decoding=\"async\" class=\"alignnone size-medium wp-image-9082\" src=\"https:\/\/comunicartesanluis.com\/v1\/wp-content\/uploads\/2023\/05\/olimpo1212003-300x180.jpg\" alt=\"\" width=\"300\" height=\"180\" srcset=\"https:\/\/comunicartesanluis.com\/v1\/wp-content\/uploads\/2023\/05\/olimpo1212003-200x120.jpg 200w, https:\/\/comunicartesanluis.com\/v1\/wp-content\/uploads\/2023\/05\/olimpo1212003-300x180.jpg 300w, https:\/\/comunicartesanluis.com\/v1\/wp-content\/uploads\/2023\/05\/olimpo1212003-400x240.jpg 400w, https:\/\/comunicartesanluis.com\/v1\/wp-content\/uploads\/2023\/05\/olimpo1212003.jpg 550w\" sizes=\"(max-width: 300px) 100vw, 300px\" \/><\/p>\n","protected":false},"excerpt":{"rendered":"<p>Fue un 18 de mayo de 1966, el \u201cMillo\u201d derrot\u00f3 a Pe\u00f1arol de Montevideo por 3 a 2 en El Monumental, cuando se disputaba el partido de vuelta de la final de la Copa Libertadores.<\/p>\n","protected":false},"author":5,"featured_media":9087,"comment_status":"open","ping_status":"open","sticky":false,"template":"","format":"standard","meta":{"_jetpack_memberships_contains_paid_content":false,"footnotes":""},"categories":[15],"tags":[],"class_list":["post-9081","post","type-post","status-publish","format-standard","has-post-thumbnail","hentry","category-deporte"],"jetpack_featured_media_url":"https:\/\/comunicartesanluis.com\/v1\/wp-content\/uploads\/2023\/05\/river-pena-2.jpg","jetpack_sharing_enabled":true,"_links":{"self":[{"href":"https:\/\/comunicartesanluis.com\/index.php\/wp-json\/wp\/v2\/posts\/9081","targetHints":{"allow":["GET"]}}],"collection":[{"href":"https:\/\/comunicartesanluis.com\/index.php\/wp-json\/wp\/v2\/posts"}],"about":[{"href":"https:\/\/comunicartesanluis.com\/index.php\/wp-json\/wp\/v2\/types\/post"}],"author":[{"embeddable":true,"href":"https:\/\/comunicartesanluis.com\/index.php\/wp-json\/wp\/v2\/users\/5"}],"replies":[{"embeddable":true,"href":"https:\/\/comunicartesanluis.com\/index.php\/wp-json\/wp\/v2\/comments?post=9081"}],"version-history":[{"count":2,"href":"https:\/\/comunicartesanluis.com\/index.php\/wp-json\/wp\/v2\/posts\/9081\/revisions"}],"predecessor-version":[{"id":9088,"href":"https:\/\/comunicartesanluis.com\/index.php\/wp-json\/wp\/v2\/posts\/9081\/revisions\/9088"}],"wp:featuredmedia":[{"embeddable":true,"href":"https:\/\/comunicartesanluis.com\/index.php\/wp-json\/wp\/v2\/media\/9087"}],"wp:attachment":[{"href":"https:\/\/comunicartesanluis.com\/index.php\/wp-json\/wp\/v2\/media?parent=9081"}],"wp:term":[{"taxonomy":"category","embeddable":true,"href":"https:\/\/comunicartesanluis.com\/index.php\/wp-json\/wp\/v2\/categories?post=9081"},{"taxonomy":"post_tag","embeddable":true,"href":"https:\/\/comunicartesanluis.com\/index.php\/wp-json\/wp\/v2\/tags?post=9081"}],"curies":[{"name":"wp","href":"https:\/\/api.w.org\/{rel}","templated":true}]}}