{"id":9089,"date":"2023-05-18T14:05:43","date_gmt":"2023-05-18T17:05:43","guid":{"rendered":"https:\/\/comunicartesanluis.com\/?p=9089"},"modified":"2023-05-18T14:05:43","modified_gmt":"2023-05-18T17:05:43","slug":"ezequiel-rodriguez-y-su-paso-por-la-elite-mundial","status":"publish","type":"post","link":"https:\/\/comunicartesanluis.com\/index.php\/2023\/05\/18\/ezequiel-rodriguez-y-su-paso-por-la-elite-mundial\/","title":{"rendered":"Ezequiel Rodriguez y su paso por la elite mundial."},"content":{"rendered":"<p>Desde ganar su primera carrera interbarrial hasta participar en desafiantes eventos y competencias en diferentes lugares del mundo, su historia es un testimonio de dedicaci\u00f3n y superaci\u00f3n personal.<\/p>\n<p>Ezequiel comenz\u00f3 su carrera ciclista con una victoria en una carrera interbarrial, lo que le dio confianza y motivaci\u00f3n para establecer metas cada vez m\u00e1s exigentes. A medida que progresaba, se propuso alcanzar distancias m\u00e1s largas, como 20 km, 30 km y 40 km, y participar en carreras m\u00e1s desafiantes. Su arduo entrenamiento y esfuerzo se vieron reflejados en los resultados de las carreras, ya que sus logros comenzaron a acumularse gradualmente.<\/p>\n<p><img decoding=\"async\" class=\"aligncenter wp-image-9096 size-full\" src=\"https:\/\/comunicartesanluis.com\/v1\/wp-content\/uploads\/2023\/05\/WhatsApp-Image-2023-05-16-at-10.37.06.jpeg\" alt=\"\" width=\"556\" height=\"480\" srcset=\"https:\/\/comunicartesanluis.com\/v1\/wp-content\/uploads\/2023\/05\/WhatsApp-Image-2023-05-16-at-10.37.06-200x173.jpeg 200w, https:\/\/comunicartesanluis.com\/v1\/wp-content\/uploads\/2023\/05\/WhatsApp-Image-2023-05-16-at-10.37.06-300x259.jpeg 300w, https:\/\/comunicartesanluis.com\/v1\/wp-content\/uploads\/2023\/05\/WhatsApp-Image-2023-05-16-at-10.37.06-400x345.jpeg 400w, https:\/\/comunicartesanluis.com\/v1\/wp-content\/uploads\/2023\/05\/WhatsApp-Image-2023-05-16-at-10.37.06.jpeg 556w\" sizes=\"(max-width: 556px) 100vw, 556px\" \/><\/p>\n<p>Una de las experiencias m\u00e1s impactantes en la vida de Ezequiel fue cuando particip\u00f3 en el evento conocido como \u00abEveresting\u00bb bajo la gu\u00eda de su entrenador Miguel Hidalgo. Consisti\u00f3 en subir y bajar repetidamente una colina hasta alcanzar la misma altitud que el Monte Everest. Aunque no logr\u00f3 completar el desaf\u00edo, Ezequiel subi\u00f3 seis veces seguidas sin detenerse durante 11 horas de pedaleo ininterrumpido, una haza\u00f1a extenuante pero que le brind\u00f3 una gran satisfacci\u00f3n personal y orgullo.<\/p>\n<div id=\"attachment_9097\" style=\"width: 725px\" class=\"wp-caption aligncenter\"><img decoding=\"async\" aria-describedby=\"caption-attachment-9097\" class=\"wp-image-9097 size-full\" src=\"https:\/\/comunicartesanluis.com\/v1\/wp-content\/uploads\/2023\/05\/WhatsApp-Image-2023-05-16-at-10.37.05.jpeg\" alt=\"\" width=\"715\" height=\"477\" srcset=\"https:\/\/comunicartesanluis.com\/v1\/wp-content\/uploads\/2023\/05\/WhatsApp-Image-2023-05-16-at-10.37.05-200x133.jpeg 200w, https:\/\/comunicartesanluis.com\/v1\/wp-content\/uploads\/2023\/05\/WhatsApp-Image-2023-05-16-at-10.37.05-300x200.jpeg 300w, https:\/\/comunicartesanluis.com\/v1\/wp-content\/uploads\/2023\/05\/WhatsApp-Image-2023-05-16-at-10.37.05-400x267.jpeg 400w, https:\/\/comunicartesanluis.com\/v1\/wp-content\/uploads\/2023\/05\/WhatsApp-Image-2023-05-16-at-10.37.05-600x400.jpeg 600w, https:\/\/comunicartesanluis.com\/v1\/wp-content\/uploads\/2023\/05\/WhatsApp-Image-2023-05-16-at-10.37.05.jpeg 715w\" sizes=\"(max-width: 715px) 100vw, 715px\" \/><p id=\"caption-attachment-9097\" class=\"wp-caption-text\"><strong>Ezequiel fue parte del equipo START<\/strong><\/p><\/div>\n<p>Otra experiencia significativa en su carrera ciclista fue su participaci\u00f3n en el \u00abTrasmonta\u00f1a\u00bb, una carrera que se lleva a cabo en Tucum\u00e1n, Argentina. En esta ocasi\u00f3n, Ezequiel acept\u00f3 el desaf\u00edo de correr junto a un amigo cuya pareja se hab\u00eda lesionado. A pesar de tener solo dos semanas para prepararse, logr\u00f3 completar la carrera a pesar de las ca\u00eddas y los calambres que sufri\u00f3 durante el recorrido. El hecho de compartir esta experiencia con otros ciclistas en una casa en medio de la monta\u00f1a, donde intercambiaron an\u00e9cdotas de carrera mientras disfrutaban de un asado, hizo que esta vivencia fuera a\u00fan m\u00e1s especial .<\/p>\n<p><img decoding=\"async\" class=\"aligncenter wp-image-9095 size-full\" src=\"https:\/\/comunicartesanluis.com\/v1\/wp-content\/uploads\/2023\/05\/WhatsApp-Image-2023-05-16-at-10.37.07.jpeg\" alt=\"\" width=\"586\" height=\"480\" srcset=\"https:\/\/comunicartesanluis.com\/v1\/wp-content\/uploads\/2023\/05\/WhatsApp-Image-2023-05-16-at-10.37.07-200x164.jpeg 200w, https:\/\/comunicartesanluis.com\/v1\/wp-content\/uploads\/2023\/05\/WhatsApp-Image-2023-05-16-at-10.37.07-300x246.jpeg 300w, https:\/\/comunicartesanluis.com\/v1\/wp-content\/uploads\/2023\/05\/WhatsApp-Image-2023-05-16-at-10.37.07-400x328.jpeg 400w, https:\/\/comunicartesanluis.com\/v1\/wp-content\/uploads\/2023\/05\/WhatsApp-Image-2023-05-16-at-10.37.07.jpeg 586w\" sizes=\"(max-width: 586px) 100vw, 586px\" \/><\/p>\n<p>Recientemente, Ezequiel tuvo la oportunidad de competir en Francia en una carrera de tres etapas, donde se enfrent\u00f3 a nuevos desaf\u00edos. Durante la primera etapa, tuvo que recorrer 120 km, enfrentando una subida empinada seguida de una bajada t\u00e9cnica y compitiendo contra ciclistas de alto nivel. En la segunda etapa, experiment\u00f3 problemas t\u00e9cnicos en su bicicleta que le hicieron perder tiempo en la contrarreloj, pero a pesar de ello, logr\u00f3 mantenerse en la competencia y no quedar en el \u00faltimo lugar. Finalmente, en la tercera etapa, que constaba de 90 km y diversas subidas, Ezequiel enfrent\u00f3 la fatiga acumulada de las etapas anteriores, pero logr\u00f3 terminar la carrera a pesar de que el pelot\u00f3n lo dej\u00f3 atr\u00e1s en la \u00faltima parte del recorrido.<\/p>\n<p style=\"text-align: center;\"><em>\u00abLa vuelta de Europa se debi\u00f3 a que yo fui por 3 meses, si daba un progreso notable me quedaba hasta que termine la temporada, que son m\u00e1s o menos unos 2 meses m\u00e1s. Y bueno el tiempo se termino y tuve que pegar la vuelta a casa habiendo estado 4.5 meses en b\u00e9lgica corriendo por todo el pa\u00eds\u00bb.<\/em><\/p>\n<p><img decoding=\"async\" class=\"aligncenter wp-image-9098 size-full\" src=\"https:\/\/comunicartesanluis.com\/v1\/wp-content\/uploads\/2023\/05\/WhatsApp-Image-2023-05-16-at-10.34.45.jpeg\" alt=\"\" width=\"1200\" height=\"1600\" srcset=\"https:\/\/comunicartesanluis.com\/v1\/wp-content\/uploads\/2023\/05\/WhatsApp-Image-2023-05-16-at-10.34.45-200x267.jpeg 200w, https:\/\/comunicartesanluis.com\/v1\/wp-content\/uploads\/2023\/05\/WhatsApp-Image-2023-05-16-at-10.34.45-225x300.jpeg 225w, https:\/\/comunicartesanluis.com\/v1\/wp-content\/uploads\/2023\/05\/WhatsApp-Image-2023-05-16-at-10.34.45-400x533.jpeg 400w, https:\/\/comunicartesanluis.com\/v1\/wp-content\/uploads\/2023\/05\/WhatsApp-Image-2023-05-16-at-10.34.45-600x800.jpeg 600w, https:\/\/comunicartesanluis.com\/v1\/wp-content\/uploads\/2023\/05\/WhatsApp-Image-2023-05-16-at-10.34.45-768x1024.jpeg 768w, https:\/\/comunicartesanluis.com\/v1\/wp-content\/uploads\/2023\/05\/WhatsApp-Image-2023-05-16-at-10.34.45-800x1067.jpeg 800w, https:\/\/comunicartesanluis.com\/v1\/wp-content\/uploads\/2023\/05\/WhatsApp-Image-2023-05-16-at-10.34.45-1152x1536.jpeg 1152w, https:\/\/comunicartesanluis.com\/v1\/wp-content\/uploads\/2023\/05\/WhatsApp-Image-2023-05-16-at-10.34.45.jpeg 1200w\" sizes=\"(max-width: 1200px) 100vw, 1200px\" \/><\/p>\n<p>_Pero cual era tu meta, tu sue\u00f1o?<\/p>\n<p style=\"text-align: center;\"><em>\u00abMi sue\u00f1o era quedarme a correr all\u00e1, pero el cambio de categor\u00eda por mi edad me lo complicaba, ya que yo estuve corr\u00eda en categor\u00eda junior y pasaba a sub 23, una categor\u00eda mayor que ya compiten con gente de much\u00edsimo m\u00e1s nivel\u00bb<\/em><\/p>\n<p style=\"text-align: left;\">A pesar del notable progreso para Ezequiel, no fue suficiente para sobresalir en la inmensa cantidad de ciclistas que participan de esta carrera en los distintos pa\u00edses Europeos.<\/p>\n<p style=\"text-align: center;\"><strong><em>\u00abEs complicado pero no imposible\u00bb.<\/em><\/strong><\/p>\n<p><img decoding=\"async\" class=\"aligncenter wp-image-9092 size-full\" src=\"https:\/\/comunicartesanluis.com\/v1\/wp-content\/uploads\/2023\/05\/WhatsApp-Image-2023-05-16-at-10.37.15.jpeg\" alt=\"\" width=\"720\" height=\"480\" srcset=\"https:\/\/comunicartesanluis.com\/v1\/wp-content\/uploads\/2023\/05\/WhatsApp-Image-2023-05-16-at-10.37.15-200x133.jpeg 200w, https:\/\/comunicartesanluis.com\/v1\/wp-content\/uploads\/2023\/05\/WhatsApp-Image-2023-05-16-at-10.37.15-300x200.jpeg 300w, https:\/\/comunicartesanluis.com\/v1\/wp-content\/uploads\/2023\/05\/WhatsApp-Image-2023-05-16-at-10.37.15-400x267.jpeg 400w, https:\/\/comunicartesanluis.com\/v1\/wp-content\/uploads\/2023\/05\/WhatsApp-Image-2023-05-16-at-10.37.15-600x400.jpeg 600w, https:\/\/comunicartesanluis.com\/v1\/wp-content\/uploads\/2023\/05\/WhatsApp-Image-2023-05-16-at-10.37.15.jpeg 720w\" sizes=\"(max-width: 720px) 100vw, 720px\" \/><\/p>\n<p>El desgaste del viaje, la exigencia d\u00eda a d\u00eda, mas el cambio de categor\u00eda, le pidi\u00f3 a Ezequiel un p\u00e1rate, volver a casa, repensar las cosas y volver a hacer un inicio.<\/p>\n<p style=\"text-align: center;\"><em>\u00abMis objetivos hoy en d\u00eda est\u00e1n alejados de la bicicleta, una situaci\u00f3n cuando volv\u00ed me hizo enojar y para no dejar por la malas recapacite y dije que era tiempo de un descanso\u00bb.<\/em><\/p>\n<p><img decoding=\"async\" class=\"aligncenter wp-image-9091 size-full\" src=\"https:\/\/comunicartesanluis.com\/v1\/wp-content\/uploads\/2023\/05\/WhatsApp-Image-2023-05-16-at-10.39.15.jpeg\" alt=\"\" width=\"720\" height=\"906\" srcset=\"https:\/\/comunicartesanluis.com\/v1\/wp-content\/uploads\/2023\/05\/WhatsApp-Image-2023-05-16-at-10.39.15-200x252.jpeg 200w, https:\/\/comunicartesanluis.com\/v1\/wp-content\/uploads\/2023\/05\/WhatsApp-Image-2023-05-16-at-10.39.15-238x300.jpeg 238w, https:\/\/comunicartesanluis.com\/v1\/wp-content\/uploads\/2023\/05\/WhatsApp-Image-2023-05-16-at-10.39.15-400x503.jpeg 400w, https:\/\/comunicartesanluis.com\/v1\/wp-content\/uploads\/2023\/05\/WhatsApp-Image-2023-05-16-at-10.39.15-600x755.jpeg 600w, https:\/\/comunicartesanluis.com\/v1\/wp-content\/uploads\/2023\/05\/WhatsApp-Image-2023-05-16-at-10.39.15.jpeg 720w\" sizes=\"(max-width: 720px) 100vw, 720px\" \/><\/p>\n<p>Ahora Ezequiel se dedica de lleno al entrenamiento en el gimnasio y el estudio.<\/p>\n<p style=\"text-align: center;\"><em>\u00abMis objetivos est\u00e1n apuntando a otro lado hoy en d\u00eda, pero tambi\u00e9n estoy tomando envi\u00f3n para la vuelta a la bici, cuando este preparado. <strong>Volveremos m\u00e1s fuertes<\/strong>\u00ab.<\/em><\/p>\n","protected":false},"excerpt":{"rendered":"<p>El merlino ciclista apasionado, ha tenido una notable trayectoria en el mundo del ciclismo, viajo a Europa y se hizo desde abajo, alcanzando logros significativos y superando constantemente sus propios objetivos. Hoy nos cuenta todo en un mano a mano.<\/p>\n","protected":false},"author":3,"featured_media":9090,"comment_status":"open","ping_status":"open","sticky":false,"template":"","format":"standard","meta":{"_jetpack_memberships_contains_paid_content":false,"footnotes":""},"categories":[15,16],"tags":[],"class_list":["post-9089","post","type-post","status-publish","format-standard","has-post-thumbnail","hentry","category-deporte","category-local"],"jetpack_featured_media_url":"https:\/\/comunicartesanluis.com\/v1\/wp-content\/uploads\/2023\/05\/WhatsApp-Image-2023-05-16-at-10.39.44-e1684429398463.jpeg","jetpack_sharing_enabled":true,"_links":{"self":[{"href":"https:\/\/comunicartesanluis.com\/index.php\/wp-json\/wp\/v2\/posts\/9089","targetHints":{"allow":["GET"]}}],"collection":[{"href":"https:\/\/comunicartesanluis.com\/index.php\/wp-json\/wp\/v2\/posts"}],"about":[{"href":"https:\/\/comunicartesanluis.com\/index.php\/wp-json\/wp\/v2\/types\/post"}],"author":[{"embeddable":true,"href":"https:\/\/comunicartesanluis.com\/index.php\/wp-json\/wp\/v2\/users\/3"}],"replies":[{"embeddable":true,"href":"https:\/\/comunicartesanluis.com\/index.php\/wp-json\/wp\/v2\/comments?post=9089"}],"version-history":[{"count":1,"href":"https:\/\/comunicartesanluis.com\/index.php\/wp-json\/wp\/v2\/posts\/9089\/revisions"}],"predecessor-version":[{"id":9104,"href":"https:\/\/comunicartesanluis.com\/index.php\/wp-json\/wp\/v2\/posts\/9089\/revisions\/9104"}],"wp:featuredmedia":[{"embeddable":true,"href":"https:\/\/comunicartesanluis.com\/index.php\/wp-json\/wp\/v2\/media\/9090"}],"wp:attachment":[{"href":"https:\/\/comunicartesanluis.com\/index.php\/wp-json\/wp\/v2\/media?parent=9089"}],"wp:term":[{"taxonomy":"category","embeddable":true,"href":"https:\/\/comunicartesanluis.com\/index.php\/wp-json\/wp\/v2\/categories?post=9089"},{"taxonomy":"post_tag","embeddable":true,"href":"https:\/\/comunicartesanluis.com\/index.php\/wp-json\/wp\/v2\/tags?post=9089"}],"curies":[{"name":"wp","href":"https:\/\/api.w.org\/{rel}","templated":true}]}}