{"id":9105,"date":"2023-05-18T14:56:55","date_gmt":"2023-05-18T17:56:55","guid":{"rendered":"https:\/\/comunicartesanluis.com\/?p=9105"},"modified":"2023-05-18T14:59:01","modified_gmt":"2023-05-18T17:59:01","slug":"la-estatua-de-gallardo-se-descubrira-el-proximo-25-de-mayo","status":"publish","type":"post","link":"https:\/\/comunicartesanluis.com\/index.php\/2023\/05\/18\/la-estatua-de-gallardo-se-descubrira-el-proximo-25-de-mayo\/","title":{"rendered":"La estatua de Gallardo se descubrir\u00e1 el pr\u00f3ximo 25 de mayo"},"content":{"rendered":"<p>La estatua de Marcelo Gallardo se descubrir\u00e1 el jueves 25 de mayo venidero, en el cumplea\u00f1os 122 del Club Atl\u00e9tico River Plate, con la presencia del propio entrenador en un acto que se llevar\u00e1 a cabo desde las 16 en el ingreso del museo donde ya se encuentra la obra.<\/p>\n<p>Uno de los promotores del homenaje, el dirigente Carlos Trillo, cont\u00f3: \u00abYa lo hablamos con Marcelo Gallardo y con las autoridades del club para hacer un acto de homenaje al entrenador que tantas alegr\u00edas nos dio y la idea es que los hinchas acompa\u00f1en\u00bb.<\/p>\n<p>La obra que se empez\u00f3 a planificar luego de la final en Madrid el 9 de diciembre de 2018 iba a ser inaugurado en la misma fecha pero en 2022 pero se tuvo que postergar por el Mundial en Qatar y la actuaci\u00f3n de la selecci\u00f3n nacional que jug\u00f3 ese mismo d\u00eda.<\/p>\n<p>\u00abLo fuimos pensando y nos pareci\u00f3 lo mejor hacerlo el d\u00eda del cumplea\u00f1os del club con un festejo as\u00ed con todos los riverplatenses y con un reconocimiento a la altura de lo que nos dio Gallardo en todos estos a\u00f1os\u00bb, explic\u00f3 Trillo advirtiendo que en los pr\u00f3ximos d\u00edas se conocer\u00e1n m\u00e1s detalles de la fiesta.<\/p>\n<p>Asimismo, se confirm\u00f3 que el propio entrenador hablar\u00e1 en el acto por primera vez luego de la despedida del a\u00f1o pasado y que estar\u00e1n varias ex glorias del club aunque seguir\u00e1n a la distancia los integrantes del plantel que esa noche juega en Per\u00fa ante Sporting Cristal por Copa Libertadores.<\/p>\n<p>Fuente: T\u00e9lam.<\/p>\n","protected":false},"excerpt":{"rendered":"<p>Se prev\u00e9 que el ex entrenador hablar\u00e1 durante el acto por primera vez tras la despedida del a\u00f1o pasado, en lo que ser\u00e1 una fiesta para los hinchas.<\/p>\n","protected":false},"author":5,"featured_media":9106,"comment_status":"open","ping_status":"open","sticky":false,"template":"","format":"standard","meta":{"_jetpack_memberships_contains_paid_content":false,"footnotes":""},"categories":[8,15],"tags":[],"class_list":["post-9105","post","type-post","status-publish","format-standard","has-post-thumbnail","hentry","category-actualidad","category-deporte"],"jetpack_featured_media_url":"https:\/\/comunicartesanluis.com\/v1\/wp-content\/uploads\/2023\/05\/gallardo.jpg","jetpack_sharing_enabled":true,"_links":{"self":[{"href":"https:\/\/comunicartesanluis.com\/index.php\/wp-json\/wp\/v2\/posts\/9105","targetHints":{"allow":["GET"]}}],"collection":[{"href":"https:\/\/comunicartesanluis.com\/index.php\/wp-json\/wp\/v2\/posts"}],"about":[{"href":"https:\/\/comunicartesanluis.com\/index.php\/wp-json\/wp\/v2\/types\/post"}],"author":[{"embeddable":true,"href":"https:\/\/comunicartesanluis.com\/index.php\/wp-json\/wp\/v2\/users\/5"}],"replies":[{"embeddable":true,"href":"https:\/\/comunicartesanluis.com\/index.php\/wp-json\/wp\/v2\/comments?post=9105"}],"version-history":[{"count":2,"href":"https:\/\/comunicartesanluis.com\/index.php\/wp-json\/wp\/v2\/posts\/9105\/revisions"}],"predecessor-version":[{"id":9108,"href":"https:\/\/comunicartesanluis.com\/index.php\/wp-json\/wp\/v2\/posts\/9105\/revisions\/9108"}],"wp:featuredmedia":[{"embeddable":true,"href":"https:\/\/comunicartesanluis.com\/index.php\/wp-json\/wp\/v2\/media\/9106"}],"wp:attachment":[{"href":"https:\/\/comunicartesanluis.com\/index.php\/wp-json\/wp\/v2\/media?parent=9105"}],"wp:term":[{"taxonomy":"category","embeddable":true,"href":"https:\/\/comunicartesanluis.com\/index.php\/wp-json\/wp\/v2\/categories?post=9105"},{"taxonomy":"post_tag","embeddable":true,"href":"https:\/\/comunicartesanluis.com\/index.php\/wp-json\/wp\/v2\/tags?post=9105"}],"curies":[{"name":"wp","href":"https:\/\/api.w.org\/{rel}","templated":true}]}}