{"id":9123,"date":"2023-05-19T10:17:03","date_gmt":"2023-05-19T13:17:03","guid":{"rendered":"https:\/\/comunicartesanluis.com\/?p=9123"},"modified":"2023-05-19T10:17:03","modified_gmt":"2023-05-19T13:17:03","slug":"palavecino-regresa-a-las-canchas-con-sentimientos-encontrados-frente-a-platense","status":"publish","type":"post","link":"https:\/\/comunicartesanluis.com\/index.php\/2023\/05\/19\/palavecino-regresa-a-las-canchas-con-sentimientos-encontrados-frente-a-platense\/","title":{"rendered":"Palavecino regresa a las canchas con sentimientos encontrados frente a Platense"},"content":{"rendered":"<p>Tras cumplir su suspensi\u00f3n por su participaci\u00f3n en la trifulca del supercl\u00e1sico, el volante estar\u00e1 de vuelta en el terreno de juego para enfrentarse a Platense, el club donde inici\u00f3 su carrera futbol\u00edstica.<\/p>\n<p>Ser\u00e1 un regreso particular para Palavecino, cargado de emociones encontradas. Por un lado, persiste el recuerdo amargo de su involucramiento en el incidente del supercl\u00e1sico en el Monumental. Sin embargo, por otro lado, enfrentar a Platense representa un reencuentro con su hogar futbol\u00edstico, generando un c\u00f3ctel de sensaciones.<\/p>\n<p>Palavecino estuvo fuera de los campos durante una semana debido a las repercusiones de su celebraci\u00f3n de gol desafiante hacia los rivales, lo cual le gener\u00f3 sanciones tanto dentro como fuera del campo. Tras disculparse p\u00fablicamente y en privado, el jugador ahora tiene la oportunidad de redimirse a trav\u00e9s de su desempe\u00f1o futbol\u00edstico.<\/p>\n<p><img decoding=\"async\" src=\"https:\/\/www.ole.com.ar\/images\/2023\/05\/08\/a2G6J5ZBr_720x0__1.jpg\" alt=\"Palavecino fue suspendido por la pelea en el supercl\u00e1sico. (Fotobaires)\" \/><\/p>\n<p>Enfrente estar\u00e1 Platense, el club que le brind\u00f3 la oportunidad de debutar profesionalmente cuando apenas hab\u00eda cumplido la mayor\u00eda de edad. Durante su paso por la instituci\u00f3n, Palavecino disput\u00f3 m\u00e1s de 100 partidos y contribuy\u00f3 a un ascenso a la Primera Nacional. Adem\u00e1s, su actuaci\u00f3n destacada contra River en la Copa Argentina 2018 dej\u00f3 una impresi\u00f3n positiva en el conjunto millonario, allanando el camino para su posterior fichaje.<\/p>\n<p>El entrenador Marcelo Gallardo siempre ha reconocido el talento de Palavecino y su capacidad para adaptarse al estilo de juego de River. Fue en el 2021, junto a jugadores como Juli\u00e1n \u00c1lvarez y Enzo Fern\u00e1ndez, que el volante contribuy\u00f3 al t\u00edtulo de liga del club de N\u00fa\u00f1ez.<\/p>\n<p>La historia de Palavecino en Platense ha sido una monta\u00f1a rusa de experiencias, tanto positivas como negativas. En alguna ocasi\u00f3n, el jugador revel\u00f3 que vivi\u00f3 momentos dif\u00edciles que lo llevaron a dudar de su continuidad en el f\u00fatbol. Sin embargo, su perseverancia y talento lo impulsaron hacia un crecimiento profesional que lo llev\u00f3 a River Plate.<\/p>\n<p><img decoding=\"async\" src=\"https:\/\/www.ole.com.ar\/images\/2023\/05\/18\/ZTOpmzYZP_720x0__1.jpg\" alt=\"El duelo de Copa Argentina en el que Palavecino cautiv\u00f3 a Gallardo. (MARCELO CARROLL)\" \/><\/p>\n<p>El enfrentamiento entre River Plate y Platense se convierte as\u00ed en un cap\u00edtulo especial en la carrera de Agust\u00edn Palavecino, donde podr\u00e1 mostrar su val\u00eda y dejar atr\u00e1s los episodios adversos recientes. Ser\u00e1 una oportunidad para reencontrarse con su pasado futbol\u00edstico y, al mismo tiempo, escribir un nuevo cap\u00edtulo en su presente como jugador de River.<\/p>\n<p>&nbsp;<\/p>\n<p>&nbsp;<\/p>\n<p>Fotos: Diario Ol\u00e9<\/p>\n","protected":false},"excerpt":{"rendered":"<p>El regreso de Agust\u00edn Palavecino a la acci\u00f3n es motivo de expectativa en River Plate.<\/p>\n","protected":false},"author":3,"featured_media":9124,"comment_status":"open","ping_status":"open","sticky":false,"template":"","format":"standard","meta":{"_jetpack_memberships_contains_paid_content":false,"footnotes":""},"categories":[15,17],"tags":[],"class_list":["post-9123","post","type-post","status-publish","format-standard","has-post-thumbnail","hentry","category-deporte","category-nacional"],"jetpack_featured_media_url":"https:\/\/comunicartesanluis.com\/v1\/wp-content\/uploads\/2023\/05\/sg6B1DcZh_1290x760__1.webp","jetpack_sharing_enabled":true,"_links":{"self":[{"href":"https:\/\/comunicartesanluis.com\/index.php\/wp-json\/wp\/v2\/posts\/9123","targetHints":{"allow":["GET"]}}],"collection":[{"href":"https:\/\/comunicartesanluis.com\/index.php\/wp-json\/wp\/v2\/posts"}],"about":[{"href":"https:\/\/comunicartesanluis.com\/index.php\/wp-json\/wp\/v2\/types\/post"}],"author":[{"embeddable":true,"href":"https:\/\/comunicartesanluis.com\/index.php\/wp-json\/wp\/v2\/users\/3"}],"replies":[{"embeddable":true,"href":"https:\/\/comunicartesanluis.com\/index.php\/wp-json\/wp\/v2\/comments?post=9123"}],"version-history":[{"count":1,"href":"https:\/\/comunicartesanluis.com\/index.php\/wp-json\/wp\/v2\/posts\/9123\/revisions"}],"predecessor-version":[{"id":9125,"href":"https:\/\/comunicartesanluis.com\/index.php\/wp-json\/wp\/v2\/posts\/9123\/revisions\/9125"}],"wp:featuredmedia":[{"embeddable":true,"href":"https:\/\/comunicartesanluis.com\/index.php\/wp-json\/wp\/v2\/media\/9124"}],"wp:attachment":[{"href":"https:\/\/comunicartesanluis.com\/index.php\/wp-json\/wp\/v2\/media?parent=9123"}],"wp:term":[{"taxonomy":"category","embeddable":true,"href":"https:\/\/comunicartesanluis.com\/index.php\/wp-json\/wp\/v2\/categories?post=9123"},{"taxonomy":"post_tag","embeddable":true,"href":"https:\/\/comunicartesanluis.com\/index.php\/wp-json\/wp\/v2\/tags?post=9123"}],"curies":[{"name":"wp","href":"https:\/\/api.w.org\/{rel}","templated":true}]}}