{"id":9129,"date":"2023-05-19T16:41:22","date_gmt":"2023-05-19T19:41:22","guid":{"rendered":"https:\/\/comunicartesanluis.com\/?p=9129"},"modified":"2023-05-19T16:41:22","modified_gmt":"2023-05-19T19:41:22","slug":"el-futbol-en-luto-el-partido-entre-racing-y-velez-suspendido-por-la-triste-partida-de-hernan-manrique","status":"publish","type":"post","link":"https:\/\/comunicartesanluis.com\/index.php\/2023\/05\/19\/el-futbol-en-luto-el-partido-entre-racing-y-velez-suspendido-por-la-triste-partida-de-hernan-manrique\/","title":{"rendered":"El f\u00fatbol en luto: El partido entre Racing y V\u00e9lez suspendido por la triste partida de Hern\u00e1n Manrique"},"content":{"rendered":"<p><span>Hern\u00e1n Manrique, reconocido futbolista que defendi\u00f3 los colores de equipos como All Boys, Nueva Chicago y Belgrano de C\u00f3rdoba, dej\u00f3 una huella en el mundo del f\u00fatbol argentino. Su fallecimiento ha generado conmoci\u00f3n y tristeza en la comunidad futbol\u00edstica, y tanto la Liga Profesional de F\u00fatbol como la AFA y Racing Club han expresado su solidaridad con V\u00e9lez en este dif\u00edcil momento[1].<\/span><\/p>\n<p><span>A\u00fan no se ha determinado una fecha para la reprogramaci\u00f3n del partido que ha sido postergado debido a esta tragedia. Una posibilidad que se baraja es que el encuentro se disputa en junio, aprovechando el parate por la fecha FIFA, en la cual la Selecci\u00f3n Argentina tiene prevista la realizaci\u00f3n de una gira internacional[1].<\/span><\/p>\n<p><span>La partida de Hern\u00e1n Manrique ha dejado un vac\u00edo en el f\u00fatbol argentino y es un recordatorio de lo ef\u00edmera que puede ser la vida. <\/span><\/p>\n","protected":false},"excerpt":{"rendered":"<p>El mundo del f\u00fatbol se ti\u00f1\u00f3 de luto con la temprana partida de Hern\u00e1n Manrique.<\/p>\n","protected":false},"author":3,"featured_media":9130,"comment_status":"open","ping_status":"open","sticky":false,"template":"","format":"standard","meta":{"_jetpack_memberships_contains_paid_content":false,"footnotes":""},"categories":[8,15,17],"tags":[],"class_list":["post-9129","post","type-post","status-publish","format-standard","has-post-thumbnail","hentry","category-actualidad","category-deporte","category-nacional"],"jetpack_featured_media_url":"https:\/\/comunicartesanluis.com\/v1\/wp-content\/uploads\/2023\/05\/GCfJzm69x_1256x620__1.webp","jetpack_sharing_enabled":true,"_links":{"self":[{"href":"https:\/\/comunicartesanluis.com\/index.php\/wp-json\/wp\/v2\/posts\/9129","targetHints":{"allow":["GET"]}}],"collection":[{"href":"https:\/\/comunicartesanluis.com\/index.php\/wp-json\/wp\/v2\/posts"}],"about":[{"href":"https:\/\/comunicartesanluis.com\/index.php\/wp-json\/wp\/v2\/types\/post"}],"author":[{"embeddable":true,"href":"https:\/\/comunicartesanluis.com\/index.php\/wp-json\/wp\/v2\/users\/3"}],"replies":[{"embeddable":true,"href":"https:\/\/comunicartesanluis.com\/index.php\/wp-json\/wp\/v2\/comments?post=9129"}],"version-history":[{"count":1,"href":"https:\/\/comunicartesanluis.com\/index.php\/wp-json\/wp\/v2\/posts\/9129\/revisions"}],"predecessor-version":[{"id":9131,"href":"https:\/\/comunicartesanluis.com\/index.php\/wp-json\/wp\/v2\/posts\/9129\/revisions\/9131"}],"wp:featuredmedia":[{"embeddable":true,"href":"https:\/\/comunicartesanluis.com\/index.php\/wp-json\/wp\/v2\/media\/9130"}],"wp:attachment":[{"href":"https:\/\/comunicartesanluis.com\/index.php\/wp-json\/wp\/v2\/media?parent=9129"}],"wp:term":[{"taxonomy":"category","embeddable":true,"href":"https:\/\/comunicartesanluis.com\/index.php\/wp-json\/wp\/v2\/categories?post=9129"},{"taxonomy":"post_tag","embeddable":true,"href":"https:\/\/comunicartesanluis.com\/index.php\/wp-json\/wp\/v2\/tags?post=9129"}],"curies":[{"name":"wp","href":"https:\/\/api.w.org\/{rel}","templated":true}]}}