{"id":9187,"date":"2023-05-24T08:04:40","date_gmt":"2023-05-24T11:04:40","guid":{"rendered":"https:\/\/comunicartesanluis.com\/?p=9187"},"modified":"2023-05-24T08:09:35","modified_gmt":"2023-05-24T11:09:35","slug":"boca-intenta-mantener-su-liderazgo-en-la-copa-libertadores-ante-deportivo-pereira","status":"publish","type":"post","link":"https:\/\/comunicartesanluis.com\/index.php\/2023\/05\/24\/boca-intenta-mantener-su-liderazgo-en-la-copa-libertadores-ante-deportivo-pereira\/","title":{"rendered":"Boca intenta mantener su liderazgo en la Copa Libertadores ante Deportivo Pereira"},"content":{"rendered":"<p>Boca Juniors, l\u00edder del Grupo F de la Copa Libertadores de Am\u00e9rica, visitar\u00e1 este mi\u00e9rcoles a Deportivo Pereira, de Colombia, con la misi\u00f3n de obtener una victoria que deje casi allanada su clasificaci\u00f3n para los octavos de final y cumplir con el objetivo de finalizar primero en su grupo.<\/p>\n<p>El encuentro se jugar\u00e1 este mi\u00e9rcoles a partir de las 21 en el estadio Hern\u00e1n Ram\u00edrez Villegas, de la ciudad colombiana de Pereira, en el oeste del pa\u00eds cafetero, ser\u00e1 arbitrado por el brasile\u00f1o Wagner do Nascimento Magalhaes y televisado por Fox Sports.<\/p>\n<p>El equipo \u00abXeneize\u00bb es el puntero del la zona con 7 puntos, seguido por Colo Colo de Chile, con 5, tercero se ubica Pereira con 4, mientras que el \u00faltimo en Monagas, de Venezuela, con 1.<\/p>\n<p>Boca comenz\u00f3 con un andar en la Libertadores titubeante, con empate en Venezuela ante Monagas (0-0), pero luego se recuper\u00f3 con dos victorias en fila, la primera en La Bombonera sobre Pereira (2-1) y la segunda en Chile ante Colo-Colo (2-0).<\/p>\n<p>Su rival, Pereira, le gan\u00f2 a los venezolanos, empat\u00f3 con los chilenos y la mencionada derrota en La Boca, en un partido que estuvo ganando 1-0 hasta los minutos finales cuando llegaron los goles del peruano Luis Adv\u00edncula y Alan Varela.<\/p>\n<p>Boca es consciente de que una victoria o un empate lo dejar\u00e1 muy cerca de pasar la fase de grupos, y por eso el DT Jorge Almir\u00f3n pondr\u00e1 en la cancha a lo mejor disponible, con un par de cambios en relaci\u00f3n a la formaci\u00f3n que super\u00f3 el viernes pasado a Argentinos Juniors por 1-0 en el barrio porte\u00f1o de La Paternal con el gol del delantero uruguayo Miguel Merentiel.<\/p>\n<p>En ese contexto, Almir\u00f3n analiza incluir al zaguero paraguayo Bruno Valdez en lugar de Facundo Roncaglia, y a Alan Varela en el mediocampo por el improductivo Juan Ram\u00edrez.<\/p>\n<p>Valdez, recuperado de una lesi\u00f3n muscular que lo mantuvo inactivo hace 40 d\u00edas, aportar\u00eda mayor presencia y juegue a\u00e9reo que Roncaglia, quien adem\u00e1s viene jugando todos los partidos tanto en la Copa como en el torneo dom\u00e9stico y es un jugador ya de 36 a\u00f1os.<\/p>\n<p>En el caso de Varela, recuperar\u00e1 su lugar luego de no haber estado ante Belgrano de C\u00f3rdoba por acumulaci\u00f3n de tarjetas amarillas, mientras que en La Paternal fue suplente e ingres\u00f3 sobre el final.<\/p>\n<p>Boca mantendr\u00e1 en ofensiva al goleador Dar\u00edo Benedetto acompa\u00f1a por Sebasti\u00e1n Villa, el jugador m\u00e1s desequilibrante del plantel que, sin embargo, anot\u00f3 un solo gol en todo el semestre, ante Colo-Colo en el estadio Nacional de Santiago.<\/p>\n<p>El equipo \u00abXeneize\u00bb continuar\u00e1 despu\u00e9s del partido en Colombia con una intensa agenda: el pr\u00f3ximo domingo recibir\u00e1 a Tigre en la Bombonera; el jueves 1 de junio ser\u00e1 visitante de Arsenal en Sarand\u00ed; el martes 6 recibir\u00e1 a Colo Colo y el s\u00e1bado 10 de junio ser\u00e1 local ante Lan\u00fas, el club en donde Jorge Almir\u00f3n realiz\u00f3 hasta ahora su mejor campa\u00f1a como DT.<\/p>\n<p>De todas maneras y m\u00e1s all\u00e1 de la cantidad de partidos, es importante para Almir\u00f3n recuperar de a poco a la gran cantidad de lesionados que tuvo en el plantel.<\/p>\n<p>En ese sentido, para el partido ante Tigre del domingo en La Bombonera estar\u00e1 disponible el delantero Luca Langoni, repuesto de un desgarro, y en el partido siguiente ante Arsenal jugar\u00e1 en Reserva el capit\u00e1n Marcos Rojo, inactivo desde octubre del a\u00f1o pasado por una rotura de ligamentos.<\/p>\n<p>En tanto, el delantero santiague\u00f1o Exequiel Zeballos, tiene para un mes m\u00e1s de inactividad a causa de la inflamaci\u00f3n que sufre en la rodilla derecha.<\/p>\n<p>Con ese panorama Boca buscar\u00e1 en Colombia acercarse a su gran objetivo del a\u00f1o que es la Libertadores, habida cuenta que del torneo local es el actual campe\u00f3n y en la Liga Profesional est\u00e1 lej\u00edsimos del l\u00edder River, que tiene 40 puntos, 16 m\u00e1s que los dirigidos por Almir\u00f3n (24)<\/p>\n<p>Probables formaciones<\/p>\n<p>Deportivo Pereira: Franklin Mosquera; Diego Hern\u00e1ndez, Geisson Perea y Yeison Su\u00e1rez; Maicol Medina, Jimer Fory, Johan Bocanegra, Jes\u00fas Murillo Le\u00f3n y Jhonny V\u00e1zquez; Kevin Aladesannmi y Arley Rodr\u00edguez. DT: Alejandro Restrepo.<\/p>\n<p>Boca Juniors: Sergio Romero; Marcelo Weigandt, Bruno Valdez, Nicol\u00e1s Figal y Frank Fabra; Luis Adv\u00edncula, Guillermo Fern\u00e1ndez, Alan Varela y Mart\u00edn Payero; Dar\u00edo Benedetto y Sebasti\u00e1n Villa. DT: Jorge Almir\u00f3n.<\/p>\n<p>\u00c1rbitro: Wagner do Nascimento Magalhaes, de Brasil.<\/p>\n<p>Fuente: T\u00e9lam.<\/p>\n","protected":false},"excerpt":{"rendered":"<p>Boca Juniors es puntero del Grupo F con 7 unidades, mientras que Pereira se ubica tercero con 4 puntos. El partido esta previsto para las 21 ha, en la cancha Hern\u00e1n Ram\u00edrez Villegas, de Pereira, Colombia.<\/p>\n","protected":false},"author":5,"featured_media":9188,"comment_status":"open","ping_status":"open","sticky":false,"template":"","format":"standard","meta":{"_jetpack_memberships_contains_paid_content":false,"footnotes":""},"categories":[15,18],"tags":[],"class_list":["post-9187","post","type-post","status-publish","format-standard","has-post-thumbnail","hentry","category-deporte","category-internacional"],"jetpack_featured_media_url":"https:\/\/comunicartesanluis.com\/v1\/wp-content\/uploads\/2023\/05\/boca-y-pereira.jpg","jetpack_sharing_enabled":true,"_links":{"self":[{"href":"https:\/\/comunicartesanluis.com\/index.php\/wp-json\/wp\/v2\/posts\/9187","targetHints":{"allow":["GET"]}}],"collection":[{"href":"https:\/\/comunicartesanluis.com\/index.php\/wp-json\/wp\/v2\/posts"}],"about":[{"href":"https:\/\/comunicartesanluis.com\/index.php\/wp-json\/wp\/v2\/types\/post"}],"author":[{"embeddable":true,"href":"https:\/\/comunicartesanluis.com\/index.php\/wp-json\/wp\/v2\/users\/5"}],"replies":[{"embeddable":true,"href":"https:\/\/comunicartesanluis.com\/index.php\/wp-json\/wp\/v2\/comments?post=9187"}],"version-history":[{"count":1,"href":"https:\/\/comunicartesanluis.com\/index.php\/wp-json\/wp\/v2\/posts\/9187\/revisions"}],"predecessor-version":[{"id":9189,"href":"https:\/\/comunicartesanluis.com\/index.php\/wp-json\/wp\/v2\/posts\/9187\/revisions\/9189"}],"wp:featuredmedia":[{"embeddable":true,"href":"https:\/\/comunicartesanluis.com\/index.php\/wp-json\/wp\/v2\/media\/9188"}],"wp:attachment":[{"href":"https:\/\/comunicartesanluis.com\/index.php\/wp-json\/wp\/v2\/media?parent=9187"}],"wp:term":[{"taxonomy":"category","embeddable":true,"href":"https:\/\/comunicartesanluis.com\/index.php\/wp-json\/wp\/v2\/categories?post=9187"},{"taxonomy":"post_tag","embeddable":true,"href":"https:\/\/comunicartesanluis.com\/index.php\/wp-json\/wp\/v2\/tags?post=9187"}],"curies":[{"name":"wp","href":"https:\/\/api.w.org\/{rel}","templated":true}]}}