{"id":9203,"date":"2023-05-24T15:17:48","date_gmt":"2023-05-24T18:17:48","guid":{"rendered":"https:\/\/comunicartesanluis.com\/?p=9203"},"modified":"2023-05-24T15:17:48","modified_gmt":"2023-05-24T18:17:48","slug":"almiron-mete-cambios-a-plena-marcha","status":"publish","type":"post","link":"https:\/\/comunicartesanluis.com\/index.php\/2023\/05\/24\/almiron-mete-cambios-a-plena-marcha\/","title":{"rendered":"Almir\u00f3n mete cambios a plena marcha."},"content":{"rendered":"<p>Adem\u00e1s del ingreso de Alan Varela en lugar de Ram\u00edrez, se han introducido otras variantes que no estaban en los planes iniciales.<\/p>\n<p>El mal desempe\u00f1o de Ram\u00edrez en el \u00faltimo partido ante Argentinos ha llevado a Almir\u00f3n a dejarlo fuera del once titular. En su lugar, Varela ocupar\u00e1 su posici\u00f3n en el mediocampo, junto a Pol Fern\u00e1ndez y Payero, para conformar un mediocampo m\u00e1s l\u00f3gico. Esta ser\u00e1 una vuelta a la f\u00f3rmula m\u00e1s utilizada por el entrenador en esa zona del campo.<\/p>\n<p>Otro cambio inesperado en la formaci\u00f3n de Boca es la salida de Marcelo Weigandt. Su lugar ser\u00e1 ocupado por el Beto Briasco, lo que significa que Adv\u00edncula regresar\u00e1 a su posici\u00f3n habitual de lateral derecho. Con esta modificaci\u00f3n, Boca volver\u00e1 a jugar con tres delanteros, siendo Villa, Benedetto y Briasco los encargados de liderar el ataque del equipo.<\/p>\n<p>Aunque se hab\u00eda considerado el regreso de Bruno Valdez, quien se lesion\u00f3 en el debut del entrenador contra San Lorenzo, finalmente el paraguayo no ser\u00e1 titular. Aunque est\u00e1 en condiciones de jugar, se decidi\u00f3 que ir\u00e1 al banco de suplentes debido a la falta de ritmo de competencia. En su lugar, Roncaglia continuar\u00e1 en la alineaci\u00f3n, a pesar de su bajo rendimiento.<\/p>\n<p>La alineaci\u00f3n confirmada de Boca para el partido contra Pereira en Colombia es la siguiente: Chiquito Romero en el arco, con Adv\u00edncula, Roncaglia, Figal y Fabra en la defensa. En el mediocampo estar\u00e1n Payero, Varela y Pol Fern\u00e1ndez, mientras que en la delantera se ubicar\u00e1n Briasco, Benedetto y Villa<\/p>\n","protected":false},"excerpt":{"rendered":"<p>El director t\u00e9cnico de Boca, Jorge Almir\u00f3n, ha realizado un cambio de \u00faltimo momento en la alineaci\u00f3n del equipo para el enfrentamiento contra Pereira.<\/p>\n","protected":false},"author":3,"featured_media":9204,"comment_status":"open","ping_status":"open","sticky":false,"template":"","format":"standard","meta":{"_jetpack_memberships_contains_paid_content":false,"footnotes":""},"categories":[15,17],"tags":[],"class_list":["post-9203","post","type-post","status-publish","format-standard","has-post-thumbnail","hentry","category-deporte","category-nacional"],"jetpack_featured_media_url":"https:\/\/comunicartesanluis.com\/v1\/wp-content\/uploads\/2023\/05\/2bKJKFafm_1290x760__1.webp","jetpack_sharing_enabled":true,"_links":{"self":[{"href":"https:\/\/comunicartesanluis.com\/index.php\/wp-json\/wp\/v2\/posts\/9203","targetHints":{"allow":["GET"]}}],"collection":[{"href":"https:\/\/comunicartesanluis.com\/index.php\/wp-json\/wp\/v2\/posts"}],"about":[{"href":"https:\/\/comunicartesanluis.com\/index.php\/wp-json\/wp\/v2\/types\/post"}],"author":[{"embeddable":true,"href":"https:\/\/comunicartesanluis.com\/index.php\/wp-json\/wp\/v2\/users\/3"}],"replies":[{"embeddable":true,"href":"https:\/\/comunicartesanluis.com\/index.php\/wp-json\/wp\/v2\/comments?post=9203"}],"version-history":[{"count":1,"href":"https:\/\/comunicartesanluis.com\/index.php\/wp-json\/wp\/v2\/posts\/9203\/revisions"}],"predecessor-version":[{"id":9205,"href":"https:\/\/comunicartesanluis.com\/index.php\/wp-json\/wp\/v2\/posts\/9203\/revisions\/9205"}],"wp:featuredmedia":[{"embeddable":true,"href":"https:\/\/comunicartesanluis.com\/index.php\/wp-json\/wp\/v2\/media\/9204"}],"wp:attachment":[{"href":"https:\/\/comunicartesanluis.com\/index.php\/wp-json\/wp\/v2\/media?parent=9203"}],"wp:term":[{"taxonomy":"category","embeddable":true,"href":"https:\/\/comunicartesanluis.com\/index.php\/wp-json\/wp\/v2\/categories?post=9203"},{"taxonomy":"post_tag","embeddable":true,"href":"https:\/\/comunicartesanluis.com\/index.php\/wp-json\/wp\/v2\/tags?post=9203"}],"curies":[{"name":"wp","href":"https:\/\/api.w.org\/{rel}","templated":true}]}}