{"id":9212,"date":"2023-05-24T16:47:55","date_gmt":"2023-05-24T19:47:55","guid":{"rendered":"https:\/\/comunicartesanluis.com\/?p=9212"},"modified":"2023-05-24T16:54:33","modified_gmt":"2023-05-24T19:54:33","slug":"la-puntana-giuliana-pinelli-a-la-sub-17-de-afa","status":"publish","type":"post","link":"https:\/\/comunicartesanluis.com\/index.php\/2023\/05\/24\/la-puntana-giuliana-pinelli-a-la-sub-17-de-afa\/","title":{"rendered":"La puntana Giuliana Pinelli a la Sub-17 de AFA"},"content":{"rendered":"<p>Giuliana Pinelli, la \u00abpibita\u00bb de 14 a\u00f1os que integra el plantel profesional de San Luis FC y que compite en la Primera B de AFA, fue convocada a la Selecci\u00f3n Argentina Sub 17. La noticia se conoci\u00f3 esta ma\u00f1ana y marca otro golazo de la revoluci\u00f3n que el f\u00fatbol femenino de San Luis genera a nivel nacional.<\/p>\n<p>La puntana, que es zurda y mide 1,52, formar\u00e1 parte del proceso que tiene la Sub 17, el combinado que disputa los torneos oficiales. \u201cEstoy muy contenta por esta oportunidad. Voy a aprovecharla porque nunca pens\u00e9 en llegar ac\u00e1\u201d, dijo Giuliana.}<\/p>\n<p>\u201cGiuli\u201d ya particip\u00f3 en tres partidos de la Primera B e hizo su primer gol en torneos de AFA ante Claypole, con un zurdazo desde el borde del \u00e1rea grande que se meti\u00f3 en el \u00e1ngulo derecho.<\/p>\n<p><img decoding=\"async\" class=\"size-medium wp-image-9213 aligncenter\" src=\"https:\/\/comunicartesanluis.com\/v1\/wp-content\/uploads\/2023\/05\/PUTITA-REPUBLICA-DEA-300x171.webp\" alt=\"\" width=\"300\" height=\"171\" srcset=\"https:\/\/comunicartesanluis.com\/v1\/wp-content\/uploads\/2023\/05\/PUTITA-REPUBLICA-DEA-200x114.webp 200w, https:\/\/comunicartesanluis.com\/v1\/wp-content\/uploads\/2023\/05\/PUTITA-REPUBLICA-DEA-300x171.webp 300w, https:\/\/comunicartesanluis.com\/v1\/wp-content\/uploads\/2023\/05\/PUTITA-REPUBLICA-DEA-400x229.webp 400w, https:\/\/comunicartesanluis.com\/v1\/wp-content\/uploads\/2023\/05\/PUTITA-REPUBLICA-DEA-600x343.webp 600w, https:\/\/comunicartesanluis.com\/v1\/wp-content\/uploads\/2023\/05\/PUTITA-REPUBLICA-DEA-768x439.webp 768w, https:\/\/comunicartesanluis.com\/v1\/wp-content\/uploads\/2023\/05\/PUTITA-REPUBLICA-DEA.webp 770w\" sizes=\"(max-width: 300px) 100vw, 300px\" \/><\/p>\n<p>CORTES\u00cdA: Diario de la Rep\u00fablica<\/p>\n","protected":false},"excerpt":{"rendered":"<p>Giuliana Pinelli fue convocada por la Selecci\u00f3n Argentina Sub 17<br \/>\nLa jugadora es enganche en San Luis FC. Ya particip\u00f3 en tres encuentros con el equipo puntano y marc\u00f3 un tanto frente a Claypole.<\/p>\n","protected":false},"author":8,"featured_media":9214,"comment_status":"open","ping_status":"open","sticky":false,"template":"","format":"standard","meta":{"_jetpack_memberships_contains_paid_content":false,"footnotes":""},"categories":[8,15,16,17],"tags":[],"class_list":["post-9212","post","type-post","status-publish","format-standard","has-post-thumbnail","hentry","category-actualidad","category-deporte","category-local","category-nacional"],"jetpack_featured_media_url":"https:\/\/comunicartesanluis.com\/v1\/wp-content\/uploads\/2023\/05\/ASDASDAS.webp","jetpack_sharing_enabled":true,"_links":{"self":[{"href":"https:\/\/comunicartesanluis.com\/index.php\/wp-json\/wp\/v2\/posts\/9212","targetHints":{"allow":["GET"]}}],"collection":[{"href":"https:\/\/comunicartesanluis.com\/index.php\/wp-json\/wp\/v2\/posts"}],"about":[{"href":"https:\/\/comunicartesanluis.com\/index.php\/wp-json\/wp\/v2\/types\/post"}],"author":[{"embeddable":true,"href":"https:\/\/comunicartesanluis.com\/index.php\/wp-json\/wp\/v2\/users\/8"}],"replies":[{"embeddable":true,"href":"https:\/\/comunicartesanluis.com\/index.php\/wp-json\/wp\/v2\/comments?post=9212"}],"version-history":[{"count":2,"href":"https:\/\/comunicartesanluis.com\/index.php\/wp-json\/wp\/v2\/posts\/9212\/revisions"}],"predecessor-version":[{"id":9220,"href":"https:\/\/comunicartesanluis.com\/index.php\/wp-json\/wp\/v2\/posts\/9212\/revisions\/9220"}],"wp:featuredmedia":[{"embeddable":true,"href":"https:\/\/comunicartesanluis.com\/index.php\/wp-json\/wp\/v2\/media\/9214"}],"wp:attachment":[{"href":"https:\/\/comunicartesanluis.com\/index.php\/wp-json\/wp\/v2\/media?parent=9212"}],"wp:term":[{"taxonomy":"category","embeddable":true,"href":"https:\/\/comunicartesanluis.com\/index.php\/wp-json\/wp\/v2\/categories?post=9212"},{"taxonomy":"post_tag","embeddable":true,"href":"https:\/\/comunicartesanluis.com\/index.php\/wp-json\/wp\/v2\/tags?post=9212"}],"curies":[{"name":"wp","href":"https:\/\/api.w.org\/{rel}","templated":true}]}}