{"id":9260,"date":"2023-05-26T11:45:15","date_gmt":"2023-05-26T14:45:15","guid":{"rendered":"https:\/\/comunicartesanluis.com\/?p=9260"},"modified":"2023-05-26T11:45:15","modified_gmt":"2023-05-26T14:45:15","slug":"nicolas-taqueno-regresa-al-campeonato-cordobes-de-motocross-superando-lesiones-y-listo-para-la-competencia-en-villa-nueva","status":"publish","type":"post","link":"https:\/\/comunicartesanluis.com\/index.php\/2023\/05\/26\/nicolas-taqueno-regresa-al-campeonato-cordobes-de-motocross-superando-lesiones-y-listo-para-la-competencia-en-villa-nueva\/","title":{"rendered":"Nicol\u00e1s Taque\u00f1o regresa al Campeonato Cordob\u00e9s de Motocross: Superando lesiones y listo para la competencia en Villa Nueva"},"content":{"rendered":"<p>Este fin de semana, los motores rugir\u00e1n en Villa Nueva, y Taque\u00f1o nos concedi\u00f3 una charla exclusiva para contarnos c\u00f3mo ha sobrellevado su lesi\u00f3n y c\u00f3mo ha manejado la ansiedad de volver a correr.<\/p>\n<p>El corredor merlino, siempre tranquilo y pensativo a la hora de analizar su realidad nos cuenta de todo, solo por Comunicarte!!!<\/p>\n<div id=\"attachment_9262\" style=\"width: 760px\" class=\"wp-caption aligncenter\"><img decoding=\"async\" aria-describedby=\"caption-attachment-9262\" class=\"wp-image-9262 size-full\" src=\"https:\/\/comunicartesanluis.com\/v1\/wp-content\/uploads\/2023\/05\/WhatsApp-Image-2023-05-26-at-09.47.43.jpeg\" alt=\"\" width=\"750\" height=\"938\" srcset=\"https:\/\/comunicartesanluis.com\/v1\/wp-content\/uploads\/2023\/05\/WhatsApp-Image-2023-05-26-at-09.47.43-200x250.jpeg 200w, https:\/\/comunicartesanluis.com\/v1\/wp-content\/uploads\/2023\/05\/WhatsApp-Image-2023-05-26-at-09.47.43-240x300.jpeg 240w, https:\/\/comunicartesanluis.com\/v1\/wp-content\/uploads\/2023\/05\/WhatsApp-Image-2023-05-26-at-09.47.43-400x500.jpeg 400w, https:\/\/comunicartesanluis.com\/v1\/wp-content\/uploads\/2023\/05\/WhatsApp-Image-2023-05-26-at-09.47.43-600x750.jpeg 600w, https:\/\/comunicartesanluis.com\/v1\/wp-content\/uploads\/2023\/05\/WhatsApp-Image-2023-05-26-at-09.47.43.jpeg 750w\" sizes=\"(max-width: 750px) 100vw, 750px\" \/><p id=\"caption-attachment-9262\" class=\"wp-caption-text\"><em><strong>Siempre concentrado y enfocado en la meta<\/strong><\/em><\/p><\/div>\n<p>La lesi\u00f3n que lo mantuvo alejado de las pistas ha sido superada con \u00e9xito por Taque\u00f1o, quien nos asegura no sentir dolores y haber experimentado una excelente recuperaci\u00f3n gracias a sesiones de kinesiolog\u00eda. \u00abLa verdad es que fue dif\u00edcil ver c\u00f3mo corr\u00edan y no poder estar yo tambi\u00e9n detr\u00e1s del partidor, pero son cosas propias de este deporte\u00bb, coment\u00f3 el talentoso piloto.<\/p>\n<p>&nbsp;<\/p>\n<p>Durante la entrevista, abordamos el tema de su preparaci\u00f3n f\u00edsica, considerando la lesi\u00f3n que sufri\u00f3. Taque\u00f1o nos revel\u00f3 haber realizado ejercicios como sentadillas, abdominales y flexiones de brazo como parte de su programa de entrenamiento. \u00abMe siento en buenas condiciones para encarar la fecha\u00bb, afirm\u00f3 con confianza.<\/p>\n<div id=\"attachment_9269\" style=\"width: 586px\" class=\"wp-caption aligncenter\"><img decoding=\"async\" aria-describedby=\"caption-attachment-9269\" class=\"wp-image-9269 size-large\" src=\"https:\/\/comunicartesanluis.com\/v1\/wp-content\/uploads\/2023\/05\/WhatsApp-Image-2023-05-26-at-09.47.40-576x1024.jpeg\" alt=\"\" width=\"576\" height=\"1024\" srcset=\"https:\/\/comunicartesanluis.com\/v1\/wp-content\/uploads\/2023\/05\/WhatsApp-Image-2023-05-26-at-09.47.40-169x300.jpeg 169w, https:\/\/comunicartesanluis.com\/v1\/wp-content\/uploads\/2023\/05\/WhatsApp-Image-2023-05-26-at-09.47.40-200x356.jpeg 200w, https:\/\/comunicartesanluis.com\/v1\/wp-content\/uploads\/2023\/05\/WhatsApp-Image-2023-05-26-at-09.47.40-400x711.jpeg 400w, https:\/\/comunicartesanluis.com\/v1\/wp-content\/uploads\/2023\/05\/WhatsApp-Image-2023-05-26-at-09.47.40-576x1024.jpeg 576w, https:\/\/comunicartesanluis.com\/v1\/wp-content\/uploads\/2023\/05\/WhatsApp-Image-2023-05-26-at-09.47.40-600x1067.jpeg 600w, https:\/\/comunicartesanluis.com\/v1\/wp-content\/uploads\/2023\/05\/WhatsApp-Image-2023-05-26-at-09.47.40.jpeg 720w\" sizes=\"(max-width: 576px) 100vw, 576px\" \/><p id=\"caption-attachment-9269\" class=\"wp-caption-text\"><em><strong>Taque\u00f1o vol\u00f3 en el Campeonato anterior<\/strong><\/em><\/p><\/div>\n<p>En cuanto a sus objetivos para este a\u00f1o, el corredor de Merlo tiene en mente superarse fecha tras fecha y posicionarse en los primeros puestos de la competencia. \u00abEl a\u00f1o pasado logr\u00e9 un tercer puesto en ambos campeonatos, as\u00ed que mi meta es superar esos resultados y llegar a\u00fan m\u00e1s adelante\u00bb, manifest\u00f3 Taque\u00f1o.<\/p>\n<div id=\"attachment_9264\" style=\"width: 778px\" class=\"wp-caption aligncenter\"><img decoding=\"async\" aria-describedby=\"caption-attachment-9264\" class=\"wp-image-9264 size-full\" src=\"https:\/\/comunicartesanluis.com\/v1\/wp-content\/uploads\/2023\/05\/WhatsApp-Image-2023-05-26-at-09.47.42-1.jpeg\" alt=\"\" width=\"768\" height=\"1024\" srcset=\"https:\/\/comunicartesanluis.com\/v1\/wp-content\/uploads\/2023\/05\/WhatsApp-Image-2023-05-26-at-09.47.42-1-200x267.jpeg 200w, https:\/\/comunicartesanluis.com\/v1\/wp-content\/uploads\/2023\/05\/WhatsApp-Image-2023-05-26-at-09.47.42-1-225x300.jpeg 225w, https:\/\/comunicartesanluis.com\/v1\/wp-content\/uploads\/2023\/05\/WhatsApp-Image-2023-05-26-at-09.47.42-1-400x533.jpeg 400w, https:\/\/comunicartesanluis.com\/v1\/wp-content\/uploads\/2023\/05\/WhatsApp-Image-2023-05-26-at-09.47.42-1-600x800.jpeg 600w, https:\/\/comunicartesanluis.com\/v1\/wp-content\/uploads\/2023\/05\/WhatsApp-Image-2023-05-26-at-09.47.42-1.jpeg 768w\" sizes=\"(max-width: 768px) 100vw, 768px\" \/><p id=\"caption-attachment-9264\" class=\"wp-caption-text\"><em><strong>Taque\u00f1o logr\u00f3 tercer puesto en ambas categorias que particip\u00f3, una maquina&#8230;<\/strong><\/em><\/p><\/div>\n<p>Cuando le preguntamos sobre posibles cambios en su moto o estrategia de carrera, Nicol\u00e1s Taque\u00f1o nos inform\u00f3 que seguir\u00e1 utilizando la misma motocicleta del a\u00f1o anterior, ya que considera que es competitiva y se adapta perfectamente a su estilo de conducci\u00f3n. \u00abSiempre corro a fondo, desde la primera vuelta hasta la \u00faltima, sin medirme para aguantar la carrera. Mi enfoque es generar un ritmo constante y veloz\u00bb, revel\u00f3 el corredor.<\/p>\n<p><img decoding=\"async\" class=\"aligncenter wp-image-9261 size-full\" src=\"https:\/\/comunicartesanluis.com\/v1\/wp-content\/uploads\/2023\/05\/WhatsApp-Image-2023-05-26-at-09.47.44.jpeg\" alt=\"\" width=\"750\" height=\"500\" srcset=\"https:\/\/comunicartesanluis.com\/v1\/wp-content\/uploads\/2023\/05\/WhatsApp-Image-2023-05-26-at-09.47.44-200x133.jpeg 200w, https:\/\/comunicartesanluis.com\/v1\/wp-content\/uploads\/2023\/05\/WhatsApp-Image-2023-05-26-at-09.47.44-300x200.jpeg 300w, https:\/\/comunicartesanluis.com\/v1\/wp-content\/uploads\/2023\/05\/WhatsApp-Image-2023-05-26-at-09.47.44-400x267.jpeg 400w, https:\/\/comunicartesanluis.com\/v1\/wp-content\/uploads\/2023\/05\/WhatsApp-Image-2023-05-26-at-09.47.44-600x400.jpeg 600w, https:\/\/comunicartesanluis.com\/v1\/wp-content\/uploads\/2023\/05\/WhatsApp-Image-2023-05-26-at-09.47.44.jpeg 750w\" sizes=\"(max-width: 750px) 100vw, 750px\" \/><\/p>\n<p>Finalmente, el joven piloto comparti\u00f3 una lecci\u00f3n aprendida del torneo pasado que espera mejorar en esta temporada. \u00abAprend\u00ed que las carreras se inician a toda velocidad y se terminan de la misma manera, sin aflojar. Es all\u00ed donde pueden surgir los errores. Por eso, mi objetivo es mantener la intensidad durante toda la competencia\u00bb, concluy\u00f3 Taque\u00f1o.<\/p>\n<p>Con una mentalidad en\u00e9rgica y decidida, Nicol\u00e1s Taque\u00f1o est\u00e1 listo para enfrentar el Campeonato Cordob\u00e9s de Motocross y dejar su huella en la pista de Villa Nueva. Los fan\u00e1ticos del motocross estar\u00e1n atentos a su desempe\u00f1o, mientras este joven talento busca superar sus logros pasados y alcanzar nuevas metas en su emocionante carrera deportiva.<\/p>\n<div id=\"attachment_9270\" style=\"width: 754px\" class=\"wp-caption aligncenter\"><img decoding=\"async\" aria-describedby=\"caption-attachment-9270\" class=\"wp-image-9270 size-full\" src=\"https:\/\/comunicartesanluis.com\/v1\/wp-content\/uploads\/2023\/05\/WhatsApp-Image-2023-05-26-at-09.47.39-1.jpeg\" alt=\"\" width=\"744\" height=\"992\" srcset=\"https:\/\/comunicartesanluis.com\/v1\/wp-content\/uploads\/2023\/05\/WhatsApp-Image-2023-05-26-at-09.47.39-1-200x267.jpeg 200w, https:\/\/comunicartesanluis.com\/v1\/wp-content\/uploads\/2023\/05\/WhatsApp-Image-2023-05-26-at-09.47.39-1-225x300.jpeg 225w, https:\/\/comunicartesanluis.com\/v1\/wp-content\/uploads\/2023\/05\/WhatsApp-Image-2023-05-26-at-09.47.39-1-400x533.jpeg 400w, https:\/\/comunicartesanluis.com\/v1\/wp-content\/uploads\/2023\/05\/WhatsApp-Image-2023-05-26-at-09.47.39-1-600x800.jpeg 600w, https:\/\/comunicartesanluis.com\/v1\/wp-content\/uploads\/2023\/05\/WhatsApp-Image-2023-05-26-at-09.47.39-1.jpeg 744w\" sizes=\"(max-width: 744px) 100vw, 744px\" \/><p id=\"caption-attachment-9270\" class=\"wp-caption-text\"><em><strong>La Reina Taque\u00f1a&#8230;<\/strong><\/em><\/p><\/div>\n<p>\u00a1No te pierdas las pr\u00f3ximas fechas del campeonato y sigue de cerca el desempe\u00f1o del crack merlino!<\/p>\n","protected":false},"excerpt":{"rendered":"<p>En un emocionante regreso al ruedo, el talentoso corredor merlino, Nicol\u00e1s Taque\u00f1o, se prepara para participar una vez m\u00e1s en el prestigioso Campeonato Cordob\u00e9s de Motocross.<\/p>\n","protected":false},"author":3,"featured_media":9267,"comment_status":"open","ping_status":"open","sticky":false,"template":"","format":"standard","meta":{"_jetpack_memberships_contains_paid_content":false,"footnotes":""},"categories":[15,16],"tags":[],"class_list":["post-9260","post","type-post","status-publish","format-standard","has-post-thumbnail","hentry","category-deporte","category-local"],"jetpack_featured_media_url":"https:\/\/comunicartesanluis.com\/v1\/wp-content\/uploads\/2023\/05\/WhatsApp-Image-2023-05-26-at-09.47.41.jpeg","jetpack_sharing_enabled":true,"_links":{"self":[{"href":"https:\/\/comunicartesanluis.com\/index.php\/wp-json\/wp\/v2\/posts\/9260","targetHints":{"allow":["GET"]}}],"collection":[{"href":"https:\/\/comunicartesanluis.com\/index.php\/wp-json\/wp\/v2\/posts"}],"about":[{"href":"https:\/\/comunicartesanluis.com\/index.php\/wp-json\/wp\/v2\/types\/post"}],"author":[{"embeddable":true,"href":"https:\/\/comunicartesanluis.com\/index.php\/wp-json\/wp\/v2\/users\/3"}],"replies":[{"embeddable":true,"href":"https:\/\/comunicartesanluis.com\/index.php\/wp-json\/wp\/v2\/comments?post=9260"}],"version-history":[{"count":1,"href":"https:\/\/comunicartesanluis.com\/index.php\/wp-json\/wp\/v2\/posts\/9260\/revisions"}],"predecessor-version":[{"id":9272,"href":"https:\/\/comunicartesanluis.com\/index.php\/wp-json\/wp\/v2\/posts\/9260\/revisions\/9272"}],"wp:featuredmedia":[{"embeddable":true,"href":"https:\/\/comunicartesanluis.com\/index.php\/wp-json\/wp\/v2\/media\/9267"}],"wp:attachment":[{"href":"https:\/\/comunicartesanluis.com\/index.php\/wp-json\/wp\/v2\/media?parent=9260"}],"wp:term":[{"taxonomy":"category","embeddable":true,"href":"https:\/\/comunicartesanluis.com\/index.php\/wp-json\/wp\/v2\/categories?post=9260"},{"taxonomy":"post_tag","embeddable":true,"href":"https:\/\/comunicartesanluis.com\/index.php\/wp-json\/wp\/v2\/tags?post=9260"}],"curies":[{"name":"wp","href":"https:\/\/api.w.org\/{rel}","templated":true}]}}