{"id":9273,"date":"2023-05-26T17:02:10","date_gmt":"2023-05-26T20:02:10","guid":{"rendered":"https:\/\/comunicartesanluis.com\/?p=9273"},"modified":"2023-05-26T18:37:56","modified_gmt":"2023-05-26T21:37:56","slug":"se-viene-la-estatua-del-muneco","status":"publish","type":"post","link":"https:\/\/comunicartesanluis.com\/index.php\/2023\/05\/26\/se-viene-la-estatua-del-muneco\/","title":{"rendered":"Se viene la estatua del mu\u00f1eco"},"content":{"rendered":"<p>La posibilidad de que el plantel de River y el entrenador Mart\u00edn Demichelis asistan al evento se ha abierto gracias al cambio de fecha de la inauguraci\u00f3n, que originalmente estaba programada para el jueves pero se pospuso debido a las fuertes lluvias pronosticadas.<\/p>\n<p>Tras el encuentro en Lima contra Sporting Cristal por la Copa Libertadores, la delegaci\u00f3n de River regresar\u00e1 a Buenos Aires este viernes por la noche, lo que les permitir\u00e1 a los jugadores sumarse al evento sin inconvenientes. El s\u00e1bado por la tarde, luego de un entrenamiento matutino en el Estadio Monumental, los jugadores tendr\u00e1n la oportunidad de acompa\u00f1ar a Gallardo en este importante acontecimiento. Sin embargo, el domingo el plantel deber\u00e1 concentrarse de cara al pr\u00f3ximo partido contra V\u00e9lez.<\/p>\n<p>Este encuentro no solo ser\u00e1 una ocasi\u00f3n especial para la inauguraci\u00f3n de la estatua, sino tambi\u00e9n para reencuentros significativos. Gallardo podr\u00e1 encontrarse con muchos de sus exjugadores que fueron parte de los logros m\u00e1s destacados de su ciclo como director t\u00e9cnico. Jugadores como Jonatan Maidana, Enzo P\u00e9rez, Ignacio Fern\u00e1ndez, Mat\u00edas Kranevitter, Milton Casco y Franco Armani forman parte del actual plantel y seguramente se producir\u00e1n abrazos y momentos emotivos. Adem\u00e1s, existe la posibilidad de que Gallardo salude a Mart\u00edn Demichelis, quien actualmente se desempe\u00f1a como entrenador y tambi\u00e9n podr\u00eda estar presente en el evento.<\/p>\n<p>La ceremonia se llevar\u00e1 a cabo en un escenario montado en la vereda de la avenida Figueroa Alcorta, junto al estacionamiento interno del estadio. La imponente estatua, con m\u00e1s de siete metros de altura y 6,5 toneladas de bronce, fue creada gracias a la colaboraci\u00f3n de los fan\u00e1ticos del club, quienes aportaron llaves y otros elementos de este metal para su construcci\u00f3n. Desde fines del a\u00f1o pasado, la estatua ha estado cubierta por telas en anticipaci\u00f3n a su inauguraci\u00f3n, que fue pospuesta en diciembre debido a la participaci\u00f3n de Argentina en el Mundial.<\/p>\n<p><img decoding=\"async\" src=\"https:\/\/www.ole.com.ar\/images\/2022\/12\/05\/1UAstnMcZ_720x0__1.jpg\" alt=\"La estatua de Gallardo, lista para la inauguraci\u00f3n. Foto: Marcelo Carroll.\" \/><\/p>\n<p>El evento contar\u00e1 tambi\u00e9n con la presencia de importantes invitados que formaron parte de la trayectoria futbol\u00edstica y de entrenador de Gallardo, como Juan Fernando Quintero, Marcelo Salas, Leonardo Pisculichi y el ex presidente de River Plate, Rodolfo D&#8217;Onofrio. Queda por verse si el actual plantel de River se sumar\u00e1 a este selecto grupo de invitados.<\/p>\n<p><img decoding=\"async\" src=\"https:\/\/www.ole.com.ar\/images\/2023\/05\/24\/YGGPpQKdD_720x0__1.jpg\" alt=\"Se reprogram\u00f3 la inauguraci\u00f3n de la estatua de Gallardo (Prensa River).\" \/><\/p>\n<p>La inauguraci\u00f3n de la estatua de Gallardo ser\u00e1 un momento hist\u00f3rico para River Plate y sus seguidores, que podr\u00e1n rendir homenaje a un \u00edcono del club. Sin duda, este evento estar\u00e1 lleno de emociones y significado para todos los presentes.<\/p>\n","protected":false},"excerpt":{"rendered":"<p>La estatua de Gallardo, uno de los m\u00e1ximos \u00eddolos de River Plate, ser\u00e1 finalmente inaugurada este s\u00e1bado en una emotiva ceremonia que promete contar con la presencia de importantes figuras del f\u00fatbol argentino.<\/p>\n","protected":false},"author":3,"featured_media":9278,"comment_status":"open","ping_status":"open","sticky":false,"template":"","format":"standard","meta":{"_jetpack_memberships_contains_paid_content":false,"footnotes":""},"categories":[8,15,17],"tags":[],"class_list":["post-9273","post","type-post","status-publish","format-standard","has-post-thumbnail","hentry","category-actualidad","category-deporte","category-nacional"],"jetpack_featured_media_url":"https:\/\/comunicartesanluis.com\/v1\/wp-content\/uploads\/2023\/05\/la-estatua-de-gallardo-que___OirPVWJab_720x0__1.jpg","jetpack_sharing_enabled":true,"_links":{"self":[{"href":"https:\/\/comunicartesanluis.com\/index.php\/wp-json\/wp\/v2\/posts\/9273","targetHints":{"allow":["GET"]}}],"collection":[{"href":"https:\/\/comunicartesanluis.com\/index.php\/wp-json\/wp\/v2\/posts"}],"about":[{"href":"https:\/\/comunicartesanluis.com\/index.php\/wp-json\/wp\/v2\/types\/post"}],"author":[{"embeddable":true,"href":"https:\/\/comunicartesanluis.com\/index.php\/wp-json\/wp\/v2\/users\/3"}],"replies":[{"embeddable":true,"href":"https:\/\/comunicartesanluis.com\/index.php\/wp-json\/wp\/v2\/comments?post=9273"}],"version-history":[{"count":1,"href":"https:\/\/comunicartesanluis.com\/index.php\/wp-json\/wp\/v2\/posts\/9273\/revisions"}],"predecessor-version":[{"id":9274,"href":"https:\/\/comunicartesanluis.com\/index.php\/wp-json\/wp\/v2\/posts\/9273\/revisions\/9274"}],"wp:featuredmedia":[{"embeddable":true,"href":"https:\/\/comunicartesanluis.com\/index.php\/wp-json\/wp\/v2\/media\/9278"}],"wp:attachment":[{"href":"https:\/\/comunicartesanluis.com\/index.php\/wp-json\/wp\/v2\/media?parent=9273"}],"wp:term":[{"taxonomy":"category","embeddable":true,"href":"https:\/\/comunicartesanluis.com\/index.php\/wp-json\/wp\/v2\/categories?post=9273"},{"taxonomy":"post_tag","embeddable":true,"href":"https:\/\/comunicartesanluis.com\/index.php\/wp-json\/wp\/v2\/tags?post=9273"}],"curies":[{"name":"wp","href":"https:\/\/api.w.org\/{rel}","templated":true}]}}