{"id":9328,"date":"2023-05-29T14:53:25","date_gmt":"2023-05-29T17:53:25","guid":{"rendered":"https:\/\/comunicartesanluis.com\/?p=9328"},"modified":"2023-05-29T14:53:25","modified_gmt":"2023-05-29T17:53:25","slug":"el-deportivo-merlino-23","status":"publish","type":"post","link":"https:\/\/comunicartesanluis.com\/index.php\/2023\/05\/29\/el-deportivo-merlino-23\/","title":{"rendered":"El Deportivo Merlino"},"content":{"rendered":"<p>F\u00fatbol<\/p>\n<p>En el partido disputado el pasado domingo en el predio de San Mart\u00edn, el equipo Rojo se impuso por 1-0 ante Casino en el cl\u00e1sico local, lo que les permiti\u00f3 ascender a la primera posici\u00f3n del torneo. El gol de la victoria fue anotado por Ignacio Dolce, quien fue la figura destacada del encuentro. Con este triunfo, el equipo de Merlo se coloca en la cima de la tabla junto a Naschel Unidos, ambos con un partido menos.<\/p>\n<p>Nota completa:&gt;&gt;&gt;&gt; https:\/\/comunicartesanluis.com\/index.php\/2023\/05\/29\/san-martin-le-gano-el-clasico-a-casino-para-subir-a-la-punta-del-torneo\/#<\/p>\n<p><img decoding=\"async\" class=\"aligncenter wp-image-9312 size-full\" src=\"https:\/\/comunicartesanluis.com\/v1\/wp-content\/uploads\/2023\/05\/IMG-20230529-WA0032.jpg\" alt=\"\" width=\"1280\" height=\"853\" srcset=\"https:\/\/comunicartesanluis.com\/v1\/wp-content\/uploads\/2023\/05\/IMG-20230529-WA0032-200x133.jpg 200w, https:\/\/comunicartesanluis.com\/v1\/wp-content\/uploads\/2023\/05\/IMG-20230529-WA0032-300x200.jpg 300w, https:\/\/comunicartesanluis.com\/v1\/wp-content\/uploads\/2023\/05\/IMG-20230529-WA0032-400x267.jpg 400w, https:\/\/comunicartesanluis.com\/v1\/wp-content\/uploads\/2023\/05\/IMG-20230529-WA0032-600x400.jpg 600w, https:\/\/comunicartesanluis.com\/v1\/wp-content\/uploads\/2023\/05\/IMG-20230529-WA0032-768x512.jpg 768w, https:\/\/comunicartesanluis.com\/v1\/wp-content\/uploads\/2023\/05\/IMG-20230529-WA0032-800x533.jpg 800w, https:\/\/comunicartesanluis.com\/v1\/wp-content\/uploads\/2023\/05\/IMG-20230529-WA0032-1024x682.jpg 1024w, https:\/\/comunicartesanluis.com\/v1\/wp-content\/uploads\/2023\/05\/IMG-20230529-WA0032-1200x800.jpg 1200w, https:\/\/comunicartesanluis.com\/v1\/wp-content\/uploads\/2023\/05\/IMG-20230529-WA0032.jpg 1280w\" sizes=\"(max-width: 1280px) 100vw, 1280px\" \/><\/p>\n<p>&nbsp;<\/p>\n<p>&nbsp;<\/p>\n<p><img decoding=\"async\" class=\"aligncenter wp-image-9329 size-full\" src=\"https:\/\/comunicartesanluis.com\/v1\/wp-content\/uploads\/2023\/05\/WhatsApp-Image-2023-05-29-at-09.41.52.jpeg\" alt=\"\" width=\"575\" height=\"719\" srcset=\"https:\/\/comunicartesanluis.com\/v1\/wp-content\/uploads\/2023\/05\/WhatsApp-Image-2023-05-29-at-09.41.52-200x250.jpeg 200w, https:\/\/comunicartesanluis.com\/v1\/wp-content\/uploads\/2023\/05\/WhatsApp-Image-2023-05-29-at-09.41.52-240x300.jpeg 240w, https:\/\/comunicartesanluis.com\/v1\/wp-content\/uploads\/2023\/05\/WhatsApp-Image-2023-05-29-at-09.41.52-400x500.jpeg 400w, https:\/\/comunicartesanluis.com\/v1\/wp-content\/uploads\/2023\/05\/WhatsApp-Image-2023-05-29-at-09.41.52.jpeg 575w\" sizes=\"(max-width: 575px) 100vw, 575px\" \/><\/p>\n<p>&nbsp;<\/p>\n<p>Hockey<\/p>\n<p>Las chicas del Club Alerces tuvieron un domingo lleno de acci\u00f3n. En varios enfrentamientos locales contra Aviador, uno de los equipos destacados en el torneo de la Federaci\u00f3n, el equipo merlino obtuvo buenos resultados y se mantiene en la cima en dos de las divisiones.<\/p>\n<p>Los resultados fueron los siguientes:<\/p>\n<ul>\n<li>8va Alerces 0-1 Aviador<\/li>\n<li>7ma Alerces 2-2 Aviador<\/li>\n<li>6ta Alerces 2-1 Aviador<\/li>\n<li>Intermedia Alerces 0-7 Aviador<\/li>\n<li>Primera Alerces 0-3 Aviador<\/li>\n<\/ul>\n<p><img decoding=\"async\" class=\"alignnone wp-image-9335 size-large\" src=\"https:\/\/comunicartesanluis.com\/v1\/wp-content\/uploads\/2023\/05\/WhatsApp-Image-2023-05-29-at-10.15.09-1024x768.jpeg\" alt=\"\" width=\"1024\" height=\"768\" srcset=\"https:\/\/comunicartesanluis.com\/v1\/wp-content\/uploads\/2023\/05\/WhatsApp-Image-2023-05-29-at-10.15.09-200x150.jpeg 200w, https:\/\/comunicartesanluis.com\/v1\/wp-content\/uploads\/2023\/05\/WhatsApp-Image-2023-05-29-at-10.15.09-300x225.jpeg 300w, https:\/\/comunicartesanluis.com\/v1\/wp-content\/uploads\/2023\/05\/WhatsApp-Image-2023-05-29-at-10.15.09-400x300.jpeg 400w, https:\/\/comunicartesanluis.com\/v1\/wp-content\/uploads\/2023\/05\/WhatsApp-Image-2023-05-29-at-10.15.09-600x450.jpeg 600w, https:\/\/comunicartesanluis.com\/v1\/wp-content\/uploads\/2023\/05\/WhatsApp-Image-2023-05-29-at-10.15.09-768x576.jpeg 768w, https:\/\/comunicartesanluis.com\/v1\/wp-content\/uploads\/2023\/05\/WhatsApp-Image-2023-05-29-at-10.15.09-800x600.jpeg 800w, https:\/\/comunicartesanluis.com\/v1\/wp-content\/uploads\/2023\/05\/WhatsApp-Image-2023-05-29-at-10.15.09-1024x768.jpeg 1024w, https:\/\/comunicartesanluis.com\/v1\/wp-content\/uploads\/2023\/05\/WhatsApp-Image-2023-05-29-at-10.15.09-1200x900.jpeg 1200w, https:\/\/comunicartesanluis.com\/v1\/wp-content\/uploads\/2023\/05\/WhatsApp-Image-2023-05-29-at-10.15.09.jpeg 1280w\" sizes=\"(max-width: 1024px) 100vw, 1024px\" \/><img decoding=\"async\" class=\"alignnone wp-image-9334 size-large\" src=\"https:\/\/comunicartesanluis.com\/v1\/wp-content\/uploads\/2023\/05\/WhatsApp-Image-2023-05-29-at-10.15.09-1-1024x768.jpeg\" alt=\"\" width=\"1024\" height=\"768\" srcset=\"https:\/\/comunicartesanluis.com\/v1\/wp-content\/uploads\/2023\/05\/WhatsApp-Image-2023-05-29-at-10.15.09-1-200x150.jpeg 200w, https:\/\/comunicartesanluis.com\/v1\/wp-content\/uploads\/2023\/05\/WhatsApp-Image-2023-05-29-at-10.15.09-1-300x225.jpeg 300w, https:\/\/comunicartesanluis.com\/v1\/wp-content\/uploads\/2023\/05\/WhatsApp-Image-2023-05-29-at-10.15.09-1-400x300.jpeg 400w, https:\/\/comunicartesanluis.com\/v1\/wp-content\/uploads\/2023\/05\/WhatsApp-Image-2023-05-29-at-10.15.09-1-600x450.jpeg 600w, https:\/\/comunicartesanluis.com\/v1\/wp-content\/uploads\/2023\/05\/WhatsApp-Image-2023-05-29-at-10.15.09-1-768x576.jpeg 768w, https:\/\/comunicartesanluis.com\/v1\/wp-content\/uploads\/2023\/05\/WhatsApp-Image-2023-05-29-at-10.15.09-1-800x600.jpeg 800w, https:\/\/comunicartesanluis.com\/v1\/wp-content\/uploads\/2023\/05\/WhatsApp-Image-2023-05-29-at-10.15.09-1-1024x768.jpeg 1024w, https:\/\/comunicartesanluis.com\/v1\/wp-content\/uploads\/2023\/05\/WhatsApp-Image-2023-05-29-at-10.15.09-1-1200x900.jpeg 1200w, https:\/\/comunicartesanluis.com\/v1\/wp-content\/uploads\/2023\/05\/WhatsApp-Image-2023-05-29-at-10.15.09-1.jpeg 1280w\" sizes=\"(max-width: 1024px) 100vw, 1024px\" \/><img decoding=\"async\" class=\"alignnone wp-image-9337 size-large\" src=\"https:\/\/comunicartesanluis.com\/v1\/wp-content\/uploads\/2023\/05\/WhatsApp-Image-2023-05-29-at-09.57.02-1024x576.jpeg\" alt=\"\" width=\"1024\" height=\"576\" srcset=\"https:\/\/comunicartesanluis.com\/v1\/wp-content\/uploads\/2023\/05\/WhatsApp-Image-2023-05-29-at-09.57.02-200x113.jpeg 200w, https:\/\/comunicartesanluis.com\/v1\/wp-content\/uploads\/2023\/05\/WhatsApp-Image-2023-05-29-at-09.57.02-300x169.jpeg 300w, https:\/\/comunicartesanluis.com\/v1\/wp-content\/uploads\/2023\/05\/WhatsApp-Image-2023-05-29-at-09.57.02-400x225.jpeg 400w, https:\/\/comunicartesanluis.com\/v1\/wp-content\/uploads\/2023\/05\/WhatsApp-Image-2023-05-29-at-09.57.02-600x338.jpeg 600w, https:\/\/comunicartesanluis.com\/v1\/wp-content\/uploads\/2023\/05\/WhatsApp-Image-2023-05-29-at-09.57.02-768x432.jpeg 768w, https:\/\/comunicartesanluis.com\/v1\/wp-content\/uploads\/2023\/05\/WhatsApp-Image-2023-05-29-at-09.57.02-800x450.jpeg 800w, https:\/\/comunicartesanluis.com\/v1\/wp-content\/uploads\/2023\/05\/WhatsApp-Image-2023-05-29-at-09.57.02-1024x576.jpeg 1024w, https:\/\/comunicartesanluis.com\/v1\/wp-content\/uploads\/2023\/05\/WhatsApp-Image-2023-05-29-at-09.57.02-1200x675.jpeg 1200w, https:\/\/comunicartesanluis.com\/v1\/wp-content\/uploads\/2023\/05\/WhatsApp-Image-2023-05-29-at-09.57.02.jpeg 1280w\" sizes=\"(max-width: 1024px) 100vw, 1024px\" \/><img decoding=\"async\" class=\"aligncenter wp-image-9331 size-large\" src=\"https:\/\/comunicartesanluis.com\/v1\/wp-content\/uploads\/2023\/05\/WhatsApp-Image-2023-05-29-at-10.15.08-1-1024x768.jpeg\" alt=\"\" width=\"1024\" height=\"768\" srcset=\"https:\/\/comunicartesanluis.com\/v1\/wp-content\/uploads\/2023\/05\/WhatsApp-Image-2023-05-29-at-10.15.08-1-200x150.jpeg 200w, https:\/\/comunicartesanluis.com\/v1\/wp-content\/uploads\/2023\/05\/WhatsApp-Image-2023-05-29-at-10.15.08-1-300x225.jpeg 300w, https:\/\/comunicartesanluis.com\/v1\/wp-content\/uploads\/2023\/05\/WhatsApp-Image-2023-05-29-at-10.15.08-1-400x300.jpeg 400w, https:\/\/comunicartesanluis.com\/v1\/wp-content\/uploads\/2023\/05\/WhatsApp-Image-2023-05-29-at-10.15.08-1-600x450.jpeg 600w, https:\/\/comunicartesanluis.com\/v1\/wp-content\/uploads\/2023\/05\/WhatsApp-Image-2023-05-29-at-10.15.08-1-768x576.jpeg 768w, https:\/\/comunicartesanluis.com\/v1\/wp-content\/uploads\/2023\/05\/WhatsApp-Image-2023-05-29-at-10.15.08-1-800x600.jpeg 800w, https:\/\/comunicartesanluis.com\/v1\/wp-content\/uploads\/2023\/05\/WhatsApp-Image-2023-05-29-at-10.15.08-1-1024x768.jpeg 1024w, https:\/\/comunicartesanluis.com\/v1\/wp-content\/uploads\/2023\/05\/WhatsApp-Image-2023-05-29-at-10.15.08-1-1200x900.jpeg 1200w, https:\/\/comunicartesanluis.com\/v1\/wp-content\/uploads\/2023\/05\/WhatsApp-Image-2023-05-29-at-10.15.08-1.jpeg 1280w\" sizes=\"(max-width: 1024px) 100vw, 1024px\" \/><\/p>\n<p>Hablamos con Gustavo Garc\u00eda, entrenador del equipo, quien nos brind\u00f3 algunos detalles sobre la jornada:<\/p>\n<p>\u00abEn el partido de 7ma, est\u00e1bamos perdiendo 2-0, pero logramos empatar 2-2 en el segundo tiempo. Seguimos en la primera posici\u00f3n al t\u00e9rmino de la primera ronda y el s\u00e1bado comenzaremos la segunda\u00bb.<\/p>\n<p>\u00abEn el encuentro de 6ta, ganamos 2-1 contra Aviador, nuestro rival directo, y ampliamos la ventaja, quedando en primer lugar. Hemos ganado los 5 partidos que hemos disputado hasta ahora\u00bb.<\/p>\n<p>\u00abEn cuanto a la categor\u00eda Intermedia, todav\u00eda estamos en proceso de formaci\u00f3n y la utilizamos como reserva para el equipo de Primera. Perdimos 7-0 frente a Aviador tambi\u00e9n\u00bb.<\/p>\n<p>\u00abEl equipo de Primera comenz\u00f3 este a\u00f1o tambi\u00e9n en formaci\u00f3n, con jugadoras que regresaron despu\u00e9s de un tiempo sin jugar, y perdimos 3-0 en nuestro \u00faltimo partido\u00bb.<\/p>\n<p>Karting<\/p>\n<p>Hace dos semanas, Alexis Cano, bicampe\u00f3n merlino de karting, particip\u00f3 en la tercera fecha del Campeonato de Asfalto de Karting en Villa Mercedes. Tuvimos la oportunidad de conversar con \u00e9l y conocer su desempe\u00f1o en la competencia.<\/p>\n<p><img decoding=\"async\" class=\"alignnone size-medium wp-image-9338\" src=\"https:\/\/comunicartesanluis.com\/v1\/wp-content\/uploads\/2023\/05\/WhatsApp-Image-2023-05-29-at-09.54.41-300x200.jpeg\" alt=\"\" width=\"300\" height=\"200\" srcset=\"https:\/\/comunicartesanluis.com\/v1\/wp-content\/uploads\/2023\/05\/WhatsApp-Image-2023-05-29-at-09.54.41-200x133.jpeg 200w, https:\/\/comunicartesanluis.com\/v1\/wp-content\/uploads\/2023\/05\/WhatsApp-Image-2023-05-29-at-09.54.41-300x200.jpeg 300w, https:\/\/comunicartesanluis.com\/v1\/wp-content\/uploads\/2023\/05\/WhatsApp-Image-2023-05-29-at-09.54.41-400x267.jpeg 400w, https:\/\/comunicartesanluis.com\/v1\/wp-content\/uploads\/2023\/05\/WhatsApp-Image-2023-05-29-at-09.54.41-600x400.jpeg 600w, https:\/\/comunicartesanluis.com\/v1\/wp-content\/uploads\/2023\/05\/WhatsApp-Image-2023-05-29-at-09.54.41-768x512.jpeg 768w, https:\/\/comunicartesanluis.com\/v1\/wp-content\/uploads\/2023\/05\/WhatsApp-Image-2023-05-29-at-09.54.41-800x534.jpeg 800w, https:\/\/comunicartesanluis.com\/v1\/wp-content\/uploads\/2023\/05\/WhatsApp-Image-2023-05-29-at-09.54.41-1024x683.jpeg 1024w, https:\/\/comunicartesanluis.com\/v1\/wp-content\/uploads\/2023\/05\/WhatsApp-Image-2023-05-29-at-09.54.41-1200x800.jpeg 1200w, https:\/\/comunicartesanluis.com\/v1\/wp-content\/uploads\/2023\/05\/WhatsApp-Image-2023-05-29-at-09.54.41-1536x1024.jpeg 1536w, https:\/\/comunicartesanluis.com\/v1\/wp-content\/uploads\/2023\/05\/WhatsApp-Image-2023-05-29-at-09.54.41.jpeg 1600w\" sizes=\"(max-width: 300px) 100vw, 300px\" \/> <img decoding=\"async\" class=\"alignnone size-medium wp-image-9339\" src=\"https:\/\/comunicartesanluis.com\/v1\/wp-content\/uploads\/2023\/05\/WhatsApp-Image-2023-05-29-at-09.54.40-300x200.jpeg\" alt=\"\" width=\"300\" height=\"200\" srcset=\"https:\/\/comunicartesanluis.com\/v1\/wp-content\/uploads\/2023\/05\/WhatsApp-Image-2023-05-29-at-09.54.40-200x134.jpeg 200w, https:\/\/comunicartesanluis.com\/v1\/wp-content\/uploads\/2023\/05\/WhatsApp-Image-2023-05-29-at-09.54.40-300x200.jpeg 300w, https:\/\/comunicartesanluis.com\/v1\/wp-content\/uploads\/2023\/05\/WhatsApp-Image-2023-05-29-at-09.54.40-400x267.jpeg 400w, https:\/\/comunicartesanluis.com\/v1\/wp-content\/uploads\/2023\/05\/WhatsApp-Image-2023-05-29-at-09.54.40-600x401.jpeg 600w, https:\/\/comunicartesanluis.com\/v1\/wp-content\/uploads\/2023\/05\/WhatsApp-Image-2023-05-29-at-09.54.40-768x513.jpeg 768w, https:\/\/comunicartesanluis.com\/v1\/wp-content\/uploads\/2023\/05\/WhatsApp-Image-2023-05-29-at-09.54.40-800x534.jpeg 800w, https:\/\/comunicartesanluis.com\/v1\/wp-content\/uploads\/2023\/05\/WhatsApp-Image-2023-05-29-at-09.54.40-1024x684.jpeg 1024w, https:\/\/comunicartesanluis.com\/v1\/wp-content\/uploads\/2023\/05\/WhatsApp-Image-2023-05-29-at-09.54.40-1200x801.jpeg 1200w, https:\/\/comunicartesanluis.com\/v1\/wp-content\/uploads\/2023\/05\/WhatsApp-Image-2023-05-29-at-09.54.40-1536x1025.jpeg 1536w, https:\/\/comunicartesanluis.com\/v1\/wp-content\/uploads\/2023\/05\/WhatsApp-Image-2023-05-29-at-09.54.40.jpeg 1600w\" sizes=\"(max-width: 300px) 100vw, 300px\" \/><\/p>\n<p>\u00abEn el primer entrenamiento, logr\u00e9 el segundo puesto, mientras que en el segundo entrenamiento obtuve el tercer puesto. Desafortunadamente, una falla en el carburador me impidi\u00f3 dar m\u00e1s vueltas\u00bb.<\/p>\n<p>\u00abEn la clasificaci\u00f3n, qued\u00e9 en segundo lugar, a tan solo 0,017 segundos del l\u00edder. Me toc\u00f3 largar en primer posici\u00f3n en la segunda serie, que gan\u00e9, y en la final, partiendo desde el primer lugar, logr\u00e9 llevarme la victoria de principio a fin\u00bb.<\/p>\n<p>&nbsp;<\/p>\n<p>Alexis Cano muestra un gran rendimiento tanto en su pasado como en el presente<\/p>\n","protected":false},"excerpt":{"rendered":"<p>Como todos los lunes,  te traemos un resumen de lo sucedido en el \u00e1mbito deportivo de nuestra Villa de Merlo. A continuaci\u00f3n, Cl\u00e1sico merlino como frutilla del postre, Hockey a full, Karting, Moto y mucho m\u00e1s.<\/p>\n","protected":false},"author":3,"featured_media":9340,"comment_status":"open","ping_status":"open","sticky":false,"template":"","format":"standard","meta":{"_jetpack_memberships_contains_paid_content":false,"footnotes":""},"categories":[15,16],"tags":[],"class_list":["post-9328","post","type-post","status-publish","format-standard","has-post-thumbnail","hentry","category-deporte","category-local"],"jetpack_featured_media_url":"https:\/\/comunicartesanluis.com\/v1\/wp-content\/uploads\/2023\/05\/WhatsApp-Image-2023-05-29-at-13.48.34.jpeg","jetpack_sharing_enabled":true,"_links":{"self":[{"href":"https:\/\/comunicartesanluis.com\/index.php\/wp-json\/wp\/v2\/posts\/9328","targetHints":{"allow":["GET"]}}],"collection":[{"href":"https:\/\/comunicartesanluis.com\/index.php\/wp-json\/wp\/v2\/posts"}],"about":[{"href":"https:\/\/comunicartesanluis.com\/index.php\/wp-json\/wp\/v2\/types\/post"}],"author":[{"embeddable":true,"href":"https:\/\/comunicartesanluis.com\/index.php\/wp-json\/wp\/v2\/users\/3"}],"replies":[{"embeddable":true,"href":"https:\/\/comunicartesanluis.com\/index.php\/wp-json\/wp\/v2\/comments?post=9328"}],"version-history":[{"count":1,"href":"https:\/\/comunicartesanluis.com\/index.php\/wp-json\/wp\/v2\/posts\/9328\/revisions"}],"predecessor-version":[{"id":9341,"href":"https:\/\/comunicartesanluis.com\/index.php\/wp-json\/wp\/v2\/posts\/9328\/revisions\/9341"}],"wp:featuredmedia":[{"embeddable":true,"href":"https:\/\/comunicartesanluis.com\/index.php\/wp-json\/wp\/v2\/media\/9340"}],"wp:attachment":[{"href":"https:\/\/comunicartesanluis.com\/index.php\/wp-json\/wp\/v2\/media?parent=9328"}],"wp:term":[{"taxonomy":"category","embeddable":true,"href":"https:\/\/comunicartesanluis.com\/index.php\/wp-json\/wp\/v2\/categories?post=9328"},{"taxonomy":"post_tag","embeddable":true,"href":"https:\/\/comunicartesanluis.com\/index.php\/wp-json\/wp\/v2\/tags?post=9328"}],"curies":[{"name":"wp","href":"https:\/\/api.w.org\/{rel}","templated":true}]}}