{"id":9342,"date":"2023-05-29T16:40:10","date_gmt":"2023-05-29T19:40:10","guid":{"rendered":"https:\/\/comunicartesanluis.com\/?p=9342"},"modified":"2023-05-29T16:43:38","modified_gmt":"2023-05-29T19:43:38","slug":"cinco-gimnastas-puntanas-competiran-en-el-panamericano-juvenil-en-mexico","status":"publish","type":"post","link":"https:\/\/comunicartesanluis.com\/index.php\/2023\/05\/29\/cinco-gimnastas-puntanas-competiran-en-el-panamericano-juvenil-en-mexico\/","title":{"rendered":"Cinco gimnastas puntanas competir\u00e1n en el Panamericano Juvenil en Mexico"},"content":{"rendered":"<p><img decoding=\"async\" class=\"alignnone size-medium wp-image-9344\" src=\"https:\/\/comunicartesanluis.com\/v1\/wp-content\/uploads\/2023\/05\/Screenshot_20230529-1620402-300x208.png\" alt=\"\" width=\"300\" height=\"208\" srcset=\"https:\/\/comunicartesanluis.com\/v1\/wp-content\/uploads\/2023\/05\/Screenshot_20230529-1620402-200x139.png 200w, https:\/\/comunicartesanluis.com\/v1\/wp-content\/uploads\/2023\/05\/Screenshot_20230529-1620402-300x208.png 300w, https:\/\/comunicartesanluis.com\/v1\/wp-content\/uploads\/2023\/05\/Screenshot_20230529-1620402-400x278.png 400w, https:\/\/comunicartesanluis.com\/v1\/wp-content\/uploads\/2023\/05\/Screenshot_20230529-1620402-600x417.png 600w, https:\/\/comunicartesanluis.com\/v1\/wp-content\/uploads\/2023\/05\/Screenshot_20230529-1620402-768x533.png 768w, https:\/\/comunicartesanluis.com\/v1\/wp-content\/uploads\/2023\/05\/Screenshot_20230529-1620402-800x556.png 800w, https:\/\/comunicartesanluis.com\/v1\/wp-content\/uploads\/2023\/05\/Screenshot_20230529-1620402-1024x711.png 1024w, https:\/\/comunicartesanluis.com\/v1\/wp-content\/uploads\/2023\/05\/Screenshot_20230529-1620402.png 1080w\" sizes=\"(max-width: 300px) 100vw, 300px\" \/><\/p>\n<p>Las j\u00f3venes gimnastas de San Luis, Ana y Valentina Romero, Galia Alicastro, Helena Palmero, y Chiara Crespo fueron seleccionadas para representar a la Argentina en los panamericanos que se llevar\u00e1n a cabo del 9 al 11 de junio en la ciudad de Guadalajara, en Mexico.<\/p>\n<p>Las gimnastas pertenecen a la academia Estilo Ritmica a cargo de la profesora Ivanna Bechem.<\/p>\n<p><span style=\"text-align: right;\">El gobierno provincial, anuncio a su vez, que brindar\u00e1 todo el apoyo econ\u00f3mico que implique la participaci\u00f3n de las atletas en la competencia<\/span><\/p>\n","protected":false},"excerpt":{"rendered":"<p>Las j\u00f3venes Ana y Valentina Romero, Galia Alicastro, Helena Palmero, y Chiara Crespo, representar\u00e1n a San Luis y la Argentina en la competencia que se llevar\u00e1 a cabo entre el 9 y 11 de junio pr\u00f3ximo en Guadalajara<\/p>\n","protected":false},"author":5,"featured_media":9346,"comment_status":"open","ping_status":"open","sticky":false,"template":"","format":"standard","meta":{"_jetpack_memberships_contains_paid_content":false,"footnotes":""},"categories":[15,16],"tags":[],"class_list":["post-9342","post","type-post","status-publish","format-standard","has-post-thumbnail","hentry","category-deporte","category-local"],"jetpack_featured_media_url":"https:\/\/comunicartesanluis.com\/v1\/wp-content\/uploads\/2023\/05\/Screenshot_20230529-1620323.png","jetpack_sharing_enabled":true,"_links":{"self":[{"href":"https:\/\/comunicartesanluis.com\/index.php\/wp-json\/wp\/v2\/posts\/9342","targetHints":{"allow":["GET"]}}],"collection":[{"href":"https:\/\/comunicartesanluis.com\/index.php\/wp-json\/wp\/v2\/posts"}],"about":[{"href":"https:\/\/comunicartesanluis.com\/index.php\/wp-json\/wp\/v2\/types\/post"}],"author":[{"embeddable":true,"href":"https:\/\/comunicartesanluis.com\/index.php\/wp-json\/wp\/v2\/users\/5"}],"replies":[{"embeddable":true,"href":"https:\/\/comunicartesanluis.com\/index.php\/wp-json\/wp\/v2\/comments?post=9342"}],"version-history":[{"count":1,"href":"https:\/\/comunicartesanluis.com\/index.php\/wp-json\/wp\/v2\/posts\/9342\/revisions"}],"predecessor-version":[{"id":9345,"href":"https:\/\/comunicartesanluis.com\/index.php\/wp-json\/wp\/v2\/posts\/9342\/revisions\/9345"}],"wp:featuredmedia":[{"embeddable":true,"href":"https:\/\/comunicartesanluis.com\/index.php\/wp-json\/wp\/v2\/media\/9346"}],"wp:attachment":[{"href":"https:\/\/comunicartesanluis.com\/index.php\/wp-json\/wp\/v2\/media?parent=9342"}],"wp:term":[{"taxonomy":"category","embeddable":true,"href":"https:\/\/comunicartesanluis.com\/index.php\/wp-json\/wp\/v2\/categories?post=9342"},{"taxonomy":"post_tag","embeddable":true,"href":"https:\/\/comunicartesanluis.com\/index.php\/wp-json\/wp\/v2\/tags?post=9342"}],"curies":[{"name":"wp","href":"https:\/\/api.w.org\/{rel}","templated":true}]}}