{"id":9388,"date":"2023-06-01T15:44:11","date_gmt":"2023-06-01T18:44:11","guid":{"rendered":"https:\/\/comunicartesanluis.com\/?p=9388"},"modified":"2023-06-01T15:44:11","modified_gmt":"2023-06-01T18:44:11","slug":"benzema-se-va-del-real-madrid","status":"publish","type":"post","link":"https:\/\/comunicartesanluis.com\/index.php\/2023\/06\/01\/benzema-se-va-del-real-madrid\/","title":{"rendered":"Benzema se va del Real Madrid?"},"content":{"rendered":"<p>Se especula que Benzema se dirigir\u00eda a Arabia Saudita, ya que habr\u00eda recibido una oferta tentadora del club Al Ittihad por m\u00e1s de 100 millones de euros por un contrato de dos a\u00f1os. Su contrato con el Real Madrid finaliza el 30 de junio, por lo que se marchar\u00eda como jugador libre.<\/p>\n<p>Ante la posible salida de Benzema, el Real Madrid ya estar\u00eda buscando un reemplazo y tendr\u00eda en la mira a un delantero argentino. Seg\u00fan los informes, el club merengue estar\u00eda interesado en Lautaro Mart\u00ednez, figura y capit\u00e1n del Inter de Mil\u00e1n. Sin embargo, el Real Madrid no ser\u00eda el \u00fanico interesado en fichar a Mart\u00ednez, ya que Manchester United, Chelsea y Tottenham tambi\u00e9n se mencionan como posibles candidatos. Si el Real Madrid desea asegurarse los servicios de Mart\u00ednez, deber\u00e1 negociar con los directivos italianos y ofrecer una suma considerable de dinero, ya que el jugador renov\u00f3 su contrato con el Inter hasta junio de 2026 y no tiene cl\u00e1usula de rescisi\u00f3n.<\/p>\n<p>En resumen, Benzema estar\u00eda cerca de dejar el Real Madrid y se rumorea que podr\u00eda unirse al club Al Ittihad en Arabia Saudita. Mientras tanto, el Real Madrid tiene en la mira a Lautaro Mart\u00ednez como posible reemplazo para el delantero franc\u00e9s. Sin embargo, habr\u00e1 competencia por la firma de Mart\u00ednez, ya que otros clubes tambi\u00e9n est\u00e1n interesados en ficharlo.<\/p>\n","protected":false},"excerpt":{"rendered":"<p>\u00a0Despu\u00e9s de m\u00e1s de 14 a\u00f1os en el club y con numerosos t\u00edtulos ganados, el delantero franc\u00e9s habr\u00eda decidido poner fin a su carrera en el equipo blanco<\/p>\n","protected":false},"author":3,"featured_media":9389,"comment_status":"open","ping_status":"open","sticky":false,"template":"","format":"standard","meta":{"_jetpack_memberships_contains_paid_content":false,"footnotes":""},"categories":[8,15,18],"tags":[],"class_list":["post-9388","post","type-post","status-publish","format-standard","has-post-thumbnail","hentry","category-actualidad","category-deporte","category-internacional"],"jetpack_featured_media_url":"https:\/\/comunicartesanluis.com\/v1\/wp-content\/uploads\/2023\/06\/tEJlvJWK__1256x620__1.webp","jetpack_sharing_enabled":true,"_links":{"self":[{"href":"https:\/\/comunicartesanluis.com\/index.php\/wp-json\/wp\/v2\/posts\/9388","targetHints":{"allow":["GET"]}}],"collection":[{"href":"https:\/\/comunicartesanluis.com\/index.php\/wp-json\/wp\/v2\/posts"}],"about":[{"href":"https:\/\/comunicartesanluis.com\/index.php\/wp-json\/wp\/v2\/types\/post"}],"author":[{"embeddable":true,"href":"https:\/\/comunicartesanluis.com\/index.php\/wp-json\/wp\/v2\/users\/3"}],"replies":[{"embeddable":true,"href":"https:\/\/comunicartesanluis.com\/index.php\/wp-json\/wp\/v2\/comments?post=9388"}],"version-history":[{"count":1,"href":"https:\/\/comunicartesanluis.com\/index.php\/wp-json\/wp\/v2\/posts\/9388\/revisions"}],"predecessor-version":[{"id":9390,"href":"https:\/\/comunicartesanluis.com\/index.php\/wp-json\/wp\/v2\/posts\/9388\/revisions\/9390"}],"wp:featuredmedia":[{"embeddable":true,"href":"https:\/\/comunicartesanluis.com\/index.php\/wp-json\/wp\/v2\/media\/9389"}],"wp:attachment":[{"href":"https:\/\/comunicartesanluis.com\/index.php\/wp-json\/wp\/v2\/media?parent=9388"}],"wp:term":[{"taxonomy":"category","embeddable":true,"href":"https:\/\/comunicartesanluis.com\/index.php\/wp-json\/wp\/v2\/categories?post=9388"},{"taxonomy":"post_tag","embeddable":true,"href":"https:\/\/comunicartesanluis.com\/index.php\/wp-json\/wp\/v2\/tags?post=9388"}],"curies":[{"name":"wp","href":"https:\/\/api.w.org\/{rel}","templated":true}]}}