{"id":9420,"date":"2023-06-02T10:21:06","date_gmt":"2023-06-02T13:21:06","guid":{"rendered":"https:\/\/comunicartesanluis.com\/?p=9420"},"modified":"2023-06-02T10:49:05","modified_gmt":"2023-06-02T13:49:05","slug":"martin-demichelis-se-encuentra-definiendo-el-probable-once-titular-que-enfrentara-a-defensa-y-justicia","status":"publish","type":"post","link":"https:\/\/comunicartesanluis.com\/index.php\/2023\/06\/02\/martin-demichelis-se-encuentra-definiendo-el-probable-once-titular-que-enfrentara-a-defensa-y-justicia\/","title":{"rendered":"Mart\u00edn Demichelis, se encuentra definiendo el probable once titular que enfrentar\u00e1 a Defensa y Justicia"},"content":{"rendered":"<p>En cuanto al posible equipo titular, se espera que Demichelis mantenga la base del \u00faltimo partido, con la \u00fanica variante de Lucas Beltr\u00e1n como delantero central en lugar de Miguel Borja[1]. Los jugadores que podr\u00edan ocupar los puestos restantes en el once inicial son Franco Armani en el arco, Andr\u00e9s Herrera, Robert Rojas, Leandro Gonz\u00e1lez Pirez y Milton Casco en defensa, Rodrigo Aliendro, Nicol\u00e1s de la Cruz o Mat\u00edas Kranevitter en el mediocampo, Pablo Solari, Ignacio Fern\u00e1ndez o Jos\u00e9 Paradela en la creaci\u00f3n y Esequiel Barco como extremo[1].<\/p>\n<p>En cuanto al arquero de Defensa y Justicia, Ezequiel Unsain, a pesar de las negociaciones en curso con el club mexicano Necaxa, se espera que est\u00e9 presente en el partido contra River Plate. Aunque a\u00fan existen algunas diferencias en las cifras y los plazos del traspaso, el club argentino no pondr\u00e1 obst\u00e1culos a la participaci\u00f3n de Unsain como gesto de buena voluntad hacia su rendimiento y contribuci\u00f3n al equipo.<\/p>\n<p><img decoding=\"async\" src=\"https:\/\/www.ole.com.ar\/images\/2023\/05\/30\/XRmSRUmwV_720x0__1.jpg\" alt=\"River necesita recuperar la mejor versi\u00f3n de Casco, una pieza fundamental.\" \/><\/p>\n<p>En resumen, el probable once titular de River Plate para el partido contra Defensa y Justicia incluir\u00eda a jugadores como:<\/p>\n<p><strong>Armani, Herrera, Rojas, Gonz\u00e1lez Pirez, Casco, Aliendro, De la Cruz o Kranevitter, Solari, Fern\u00e1ndez o Paradela, Barco y Beltr\u00e1n. <\/strong><\/p>\n<p>Por su parte, Ezequiel Unsain se espera que ataje para Defensa y Justicia a pesar de las negociaciones en curso.<\/p>\n","protected":false},"excerpt":{"rendered":"<p>Debido a las lesiones de Enzo P\u00e9rez, Paulo D\u00edaz, Emanuel Mammana y Enzo D\u00edaz, el director t\u00e9cnico deber\u00e1 decidir si gestiona la carga f\u00edsica de algunos jugadores pensando en el partido crucial contra Fluminense el pr\u00f3ximo 7 de junio<\/p>\n","protected":false},"author":3,"featured_media":9427,"comment_status":"open","ping_status":"open","sticky":false,"template":"","format":"standard","meta":{"_jetpack_memberships_contains_paid_content":false,"footnotes":""},"categories":[15,16],"tags":[],"class_list":["post-9420","post","type-post","status-publish","format-standard","has-post-thumbnail","hentry","category-deporte","category-local"],"jetpack_featured_media_url":"https:\/\/comunicartesanluis.com\/v1\/wp-content\/uploads\/2023\/06\/tEJlvJWK__1256x620__1-2.webp","jetpack_sharing_enabled":true,"_links":{"self":[{"href":"https:\/\/comunicartesanluis.com\/index.php\/wp-json\/wp\/v2\/posts\/9420","targetHints":{"allow":["GET"]}}],"collection":[{"href":"https:\/\/comunicartesanluis.com\/index.php\/wp-json\/wp\/v2\/posts"}],"about":[{"href":"https:\/\/comunicartesanluis.com\/index.php\/wp-json\/wp\/v2\/types\/post"}],"author":[{"embeddable":true,"href":"https:\/\/comunicartesanluis.com\/index.php\/wp-json\/wp\/v2\/users\/3"}],"replies":[{"embeddable":true,"href":"https:\/\/comunicartesanluis.com\/index.php\/wp-json\/wp\/v2\/comments?post=9420"}],"version-history":[{"count":1,"href":"https:\/\/comunicartesanluis.com\/index.php\/wp-json\/wp\/v2\/posts\/9420\/revisions"}],"predecessor-version":[{"id":9421,"href":"https:\/\/comunicartesanluis.com\/index.php\/wp-json\/wp\/v2\/posts\/9420\/revisions\/9421"}],"wp:featuredmedia":[{"embeddable":true,"href":"https:\/\/comunicartesanluis.com\/index.php\/wp-json\/wp\/v2\/media\/9427"}],"wp:attachment":[{"href":"https:\/\/comunicartesanluis.com\/index.php\/wp-json\/wp\/v2\/media?parent=9420"}],"wp:term":[{"taxonomy":"category","embeddable":true,"href":"https:\/\/comunicartesanluis.com\/index.php\/wp-json\/wp\/v2\/categories?post=9420"},{"taxonomy":"post_tag","embeddable":true,"href":"https:\/\/comunicartesanluis.com\/index.php\/wp-json\/wp\/v2\/tags?post=9420"}],"curies":[{"name":"wp","href":"https:\/\/api.w.org\/{rel}","templated":true}]}}