{"id":9553,"date":"2023-06-08T10:58:08","date_gmt":"2023-06-08T13:58:08","guid":{"rendered":"https:\/\/comunicartesanluis.com\/?p=9553"},"modified":"2023-06-08T10:58:08","modified_gmt":"2023-06-08T13:58:08","slug":"keisy-perafan-y-la-mira-en-los-juegos-olimpicos","status":"publish","type":"post","link":"https:\/\/comunicartesanluis.com\/index.php\/2023\/06\/08\/keisy-perafan-y-la-mira-en-los-juegos-olimpicos\/","title":{"rendered":"Keisy Peraf\u00e1n y la mira en los Juegos Ol\u00edmpicos"},"content":{"rendered":"<p>La judoca, quien representa a la Selecci\u00f3n Argentina con orgullo, se ha convertido en un referente en su categor\u00eda, manteniendo una estrecha rivalidad deportiva con la reconocida Paula \u00abPeque\u00bb Pareto.<\/p>\n<p>Con tan solo 27 a\u00f1os, Keisy ha tenido un a\u00f1o repleto de acci\u00f3n, viajando de un torneo a otro en busca de acumular los puntos necesarios para clasificar a los Juegos Ol\u00edmpicos de Par\u00eds 2024. Su agenda ha sido agitada, y las millas que ha sumado en los aviones bien podr\u00edan cubrir el viaje de toda su familia a Francia.<\/p>\n<p>En este 2023, Keisy ha visitado diversos destinos, desde Turqu\u00eda y Espa\u00f1a, donde ha competido y entrenado respectivamente, hasta Qatar, pa\u00eds que alberg\u00f3 el Mundial de Judo y donde Messi levant\u00f3 la Copa. Adem\u00e1s, logr\u00f3 la coronaci\u00f3n como campeona en el Nacional en Formosa, con su padre Jorge Eduardo como entrenador. Recientemente, particip\u00f3 en el Panamerican Open de Santiago de Chile, donde consigui\u00f3 la medalla de plata despu\u00e9s de vencer a la colombiana Erika Laso en semifinales y enfrentarse en la final a la chilena Dee Vargas Ley.<\/p>\n<p>Ahora, de vuelta en Buenos Aires, Keisy se prepara para el Open de Carlos Paz en C\u00f3rdoba, seguido por un viaje a Ecuador. En sus propias palabras a un medio de la provincia, \u00abes un proceso largo, pero voy bien y sigo sumando puntos para entrar con la clasificaci\u00f3n directa\u00bb. Su pr\u00f3ximo objetivo es el Master en Hungr\u00eda, donde buscar\u00e1 mejorar su posici\u00f3n actual, ubic\u00e1ndose en el puesto 37 del ranking mundial y 33 del ol\u00edmpico.<\/p>\n<p>La ausencia de Pareto en su categor\u00eda le ha otorgado a Keisy mayor protagonismo y responsabilidad en el mundo del judo, siendo considerada la heredera de la \u00abPeque\u00bb en la divisi\u00f3n de menos de 48 kilogramos. Sin embargo, ella afirma que su mayor presi\u00f3n proviene de s\u00ed misma. Adem\u00e1s, se siente fortalecida al representar a la provincia de San Luis en cada competencia, recibiendo el apoyo incondicional de su familia y del equipo de la Secretar\u00eda de Deportes, quienes se han convertido en una segunda familia para ella.<\/p>\n<p>A pesar de los desaf\u00edos que enfrenta, Keisy est\u00e1 decidida a aprovechar los pr\u00f3ximos torneos para sumar m\u00e1s puntos y asegurar su clasificaci\u00f3n directa a los Juegos Ol\u00edmpicos. Con su determinaci\u00f3n y dedicaci\u00f3n, espera brillar en cada presentaci\u00f3n, luciendo tanto el cintur\u00f3n de seguridad en sus viajes como el negro de su judogi en el tatami.<\/p>\n","protected":false},"excerpt":{"rendered":"<p>La puntana avanza hacia su sue\u00f1o ol\u00edmpico tras obtener una medalla de plata en el Panamerican Open de Chile, un logro que suma puntos valiosos a su carrera deportiva.<\/p>\n","protected":false},"author":3,"featured_media":9554,"comment_status":"open","ping_status":"open","sticky":false,"template":"","format":"standard","meta":{"_jetpack_memberships_contains_paid_content":false,"footnotes":""},"categories":[15,18,16,17],"tags":[],"class_list":["post-9553","post","type-post","status-publish","format-standard","has-post-thumbnail","hentry","category-deporte","category-internacional","category-local","category-nacional"],"jetpack_featured_media_url":"https:\/\/comunicartesanluis.com\/v1\/wp-content\/uploads\/2023\/06\/20190705_ijf_montreal_48_bronze_perafan_keisy_rishony_shira.jpg","jetpack_sharing_enabled":true,"_links":{"self":[{"href":"https:\/\/comunicartesanluis.com\/index.php\/wp-json\/wp\/v2\/posts\/9553","targetHints":{"allow":["GET"]}}],"collection":[{"href":"https:\/\/comunicartesanluis.com\/index.php\/wp-json\/wp\/v2\/posts"}],"about":[{"href":"https:\/\/comunicartesanluis.com\/index.php\/wp-json\/wp\/v2\/types\/post"}],"author":[{"embeddable":true,"href":"https:\/\/comunicartesanluis.com\/index.php\/wp-json\/wp\/v2\/users\/3"}],"replies":[{"embeddable":true,"href":"https:\/\/comunicartesanluis.com\/index.php\/wp-json\/wp\/v2\/comments?post=9553"}],"version-history":[{"count":1,"href":"https:\/\/comunicartesanluis.com\/index.php\/wp-json\/wp\/v2\/posts\/9553\/revisions"}],"predecessor-version":[{"id":9555,"href":"https:\/\/comunicartesanluis.com\/index.php\/wp-json\/wp\/v2\/posts\/9553\/revisions\/9555"}],"wp:featuredmedia":[{"embeddable":true,"href":"https:\/\/comunicartesanluis.com\/index.php\/wp-json\/wp\/v2\/media\/9554"}],"wp:attachment":[{"href":"https:\/\/comunicartesanluis.com\/index.php\/wp-json\/wp\/v2\/media?parent=9553"}],"wp:term":[{"taxonomy":"category","embeddable":true,"href":"https:\/\/comunicartesanluis.com\/index.php\/wp-json\/wp\/v2\/categories?post=9553"},{"taxonomy":"post_tag","embeddable":true,"href":"https:\/\/comunicartesanluis.com\/index.php\/wp-json\/wp\/v2\/tags?post=9553"}],"curies":[{"name":"wp","href":"https:\/\/api.w.org\/{rel}","templated":true}]}}