{"id":9594,"date":"2023-06-09T10:30:46","date_gmt":"2023-06-09T13:30:46","guid":{"rendered":"https:\/\/comunicartesanluis.com\/?p=9594"},"modified":"2023-06-09T10:30:46","modified_gmt":"2023-06-09T13:30:46","slug":"barco-dentro-del-11-titular","status":"publish","type":"post","link":"https:\/\/comunicartesanluis.com\/index.php\/2023\/06\/09\/barco-dentro-del-11-titular\/","title":{"rendered":"Barco dentro del 11 titular"},"content":{"rendered":"<p>Tras su participaci\u00f3n en el Sub 20, donde fue titular, Barco regres\u00f3 al equipo principal manteniendo su lugar en el once inicial. Su regreso coincidi\u00f3 con el arribo de Almir\u00f3n como entrenador, lo cual allan\u00f3 el camino para su reintegraci\u00f3n al plantel.<\/p>\n<p>La preferencia de Almir\u00f3n por Barco se hizo evidente desde el principio, cuando asisti\u00f3 a un partido de la reserva donde el joven lateral se destac\u00f3. Poco despu\u00e9s, lo convoc\u00f3 para entrenar con el primer equipo, a pesar de los desencuentros previos entre Barco y la dirigencia debido a algunas actitudes y reclamos por parte del jugador y su agente. La llegada del nuevo entrenador marc\u00f3 el fin de la crisis entre el jugador y el club, sentando las bases para su regreso triunfal.<\/p>\n<p>Desde su regreso, Barco ha sido titular en varios encuentros, demostrando su val\u00eda en el lateral izquierdo. Sin embargo, esto no significa que est\u00e9 por encima de Frank Fabra en la consideraci\u00f3n de Almir\u00f3n de manera inmediata. El t\u00e9cnico valora la trayectoria y la condici\u00f3n de jugador de selecci\u00f3n de Fabra, por lo que ambos futbolistas podr\u00edan tener oportunidades de jugar juntos en el futuro cercano.<\/p>\n<p>En busca de maximizar el potencial de Barco, Almir\u00f3n ha probado al joven lateral como mediocampista en los entrenamientos. Esta posici\u00f3n m\u00e1s adelantada en el campo podr\u00eda abrir la puerta para que Fabra y Barco compartan minutos en el terreno de juego. Almir\u00f3n ya ha tenido \u00e9xito implementando una f\u00f3rmula similar con otros laterales, como en el caso de Luis Adv\u00edncula, quien pas\u00f3 de ser lateral derecho a volante-extremo por ese sector, formando una gran dupla con Marcelo Weigandt.<\/p>\n<p>La adaptabilidad y la complementariedad entre Fabra y Barco podr\u00edan ser clave para el \u00e9xito del equipo. Mientras Fabra aporta control y manejo del bal\u00f3n, Barco se destaca por su velocidad y capacidad para buscar el centro. Esta din\u00e1mica podr\u00eda generar desequilibrio en el juego del equipo y brindar nuevas opciones en el ataque.<\/p>\n<p>Por el momento, Barco se ha asegurado el puesto de titular como lateral izquierdo para los pr\u00f3ximos partidos. Sin embargo, una vez que Fabra se recupere de su lesi\u00f3n en el isquiotibial izquierdo, se evaluar\u00e1 la posibilidad de que ambos jugadores compartan la cancha, en una apuesta t\u00e1ctica que podr\u00eda dar resultados positivos para Boca Juniors.<\/p>\n<p>&nbsp;<\/p>\n<p>&nbsp;<\/p>\n<p>&nbsp;<\/p>\n<p>Fuente y foto: Diario Ol\u00e9<\/p>\n","protected":false},"excerpt":{"rendered":"<p>Valent\u00edn Barco se ha convertido en una pieza clave en Boca Juniors y en la variante t\u00e1ctica que ha implementado Jorge Almir\u00f3n.<\/p>\n","protected":false},"author":3,"featured_media":9595,"comment_status":"open","ping_status":"open","sticky":false,"template":"","format":"standard","meta":{"_jetpack_memberships_contains_paid_content":false,"footnotes":""},"categories":[8,15,16],"tags":[],"class_list":["post-9594","post","type-post","status-publish","format-standard","has-post-thumbnail","hentry","category-actualidad","category-deporte","category-local"],"jetpack_featured_media_url":"https:\/\/comunicartesanluis.com\/v1\/wp-content\/uploads\/2023\/06\/oV00K-5G_1260x560__2.webp","jetpack_sharing_enabled":true,"_links":{"self":[{"href":"https:\/\/comunicartesanluis.com\/index.php\/wp-json\/wp\/v2\/posts\/9594","targetHints":{"allow":["GET"]}}],"collection":[{"href":"https:\/\/comunicartesanluis.com\/index.php\/wp-json\/wp\/v2\/posts"}],"about":[{"href":"https:\/\/comunicartesanluis.com\/index.php\/wp-json\/wp\/v2\/types\/post"}],"author":[{"embeddable":true,"href":"https:\/\/comunicartesanluis.com\/index.php\/wp-json\/wp\/v2\/users\/3"}],"replies":[{"embeddable":true,"href":"https:\/\/comunicartesanluis.com\/index.php\/wp-json\/wp\/v2\/comments?post=9594"}],"version-history":[{"count":1,"href":"https:\/\/comunicartesanluis.com\/index.php\/wp-json\/wp\/v2\/posts\/9594\/revisions"}],"predecessor-version":[{"id":9596,"href":"https:\/\/comunicartesanluis.com\/index.php\/wp-json\/wp\/v2\/posts\/9594\/revisions\/9596"}],"wp:featuredmedia":[{"embeddable":true,"href":"https:\/\/comunicartesanluis.com\/index.php\/wp-json\/wp\/v2\/media\/9595"}],"wp:attachment":[{"href":"https:\/\/comunicartesanluis.com\/index.php\/wp-json\/wp\/v2\/media?parent=9594"}],"wp:term":[{"taxonomy":"category","embeddable":true,"href":"https:\/\/comunicartesanluis.com\/index.php\/wp-json\/wp\/v2\/categories?post=9594"},{"taxonomy":"post_tag","embeddable":true,"href":"https:\/\/comunicartesanluis.com\/index.php\/wp-json\/wp\/v2\/tags?post=9594"}],"curies":[{"name":"wp","href":"https:\/\/api.w.org\/{rel}","templated":true}]}}