{"id":9648,"date":"2023-06-22T11:33:21","date_gmt":"2023-06-22T14:33:21","guid":{"rendered":"https:\/\/comunicartesanluis.com\/?p=9648"},"modified":"2023-06-22T11:33:21","modified_gmt":"2023-06-22T14:33:21","slug":"leandro-paris-consiguio-una-victoria-en-el-grand-prix","status":"publish","type":"post","link":"https:\/\/comunicartesanluis.com\/index.php\/2023\/06\/22\/leandro-paris-consiguio-una-victoria-en-el-grand-prix\/","title":{"rendered":"Leandro Paris consigui\u00f3 una victoria en el Grand Prix"},"content":{"rendered":"<p>A lo largo de la carrera, Paris se mantuvo cerca del l\u00edder, esperando pacientemente el momento oportuno para acelerar y superarlo en los \u00faltimos 50 metros. Con un sprint final electrizante, el atleta de San Luis cruz\u00f3 la l\u00ednea de meta en un impresionante tiempo de 1&#8217;50&#8243;42, dejando atr\u00e1s al actual campe\u00f3n argentino, Juli\u00e1n Gaviola, quien finaliz\u00f3 en segundo lugar con un tiempo de 1&#8217;50&#8243;69. El podio se complet\u00f3 con la presencia del brasilero Lutimar Abreu Paes, quien obtuvo el tercer puesto con un tiempo de 1&#8217;51&#8243;31.<\/p>\n<p style=\"text-align: center;\"><strong><em>\u00abVengo corriendo hace mas de 11 a\u00f1os, desde 2019 no lograba tan buen tiempo\u00bb<\/em><\/strong><\/p>\n<p style=\"text-align: center;\"><strong><em>\u00abEstoy super contento de lo que fue la carrera y poder competir con estos grandes corredores\u00bb<\/em><\/strong><\/p>\n<p style=\"text-align: center;\"><em><b>\u00abIntente pasarlo varias veces y no pod\u00eda, pero al final en el remate pude hacerlo\u00bb\u00a0<\/b><\/em><\/p>\n<p><img decoding=\"async\" class=\"aligncenter wp-image-9788 size-large\" src=\"https:\/\/comunicartesanluis.com\/v1\/wp-content\/uploads\/2023\/06\/WhatsApp-Image-2023-06-21-at-10.16.18-461x1024.jpeg\" alt=\"\" width=\"461\" height=\"1024\" srcset=\"https:\/\/comunicartesanluis.com\/v1\/wp-content\/uploads\/2023\/06\/WhatsApp-Image-2023-06-21-at-10.16.18-135x300.jpeg 135w, https:\/\/comunicartesanluis.com\/v1\/wp-content\/uploads\/2023\/06\/WhatsApp-Image-2023-06-21-at-10.16.18-200x444.jpeg 200w, https:\/\/comunicartesanluis.com\/v1\/wp-content\/uploads\/2023\/06\/WhatsApp-Image-2023-06-21-at-10.16.18-400x889.jpeg 400w, https:\/\/comunicartesanluis.com\/v1\/wp-content\/uploads\/2023\/06\/WhatsApp-Image-2023-06-21-at-10.16.18-461x1024.jpeg 461w, https:\/\/comunicartesanluis.com\/v1\/wp-content\/uploads\/2023\/06\/WhatsApp-Image-2023-06-21-at-10.16.18-600x1333.jpeg 600w, https:\/\/comunicartesanluis.com\/v1\/wp-content\/uploads\/2023\/06\/WhatsApp-Image-2023-06-21-at-10.16.18-691x1536.jpeg 691w, https:\/\/comunicartesanluis.com\/v1\/wp-content\/uploads\/2023\/06\/WhatsApp-Image-2023-06-21-at-10.16.18.jpeg 720w\" sizes=\"(max-width: 461px) 100vw, 461px\" \/><\/p>\n<p>Esta victoria representa un verdadero triunfo para Leandro Paris, quien ha superado numerosos obst\u00e1culos en su camino hacia la cima. A lo largo de su carrera, ha enfrentado lesiones y momentos dif\u00edciles, pero nunca dej\u00f3 de trabajar arduamente para volver a estar entre los mejores en su especialidad. Como campe\u00f3n sudamericano y mundialista en 2017, Paris ha demostrado una vez m\u00e1s su talento y determinaci\u00f3n en esta competencia.<\/p>\n<p style=\"text-align: center;\"><em><b>\u00abFui un gran atleta con gran rendimiento, siendo campeon dos veces sudamericano sub 23, mayores y con la experiencia de participar del mundial de Londres \u00ab<\/b><\/em><\/p>\n<p style=\"text-align: center;\"><em><b>\u00abQuiero ser el numero uno hist\u00f3rico de la Argentina, se que es una trabajo arduo y dif\u00edcil, pero creo que lo voy a lograr, por el momento estoy en el tercer puesto\u00bb<\/b><\/em><\/p>\n<p><img decoding=\"async\" class=\"aligncenter wp-image-9790 size-large\" src=\"https:\/\/comunicartesanluis.com\/v1\/wp-content\/uploads\/2023\/06\/WhatsApp-Image-2023-06-21-at-10.17.19-685x1024.jpeg\" alt=\"\" width=\"685\" height=\"1024\" srcset=\"https:\/\/comunicartesanluis.com\/v1\/wp-content\/uploads\/2023\/06\/WhatsApp-Image-2023-06-21-at-10.17.19-200x299.jpeg 200w, https:\/\/comunicartesanluis.com\/v1\/wp-content\/uploads\/2023\/06\/WhatsApp-Image-2023-06-21-at-10.17.19-201x300.jpeg 201w, https:\/\/comunicartesanluis.com\/v1\/wp-content\/uploads\/2023\/06\/WhatsApp-Image-2023-06-21-at-10.17.19-400x598.jpeg 400w, https:\/\/comunicartesanluis.com\/v1\/wp-content\/uploads\/2023\/06\/WhatsApp-Image-2023-06-21-at-10.17.19-600x897.jpeg 600w, https:\/\/comunicartesanluis.com\/v1\/wp-content\/uploads\/2023\/06\/WhatsApp-Image-2023-06-21-at-10.17.19-685x1024.jpeg 685w, https:\/\/comunicartesanluis.com\/v1\/wp-content\/uploads\/2023\/06\/WhatsApp-Image-2023-06-21-at-10.17.19-768x1149.jpeg 768w, https:\/\/comunicartesanluis.com\/v1\/wp-content\/uploads\/2023\/06\/WhatsApp-Image-2023-06-21-at-10.17.19-800x1197.jpeg 800w, https:\/\/comunicartesanluis.com\/v1\/wp-content\/uploads\/2023\/06\/WhatsApp-Image-2023-06-21-at-10.17.19-1027x1536.jpeg 1027w, https:\/\/comunicartesanluis.com\/v1\/wp-content\/uploads\/2023\/06\/WhatsApp-Image-2023-06-21-at-10.17.19.jpeg 1061w\" sizes=\"(max-width: 685px) 100vw, 685px\" \/><\/p>\n<p>En palabras de Paris, esta victoria es una especie de revancha del Nacional, donde se sinti\u00f3 encerrado en aquella ocasi\u00f3n. Esta vez, se propuso salir r\u00e1pido y adelante, y sus esfuerzos y dedicaci\u00f3n en los entrenamientos dieron como resultado el anhelado triunfo. El atleta se sinti\u00f3 muy bien durante la carrera, tratando de mantenerse siempre adelante y desafiando a Gaviola en cada oportunidad. Sin embargo, fue en los \u00faltimos 50 metros donde Paris dio lo mejor de s\u00ed mismo, cambiando el ritmo y entregando todo su esfuerzo para obtener la merecida victoria.<\/p>\n<p>Esta actuaci\u00f3n es un claro indicio del progreso continuo de Leandro Paris. Aunque su mejor marca personal es de 1&#8217;47&#8243;9, lograda en 2017 y considerada como el tercer mejor registro hist\u00f3rico argentino, Paris ha mostrado una constante mejora a lo largo del a\u00f1o. Con resultados como 1&#8217;51\u00bb en marzo y 1&#8217;53\u00bb en mayo, esta \u00faltima carrera marca un hito significativo al correr por debajo de 1&#8217;51\u00bb despu\u00e9s de mucho tiempo. Paris conf\u00eda en que seguir\u00e1 progresando en su carrera y espera que la pr\u00f3xima competencia sea a\u00fan m\u00e1s r\u00e1pida.<\/p>\n<p style=\"text-align: center;\"><em><b>\u00abSe que lo puedo lograr, se trabaja y se entrena todos los d\u00edas, aveces hasta doble turno, pero mi vida se basa en eso\u00bb<\/b><\/em><\/p>\n<p><img decoding=\"async\" class=\"aligncenter wp-image-9787 size-large\" src=\"https:\/\/comunicartesanluis.com\/v1\/wp-content\/uploads\/2023\/06\/WhatsApp-Image-2023-06-21-at-10.17.23-684x1024.jpeg\" alt=\"\" width=\"684\" height=\"1024\" srcset=\"https:\/\/comunicartesanluis.com\/v1\/wp-content\/uploads\/2023\/06\/WhatsApp-Image-2023-06-21-at-10.17.23-200x299.jpeg 200w, https:\/\/comunicartesanluis.com\/v1\/wp-content\/uploads\/2023\/06\/WhatsApp-Image-2023-06-21-at-10.17.23-400x599.jpeg 400w, https:\/\/comunicartesanluis.com\/v1\/wp-content\/uploads\/2023\/06\/WhatsApp-Image-2023-06-21-at-10.17.23-600x898.jpeg 600w, https:\/\/comunicartesanluis.com\/v1\/wp-content\/uploads\/2023\/06\/WhatsApp-Image-2023-06-21-at-10.17.23-684x1024.jpeg 684w, https:\/\/comunicartesanluis.com\/v1\/wp-content\/uploads\/2023\/06\/WhatsApp-Image-2023-06-21-at-10.17.23-768x1149.jpeg 768w, https:\/\/comunicartesanluis.com\/v1\/wp-content\/uploads\/2023\/06\/WhatsApp-Image-2023-06-21-at-10.17.23-800x1197.jpeg 800w, https:\/\/comunicartesanluis.com\/v1\/wp-content\/uploads\/2023\/06\/WhatsApp-Image-2023-06-21-at-10.17.23-1026x1536.jpeg 1026w, https:\/\/comunicartesanluis.com\/v1\/wp-content\/uploads\/2023\/06\/WhatsApp-Image-2023-06-21-at-10.17.23.jpeg 1069w\" sizes=\"(max-width: 684px) 100vw, 684px\" \/><\/p>\n<p>Esta victoria de Leandro Paris es un motivo de alegr\u00eda para San Luis y para todos los amantes del atletismo. Su perseverancia, dedicaci\u00f3n y pasi\u00f3n por su deporte son ejemplos inspiradores para todos aquellos que enfrentan desaf\u00edos en su camino hacia el \u00e9xito. Paris ha demostrado que con trabajo arduo y determinaci\u00f3n, se pueden alcanzar grandes logros y volver a creer en las propias capacidades.<\/p>\n<p style=\"text-align: center;\"><em><b>\u00abSe lo debo a mi pareja, a mi familia que siempre est\u00e1n\u00a0ah\u00ed\u00a0apoy\u00e1ndome y se bancan todos mis sentimientos, sean malos o buenos\u00bb<\/b><\/em><\/p>\n<p>&nbsp;<\/p>\n","protected":false},"excerpt":{"rendered":"<p>En un emocionante encuentro en Concepci\u00f3n del Uruguay, Leandro Paris logr\u00f3 una destacada victoria en los 800 metros llanos, demostrando una vez m\u00e1s su perseverancia y determinaci\u00f3n.<\/p>\n","protected":false},"author":3,"featured_media":9789,"comment_status":"open","ping_status":"open","sticky":false,"template":"","format":"standard","meta":{"_jetpack_memberships_contains_paid_content":false,"footnotes":""},"categories":[15,17],"tags":[],"class_list":["post-9648","post","type-post","status-publish","format-standard","has-post-thumbnail","hentry","category-deporte","category-nacional"],"jetpack_featured_media_url":"https:\/\/comunicartesanluis.com\/v1\/wp-content\/uploads\/2023\/06\/WhatsApp-Image-2023-06-21-at-10.17.17.jpeg","jetpack_sharing_enabled":true,"_links":{"self":[{"href":"https:\/\/comunicartesanluis.com\/index.php\/wp-json\/wp\/v2\/posts\/9648","targetHints":{"allow":["GET"]}}],"collection":[{"href":"https:\/\/comunicartesanluis.com\/index.php\/wp-json\/wp\/v2\/posts"}],"about":[{"href":"https:\/\/comunicartesanluis.com\/index.php\/wp-json\/wp\/v2\/types\/post"}],"author":[{"embeddable":true,"href":"https:\/\/comunicartesanluis.com\/index.php\/wp-json\/wp\/v2\/users\/3"}],"replies":[{"embeddable":true,"href":"https:\/\/comunicartesanluis.com\/index.php\/wp-json\/wp\/v2\/comments?post=9648"}],"version-history":[{"count":1,"href":"https:\/\/comunicartesanluis.com\/index.php\/wp-json\/wp\/v2\/posts\/9648\/revisions"}],"predecessor-version":[{"id":9791,"href":"https:\/\/comunicartesanluis.com\/index.php\/wp-json\/wp\/v2\/posts\/9648\/revisions\/9791"}],"wp:featuredmedia":[{"embeddable":true,"href":"https:\/\/comunicartesanluis.com\/index.php\/wp-json\/wp\/v2\/media\/9789"}],"wp:attachment":[{"href":"https:\/\/comunicartesanluis.com\/index.php\/wp-json\/wp\/v2\/media?parent=9648"}],"wp:term":[{"taxonomy":"category","embeddable":true,"href":"https:\/\/comunicartesanluis.com\/index.php\/wp-json\/wp\/v2\/categories?post=9648"},{"taxonomy":"post_tag","embeddable":true,"href":"https:\/\/comunicartesanluis.com\/index.php\/wp-json\/wp\/v2\/tags?post=9648"}],"curies":[{"name":"wp","href":"https:\/\/api.w.org\/{rel}","templated":true}]}}