{"id":9657,"date":"2023-06-13T11:28:23","date_gmt":"2023-06-13T14:28:23","guid":{"rendered":"https:\/\/comunicartesanluis.com\/?p=9657"},"modified":"2023-06-13T11:28:23","modified_gmt":"2023-06-13T14:28:23","slug":"uruguay-se-queda-con-el-mundial","status":"publish","type":"post","link":"https:\/\/comunicartesanluis.com\/index.php\/2023\/06\/13\/uruguay-se-queda-con-el-mundial\/","title":{"rendered":"Uruguay se queda con el mundial"},"content":{"rendered":"<p>40 mil espectadores presenciaron la consagraci\u00f3n de la \u00abceleste\u00bb en el Estadio \u00danico Diego Armando Maradona, en un partido en el que ambos combinados intentaron imponer sus estilos de juego, siendo el juego directo de Uruguay el que encontrar\u00eda destino a porter\u00eda rival.<\/p>\n<p>Esto no es solo un t\u00edtulo m\u00e1s para el equipo sudamericano, sino que es el comienzo (y con buen augurio) de un recambio generacional que promete mucho y que dar\u00e1 de que hablar en los pr\u00f3ximos a\u00f1os.<\/p>\n","protected":false},"excerpt":{"rendered":"<p>La selecci\u00f3n \u00abcharr\u00faa\u00bb se impuso a la selecci\u00f3n italiana 1-0 con gol de Luciano Rodr\u00edguez, siendo \u00e9ste su primer t\u00edtulo en la categor\u00eda y el tercero entre todas sus categor\u00edas (2 en mayores y uno en sub-20).<\/p>\n","protected":false},"author":3,"featured_media":9659,"comment_status":"open","ping_status":"open","sticky":false,"template":"","format":"standard","meta":{"_jetpack_memberships_contains_paid_content":false,"footnotes":""},"categories":[8,15,18],"tags":[],"class_list":["post-9657","post","type-post","status-publish","format-standard","has-post-thumbnail","hentry","category-actualidad","category-deporte","category-internacional"],"jetpack_featured_media_url":"https:\/\/comunicartesanluis.com\/v1\/wp-content\/uploads\/2023\/06\/WhatsApp-Image-2023-06-13-at-07.38.29.jpeg","jetpack_sharing_enabled":true,"_links":{"self":[{"href":"https:\/\/comunicartesanluis.com\/index.php\/wp-json\/wp\/v2\/posts\/9657","targetHints":{"allow":["GET"]}}],"collection":[{"href":"https:\/\/comunicartesanluis.com\/index.php\/wp-json\/wp\/v2\/posts"}],"about":[{"href":"https:\/\/comunicartesanluis.com\/index.php\/wp-json\/wp\/v2\/types\/post"}],"author":[{"embeddable":true,"href":"https:\/\/comunicartesanluis.com\/index.php\/wp-json\/wp\/v2\/users\/3"}],"replies":[{"embeddable":true,"href":"https:\/\/comunicartesanluis.com\/index.php\/wp-json\/wp\/v2\/comments?post=9657"}],"version-history":[{"count":2,"href":"https:\/\/comunicartesanluis.com\/index.php\/wp-json\/wp\/v2\/posts\/9657\/revisions"}],"predecessor-version":[{"id":9661,"href":"https:\/\/comunicartesanluis.com\/index.php\/wp-json\/wp\/v2\/posts\/9657\/revisions\/9661"}],"wp:featuredmedia":[{"embeddable":true,"href":"https:\/\/comunicartesanluis.com\/index.php\/wp-json\/wp\/v2\/media\/9659"}],"wp:attachment":[{"href":"https:\/\/comunicartesanluis.com\/index.php\/wp-json\/wp\/v2\/media?parent=9657"}],"wp:term":[{"taxonomy":"category","embeddable":true,"href":"https:\/\/comunicartesanluis.com\/index.php\/wp-json\/wp\/v2\/categories?post=9657"},{"taxonomy":"post_tag","embeddable":true,"href":"https:\/\/comunicartesanluis.com\/index.php\/wp-json\/wp\/v2\/tags?post=9657"}],"curies":[{"name":"wp","href":"https:\/\/api.w.org\/{rel}","templated":true}]}}