{"id":9692,"date":"2023-06-15T15:35:29","date_gmt":"2023-06-15T18:35:29","guid":{"rendered":"https:\/\/comunicartesanluis.com\/?p=9692"},"modified":"2023-06-15T15:35:29","modified_gmt":"2023-06-15T18:35:29","slug":"lionel-messi-bate-record-con-el-gol-mas-rapido-en-la-seleccion","status":"publish","type":"post","link":"https:\/\/comunicartesanluis.com\/index.php\/2023\/06\/15\/lionel-messi-bate-record-con-el-gol-mas-rapido-en-la-seleccion\/","title":{"rendered":"Lionel Messi bate r\u00e9cord con el gol m\u00e1s r\u00e1pido en la Selecci\u00f3n"},"content":{"rendered":"<p>En el enfrentamiento contra Australia, Messi anot\u00f3 un espectacular gol a los 79 segundos del pitido inicial, consolidando su legado como uno de los mejores futbolistas de todos los tiempos.<\/p>\n<p>Sin embargo, m\u00e1s all\u00e1 de su incre\u00edble actuaci\u00f3n en el campo, Messi ha generado titulares con sus declaraciones en una reciente entrevista. El jugador revel\u00f3 que su ciclo con la Selecci\u00f3n Argentina podr\u00eda haber llegado a su fin si no hubiesen logrado consagrarse campeones del mundo en el pasado Mundial de Qatar.<\/p>\n<p>\u00abSi no hubi\u00e9semos sido campeones del mundo, yo no estar\u00eda m\u00e1s en la Selecci\u00f3n\u00bb, confes\u00f3 Messi durante el programa de televisi\u00f3n La llave a la Eternidad de la TV P\u00fablica. El jugador expres\u00f3 su profundo deseo de ganar un t\u00edtulo con su pa\u00eds y destac\u00f3 la importancia que ten\u00eda para \u00e9l lograrlo, considerando que ya hab\u00eda alcanzado el \u00e9xito a nivel de clubes e individualmente.<\/p>\n<p>El campeonato mundial obtenido en diciembre pasado cambi\u00f3 radicalmente la perspectiva de Messi, quien ahora siente un compromiso renovado con la selecci\u00f3n argentina. Aunque el jugador admiti\u00f3 que pensar en el pr\u00f3ximo Mundial es prematuro en este momento, dej\u00f3 en claro su enfoque en el presente y su disposici\u00f3n a seguir contribuyendo al equipo en futuras competiciones.<\/p>\n<p>Adem\u00e1s, Messi comparti\u00f3 detalles sobre su pr\u00f3ximo desaf\u00edo deportivo, su traslado al Inter Miami. Aunque inicialmente ten\u00eda otras opciones en mente, el jugador afirm\u00f3 que est\u00e1 contento con la decisi\u00f3n que tom\u00f3 y est\u00e1 ansioso por afrontar este nuevo cap\u00edtulo en su carrera.<\/p>\n<p>En cuanto a su legado, Messi expres\u00f3 su deseo de ser recordado no solo por sus logros deportivos, sino tambi\u00e9n como una persona \u00edntegra y positiva. Busca transmitir un mensaje de perseverancia y valent\u00eda a las futuras generaciones, que lo han apoyado y defendido a lo largo de su trayectoria.<\/p>\n<p>Con cada paso que da, Lionel Messi sigue dejando huella en la historia del f\u00fatbol y contin\u00faa cautivando a los aficionados de todo el mundo con su talento y determinaci\u00f3n.<\/p>\n","protected":false},"excerpt":{"rendered":"<p>El astro del f\u00fatbol argentino, Lionel Messi, logr\u00f3 un hito hist\u00f3rico durante su \u00faltimo partido con la Selecci\u00f3n Argentina al marcar el gol m\u00e1s r\u00e1pido de su carrera.<\/p>\n","protected":false},"author":3,"featured_media":9693,"comment_status":"open","ping_status":"open","sticky":false,"template":"","format":"standard","meta":{"_jetpack_memberships_contains_paid_content":false,"footnotes":""},"categories":[8,15,18],"tags":[],"class_list":["post-9692","post","type-post","status-publish","format-standard","has-post-thumbnail","hentry","category-actualidad","category-deporte","category-internacional"],"jetpack_featured_media_url":"https:\/\/comunicartesanluis.com\/v1\/wp-content\/uploads\/2023\/06\/MZrutjSGQ_1290x760__1.webp","jetpack_sharing_enabled":true,"_links":{"self":[{"href":"https:\/\/comunicartesanluis.com\/index.php\/wp-json\/wp\/v2\/posts\/9692","targetHints":{"allow":["GET"]}}],"collection":[{"href":"https:\/\/comunicartesanluis.com\/index.php\/wp-json\/wp\/v2\/posts"}],"about":[{"href":"https:\/\/comunicartesanluis.com\/index.php\/wp-json\/wp\/v2\/types\/post"}],"author":[{"embeddable":true,"href":"https:\/\/comunicartesanluis.com\/index.php\/wp-json\/wp\/v2\/users\/3"}],"replies":[{"embeddable":true,"href":"https:\/\/comunicartesanluis.com\/index.php\/wp-json\/wp\/v2\/comments?post=9692"}],"version-history":[{"count":1,"href":"https:\/\/comunicartesanluis.com\/index.php\/wp-json\/wp\/v2\/posts\/9692\/revisions"}],"predecessor-version":[{"id":9694,"href":"https:\/\/comunicartesanluis.com\/index.php\/wp-json\/wp\/v2\/posts\/9692\/revisions\/9694"}],"wp:featuredmedia":[{"embeddable":true,"href":"https:\/\/comunicartesanluis.com\/index.php\/wp-json\/wp\/v2\/media\/9693"}],"wp:attachment":[{"href":"https:\/\/comunicartesanluis.com\/index.php\/wp-json\/wp\/v2\/media?parent=9692"}],"wp:term":[{"taxonomy":"category","embeddable":true,"href":"https:\/\/comunicartesanluis.com\/index.php\/wp-json\/wp\/v2\/categories?post=9692"},{"taxonomy":"post_tag","embeddable":true,"href":"https:\/\/comunicartesanluis.com\/index.php\/wp-json\/wp\/v2\/tags?post=9692"}],"curies":[{"name":"wp","href":"https:\/\/api.w.org\/{rel}","templated":true}]}}