{"id":9698,"date":"2023-06-16T14:58:15","date_gmt":"2023-06-16T17:58:15","guid":{"rendered":"https:\/\/comunicartesanluis.com\/?p=9698"},"modified":"2023-06-16T14:58:15","modified_gmt":"2023-06-16T17:58:15","slug":"la-seleccion-argentina-femenina-se-despedira-con-un-amistoso-contra-peru-antes-del-mundial-de-nueva-zelanda","status":"publish","type":"post","link":"https:\/\/comunicartesanluis.com\/index.php\/2023\/06\/16\/la-seleccion-argentina-femenina-se-despedira-con-un-amistoso-contra-peru-antes-del-mundial-de-nueva-zelanda\/","title":{"rendered":"La selecci\u00f3n argentina femenina se despedir\u00e1 con un amistoso contra Per\u00fa antes del Mundial de Nueva Zelanda"},"content":{"rendered":"<p>La selecci\u00f3n argentina femenina de f\u00fatbol se encuentra lista para su participaci\u00f3n en el pr\u00f3ximo Mundial de Australia y Nueva Zelanda 2023. Como parte de su preparaci\u00f3n, el equipo dirigido por Germ\u00e1n Portanova disputar\u00e1 un amistoso frente a Per\u00fa el 14 de julio en el estadio de la ciudad de San Nicol\u00e1s de los Arroyos, provincia de Buenos Aires. Este encuentro servir\u00e1 como una emotiva despedida ante la hinchada albiceleste antes de emprender su viaje a Auckland.<\/p>\n<p>El entrenador Germ\u00e1n Portanova tiene previsto dar a conocer la lista final de las 23 futbolistas seleccionadas antes del 10 de julio. El equipo ha comenzado a entrenarse en el predio de la AFA en Ezeiza, donde se encuentran las jugadoras que finalizaron su participaci\u00f3n en ligas extranjeras y algunas juveniles.<\/p>\n<p>Esta ser\u00e1 la cuarta participaci\u00f3n del seleccionado femenino argentino en mundiales organizados por la FIFA, despu\u00e9s de las ediciones de 2003, 2007 y 2019. En esta ocasi\u00f3n, el equipo buscar\u00e1 hacer historia, ya que nunca ha ganado un partido ni ha logrado avanzar de ronda. Sin embargo, en el Mundial 2019, obtuvieron sus primeros puntos al empatar contra Jap\u00f3n y Escocia. En el Mundial 2023, Argentina integrar\u00e1 el Grupo G, enfrentando a Italia, Sud\u00e1frica y Suecia en Nueva Zelanda.<\/p>\n<p>Germ\u00e1n Portanova expres\u00f3 su deseo de manejar las expectativas y jugar como lo han venido haciendo contra selecciones dif\u00edciles. El entrenador espera que el equipo pueda dejar una marca en la historia del f\u00fatbol femenino argentino.<\/p>\n<p>Las jugadoras tambi\u00e9n han compartido sus opiniones sobre el desaf\u00edo que se les presenta. Aldana Cometti, defensora del Madrid CFF, coment\u00f3 la importancia de la uni\u00f3n del equipo y tener un mismo objetivo. Por su parte, Mariana Larroquette, delantera que juega en el Club Le\u00f3n de M\u00e9xico, mencion\u00f3 el cambio positivo que se est\u00e1 viviendo en el f\u00fatbol femenino y la importancia de este proceso.<\/p>\n<p>Con gran entusiasmo y determinaci\u00f3n, la selecci\u00f3n argentina femenina de f\u00fatbol se prepara para enfrentar el Mundial de Australia y Nueva Zelanda 2023. El amistoso contra Per\u00fa ser\u00e1 una oportunidad para despedirse de la hinchada albiceleste y recibir el apoyo antes de emprender su viaje hacia la cita mundialista<\/p>\n","protected":false},"excerpt":{"rendered":"<p>Las dirigidas por Germ\u00e1n Portanova se preparan para la gran cita en un encuentro de despedida en San Nicol\u00e1s.<\/p>\n","protected":false},"author":3,"featured_media":9699,"comment_status":"open","ping_status":"open","sticky":false,"template":"","format":"standard","meta":{"_jetpack_memberships_contains_paid_content":false,"footnotes":""},"categories":[15,17],"tags":[],"class_list":["post-9698","post","type-post","status-publish","format-standard","has-post-thumbnail","hentry","category-deporte","category-nacional"],"jetpack_featured_media_url":"https:\/\/comunicartesanluis.com\/v1\/wp-content\/uploads\/2023\/06\/1686867906349.webp","jetpack_sharing_enabled":true,"_links":{"self":[{"href":"https:\/\/comunicartesanluis.com\/index.php\/wp-json\/wp\/v2\/posts\/9698","targetHints":{"allow":["GET"]}}],"collection":[{"href":"https:\/\/comunicartesanluis.com\/index.php\/wp-json\/wp\/v2\/posts"}],"about":[{"href":"https:\/\/comunicartesanluis.com\/index.php\/wp-json\/wp\/v2\/types\/post"}],"author":[{"embeddable":true,"href":"https:\/\/comunicartesanluis.com\/index.php\/wp-json\/wp\/v2\/users\/3"}],"replies":[{"embeddable":true,"href":"https:\/\/comunicartesanluis.com\/index.php\/wp-json\/wp\/v2\/comments?post=9698"}],"version-history":[{"count":1,"href":"https:\/\/comunicartesanluis.com\/index.php\/wp-json\/wp\/v2\/posts\/9698\/revisions"}],"predecessor-version":[{"id":9700,"href":"https:\/\/comunicartesanluis.com\/index.php\/wp-json\/wp\/v2\/posts\/9698\/revisions\/9700"}],"wp:featuredmedia":[{"embeddable":true,"href":"https:\/\/comunicartesanluis.com\/index.php\/wp-json\/wp\/v2\/media\/9699"}],"wp:attachment":[{"href":"https:\/\/comunicartesanluis.com\/index.php\/wp-json\/wp\/v2\/media?parent=9698"}],"wp:term":[{"taxonomy":"category","embeddable":true,"href":"https:\/\/comunicartesanluis.com\/index.php\/wp-json\/wp\/v2\/categories?post=9698"},{"taxonomy":"post_tag","embeddable":true,"href":"https:\/\/comunicartesanluis.com\/index.php\/wp-json\/wp\/v2\/tags?post=9698"}],"curies":[{"name":"wp","href":"https:\/\/api.w.org\/{rel}","templated":true}]}}