{"id":9732,"date":"2023-06-17T10:58:44","date_gmt":"2023-06-17T13:58:44","guid":{"rendered":"https:\/\/comunicartesanluis.com\/?p=9732"},"modified":"2023-06-17T10:58:44","modified_gmt":"2023-06-17T13:58:44","slug":"la-noticia-del-viernes-que-le-lleva-alegria-a-almiron","status":"publish","type":"post","link":"https:\/\/comunicartesanluis.com\/index.php\/2023\/06\/17\/la-noticia-del-viernes-que-le-lleva-alegria-a-almiron\/","title":{"rendered":"La noticia del viernes que le lleva alegr\u00eda a Almir\u00f3n"},"content":{"rendered":"<div class=\"sc-8ac06f2-1 fJyQFn\">\n<div class=\"sc-8ac06f2-2 crcYvp\">\n<div class=\"sc-6d5ed123-0 fTprMS\"><\/div>\n<\/div>\n<div class=\"sc-8ac06f2-3 cGbRDh\">\n<p><strong><a class=\"slug\" title=\"Jorge Almir\u00f3n\" href=\"https:\/\/www.ole.com.ar\/tema\/jorge-almiron.html\">Jorge Almir\u00f3n\u00a0<\/a><\/strong>termina la semana con una sonrisa, gracias a las noticias que le llegaron desde bien lejos de la\u00a0<strong><a class=\"slug\" title=\"Boca Juniors\" href=\"https:\/\/www.ole.com.ar\/tema\/boca-juniors.html\">Boca<\/a><\/strong>, m\u00e1s precisamente desde Cardiff, donde<strong>\u00a0la selecci\u00f3n de Armenia le gan\u00f3 4 a 2 a su par de Gales.<\/strong><\/p>\n<\/div>\n<\/div>\n<section class=\"sc-936d2301-2 iooyZc\">\n<section class=\"sc-936d2301-1 MCPMt\">\n<article id=\"storyBody\" class=\"sc-936d2301-11 kvKEEl\">\n<div class=\"sc-905ccbfc-5 kckOEu\">\n<div>\n<div id=\"div-gpt-ad-inread\" data-google-query-id=\"CO2t56u6yv8CFRBK3QIdjPEGjA\">\n<div id=\"google_ads_iframe_\/242767168\/ole\/futbol-primera\/nota\/inread_0__container__\"><\/div>\n<\/div>\n<\/div>\n<\/div>\n<div class=\"custom-text \">\n<p>Es que\u00a0<strong><a class=\"slug\" title=\"Norberto Briasco\" href=\"https:\/\/www.ole.com.ar\/tema\/norberto-briasco.html\">Norberto Briasco\u00a0<\/a><\/strong>ingres\u00f3 a falta de un cuarto de hora en el partido por las eliminatorias de la pr\u00f3xima Eurocopa y eso definitivamente\u00a0<strong>confirm\u00f3 el alta de la lesi\u00f3n que lo margin\u00f3 de la \u00faltima convocatoria del xeneize, en el partido ante Lan\u00fas.<\/strong><\/p>\n<\/div>\n<div class=\"custom-text \">\n<h2><strong>Reemplaz\u00f3 a un compatriota<\/strong><\/h2>\n<\/div>\n<div id=\"aa510b8e-4b42-4f99-b253-ed1cd436020b\">El Beto Balekian (tal su apellido materno y v\u00ednculo con la naci\u00f3n europea)<strong>\u00a0ingres\u00f3 a los 31\u00b4del ST por otro argentino, Lucas Zelarray\u00e1n.<\/strong>\u00a0El ex Belgrano\u00a0<a href=\"https:\/\/www.ole.com.ar\/futbol-internacional\/mls\/mls-lucas-zelarayan-belgrano-columbus-crew-chicago-fire-gol_0_jREVCWnQBn.html\" target=\"_blank\" rel=\"noopener\">(actualmente figura en la MLS)<\/a>\u00a0anot\u00f3 dos goles en el encuentro:\u00a0<a href=\"https:\/\/www.ole.com.ar\/futbol-internacional\/doblete-lucas-zelarayan-armenia_3_DHW8umVH4U.html\" target=\"_blank\" rel=\"noopener\">el primero para empatar la desventaja inicial y el cuarto para cerrar la goleada.<\/a><\/div>\n<div class=\"sc-e7b891c4-0 jPbnQF\"><img decoding=\"async\" class=\"aligncenter\" src=\"https:\/\/www.ole.com.ar\/images\/2023\/06\/16\/bc1SK2qCc_720x0__1.jpg\" alt=\"Briasco no juega en Boca desde la derrota ante Deportivo Pereira por la Copa.\" width=\"791\" height=\"527\" data-nimg=\"future\" \/><span class=\"epigraphe\">Briasco no juega en Boca desde la derrota ante Deportivo Pereira por la Copa.<\/span><\/div>\n<div class=\"sc-e7b891c4-0 jPbnQF\"><img decoding=\"async\" class=\"aligncenter\" src=\"https:\/\/www.ole.com.ar\/images\/2023\/06\/16\/gXFDl2vU3_720x0__1.jpg\" alt=\"Lucas Zelarray\u00e1n festeja uno de sus goles para la selecci\u00f3n de Armenia\" width=\"788\" height=\"536\" data-nimg=\"future\" \/><span class=\"epigraphe\">Lucas Zelarray\u00e1n festeja uno de sus goles para la selecci\u00f3n de Armenia<\/span><\/div>\n<div class=\"custom-text \">\n<h2><strong>Para la Copa s\u00ed, para Mendoza no<\/strong><\/h2>\n<\/div>\n<div class=\"custom-text \">\n<p>As\u00ed, el DT de Boca puede quedarse tranquilo que su delantero estar\u00e1 en condiciones para jugar el 29 del corriente\u00a0<strong>el partido que cierre la participaci\u00f3n de su equipo en la fase de grupos de la Copa Libertadores.<\/strong><\/p>\n<\/div>\n<div class=\"custom-text \">\n<p>Armenia volver\u00e1 a jugar el lunes, esta vez de local ante Letonia. Tras el partido, Norby volver\u00e1 al pa\u00eds pero\u00a0<strong>es muy dif\u00edcil que Almir\u00f3n lo pueda contar entre aquellos que viajen el mi\u00e9rcoles a Mendoza<\/strong>\u00a0para enfrentar a Godoy Cruz el jueves por la noche.<\/p>\n<\/div>\n<p>&nbsp;<\/p>\n<p>&nbsp;<\/p>\n<p>&nbsp;<\/p>\n<p>&nbsp;<\/p>\n<p>Diario Ol\u00e9<\/p>\n<\/article>\n<\/section>\n<\/section>\n","protected":false},"excerpt":{"rendered":"<p>El t\u00e9cnico de Boca confirm\u00f3 la recuperaci\u00f3n de un lesionado gracias a la participaci\u00f3n en su selecci\u00f3n de uno de sus delanteros.<\/p>\n","protected":false},"author":3,"featured_media":9733,"comment_status":"open","ping_status":"open","sticky":false,"template":"","format":"standard","meta":{"_jetpack_memberships_contains_paid_content":false,"footnotes":""},"categories":[15,16],"tags":[],"class_list":["post-9732","post","type-post","status-publish","format-standard","has-post-thumbnail","hentry","category-deporte","category-local"],"jetpack_featured_media_url":"https:\/\/comunicartesanluis.com\/v1\/wp-content\/uploads\/2023\/06\/nYJ8kFXSQ_1260x560__2.webp","jetpack_sharing_enabled":true,"_links":{"self":[{"href":"https:\/\/comunicartesanluis.com\/index.php\/wp-json\/wp\/v2\/posts\/9732","targetHints":{"allow":["GET"]}}],"collection":[{"href":"https:\/\/comunicartesanluis.com\/index.php\/wp-json\/wp\/v2\/posts"}],"about":[{"href":"https:\/\/comunicartesanluis.com\/index.php\/wp-json\/wp\/v2\/types\/post"}],"author":[{"embeddable":true,"href":"https:\/\/comunicartesanluis.com\/index.php\/wp-json\/wp\/v2\/users\/3"}],"replies":[{"embeddable":true,"href":"https:\/\/comunicartesanluis.com\/index.php\/wp-json\/wp\/v2\/comments?post=9732"}],"version-history":[{"count":1,"href":"https:\/\/comunicartesanluis.com\/index.php\/wp-json\/wp\/v2\/posts\/9732\/revisions"}],"predecessor-version":[{"id":9734,"href":"https:\/\/comunicartesanluis.com\/index.php\/wp-json\/wp\/v2\/posts\/9732\/revisions\/9734"}],"wp:featuredmedia":[{"embeddable":true,"href":"https:\/\/comunicartesanluis.com\/index.php\/wp-json\/wp\/v2\/media\/9733"}],"wp:attachment":[{"href":"https:\/\/comunicartesanluis.com\/index.php\/wp-json\/wp\/v2\/media?parent=9732"}],"wp:term":[{"taxonomy":"category","embeddable":true,"href":"https:\/\/comunicartesanluis.com\/index.php\/wp-json\/wp\/v2\/categories?post=9732"},{"taxonomy":"post_tag","embeddable":true,"href":"https:\/\/comunicartesanluis.com\/index.php\/wp-json\/wp\/v2\/tags?post=9732"}],"curies":[{"name":"wp","href":"https:\/\/api.w.org\/{rel}","templated":true}]}}