{"id":9735,"date":"2023-06-17T11:04:13","date_gmt":"2023-06-17T14:04:13","guid":{"rendered":"https:\/\/comunicartesanluis.com\/?p=9735"},"modified":"2023-06-17T11:04:13","modified_gmt":"2023-06-17T14:04:13","slug":"el-puesto-clave-que-hace-dudar-a-almiron-en-boca-y-ya-pidio-un-refuerzo","status":"publish","type":"post","link":"https:\/\/comunicartesanluis.com\/index.php\/2023\/06\/17\/el-puesto-clave-que-hace-dudar-a-almiron-en-boca-y-ya-pidio-un-refuerzo\/","title":{"rendered":"El puesto clave que hace dudar a Almir\u00f3n en Boca y ya pidi\u00f3 un refuerzo"},"content":{"rendered":"<div class=\"sc-8ac06f2-1 fJyQFn\">\n<div class=\"sc-8ac06f2-2 crcYvp\">\n<div class=\"sc-6d5ed123-0 fTprMS\"><\/div>\n<\/div>\n<div class=\"sc-8ac06f2-3 jRvsnC\">\n<p>Hay situaciones y decisiones que definen el gusto de un entrenador. Su idea, estilo, preferencias y exigencias.\u00a0<strong>En sus dos meses en<a class=\"slug\" title=\"Boca Juniors\" href=\"https:\/\/www.ole.com.ar\/tema\/boca-juniors.html\">\u00a0Boca<\/a>,\u00a0<a class=\"slug\" title=\"Jorge Almir\u00f3n\" href=\"https:\/\/www.ole.com.ar\/tema\/jorge-almiron.html\">Jorge Almir\u00f3n<\/a>\u00a0demostr\u00f3 que hay un puesto espec\u00edfico que lo hace dudar<\/strong>, que parece tener un due\u00f1o pero as\u00ed y todo ve que algo falta, y que incluso ya pidi\u00f3 un refuerzo para el pr\u00f3ximo semestre.\u00a0<strong>El volante central.<\/strong><\/p>\n<\/div>\n<\/div>\n<section class=\"sc-936d2301-2 iooyZc\">\n<section class=\"sc-936d2301-1 MCPMt\">\n<article id=\"storyBody\" class=\"sc-936d2301-11 kvKEEl\">\n<div class=\"sc-905ccbfc-5 kckOEu\">\n<div>\n<div id=\"div-gpt-ad-inread\" data-google-query-id=\"CIvHrbi7yv8CFXdN3QIdNw8KMA\">\n<div id=\"google_ads_iframe_\/242767168\/ole\/futbol-primera\/nota\/inread_0__container__\"><\/div>\n<\/div>\n<\/div>\n<\/div>\n<div class=\"custom-text \">\n<p>El dato contundente que confirma que Almir\u00f3n tiene algo con el 5 de Boca es que<strong>\u00a0en diez de los 14 partidos al frente del equipo lo reemplaz\u00f3<\/strong>, sin importar quien sea el titular. Unas veces fue por el flojo rendimiento de quien estaba jugando; otras por agotamiento y preferir a alguien fresco en la posici\u00f3n.<\/p>\n<\/div>\n<div class=\"custom-text \">\n<p><strong><a class=\"slug\" title=\"Alan Varela\" href=\"https:\/\/www.ole.com.ar\/tema\/alan-varela.html\">Alan Varela<\/a>\u00a0es por mucho el que m\u00e1s jug\u00f3\u00a0<\/strong>con el nuevo DT al haber estado en 13 partidos, de los cuales 11 fueron de titular y dos desde el banco, y s\u00f3lo estuvo ausente frente a Belgrano porque lleg\u00f3 a las cinco amarillas en el supercl\u00e1sico ante River.<\/p>\n<\/div>\n<div id=\"aa510b8e-4b42-4f99-b253-ed1cd436020b\">Esas estad\u00edsticas podr\u00edan llevar a pesar que Almir\u00f3n tiene a su volante central inamovible. Sin embargo, en una lectura m\u00e1s fina, <strong>resulta que Varela pas\u00f3 de jugar los 90 minutos en los tres primeros partidos del ciclo a salir cada vez m\u00e1s temprano<\/strong>\u00a0en los \u00faltimos encuentros frente a Tigre, Arsenal y Colo Colo (72, 64 y 63, respectivamente) e ir al banco en el m\u00e1s reciente frente a Lan\u00fas.<\/div>\n<div class=\"sc-7ce6049-0 dwIKul\">\n<div class=\"video\">\n<div id=\"undefined880HjGAa\" class=\"jwplayer jw-reset jw-state-idle jw-stretch-uniform jw-flag-aspect-mode jw-breakpoint-3 jw-floating-dismissible jw-flag-user-inactive\" tabindex=\"0\" role=\"application\" aria-label=\"Reproductor de Video\" aria-describedby=\"jw-undefined880HjGAa-shortcuts-tooltip-explanation\">\n<div><\/div>\n<div class=\"jw-aspect jw-reset\">En total, adem\u00e1s, el juvenil volante central que cambi\u00f3 de agencia de representantes y es seguido por el Porto, de sus 11 partidos como titular termin\u00f3 saliendo en ocho. Cuando <strong>antes de la llegada de JFA hab\u00eda jugado 88 encuentros, de los cuales 47 fueron completos y 17 sali\u00f3 reemplazado<\/strong> (los restantes 24 entr\u00f3 desde el banco). Un porcentaje bastante menor&#8230;<\/div>\n<\/div>\n<\/div>\n<\/div>\n<div class=\"sc-7ce6049-0 dwIKul\">\n<div class=\"video\">\n<div id=\"undefinedNqyjcL34\" class=\"jwplayer jw-reset jw-state-idle jw-stretch-uniform jw-flag-aspect-mode jw-floating-dismissible jw-breakpoint-3 jw-flag-user-inactive\" tabindex=\"0\" role=\"application\" aria-label=\"Reproductor de Video\" aria-describedby=\"jw-undefinedNqyjcL34-shortcuts-tooltip-explanation\">\n<div><\/div>\n<div class=\"jw-aspect jw-reset\">En este ciclo, las veces que no jug\u00f3 Varela lo hicieron<strong><a class=\"slug\" title=\"Cristian Medina\" href=\"https:\/\/www.ole.com.ar\/tema\/cristian-medina.html\">Cristian Medina<\/a>\u00a0frente a Belgrano,\u00a0<a class=\"slug\" title=\"Pol Fern\u00e1ndez\" href=\"https:\/\/www.ole.com.ar\/tema\/pol-fernandez.html\">Pol Fern\u00e1ndez<\/a>\u00a0contra Argentinos y\u00a0<a class=\"slug\" title=\"Equi Fern\u00e1ndez\" href=\"https:\/\/www.ole.com.ar\/tema\/equi-fernandez.html\">Equi Fern\u00e1ndez<\/a>\u00a0ante Lan\u00fas<\/strong>. S\u00f3lo Pol ante el Bicho en La Paternal se mantuvo durante los 90 minutos, mientras que los otros dos se fueron del campo antes de tiempo, cerca del minuto 70.<\/div>\n<\/div>\n<\/div>\n<\/div>\n<div class=\"sc-7ce6049-0 dwIKul\">\n<div class=\"video\">\n<div id=\"undefinedJo7AMo7m\" class=\"jwplayer jw-reset jw-state-idle jw-stretch-uniform jw-flag-aspect-mode jw-floating-dismissible jw-flag-user-inactive jw-breakpoint-3\" tabindex=\"0\" role=\"application\" aria-label=\"Reproductor de Video\" aria-describedby=\"jw-undefinedJo7AMo7m-shortcuts-tooltip-explanation\">\n<div class=\"jw-wrapper jw-reset\">\n<div class=\"jw-controls jw-reset\">\n<div class=\"jw-nextup-container jw-reset\">\n<div class=\"jw-nextup jw-background-color jw-reset jw-nextup-thumbnail-visible\">\n<div class=\"jw-nextup-tooltip jw-reset\">\n<div class=\"jw-nextup-thumbnail jw-reset\"><\/div>\n<\/div>\n<\/div>\n<\/div>\n<\/div>\n<\/div>\n<\/div>\n<\/div>\n<\/div>\n<div class=\"custom-text \">\n<p>El restante volante central que hay en el plantel es\u00a0<strong><a class=\"slug\" title=\"Esteban Rol\u00f3n\" href=\"https:\/\/www.ole.com.ar\/tema\/esteban-rolon.html\">Esteban Rol\u00f3n<\/a><\/strong>, quien lleg\u00f3 a Boca a mediados de 2021 y nunca logr\u00f3 afianzarse, pese a que no bien lleg\u00f3 Miguel Russo le dio la titularidad. Este a\u00f1o, pas\u00f3 de estar borrado por no haber querido ir a pr\u00e9stamo a Platense a sumar algunos minutos con Almir\u00f3n, pero\u00a0<strong>ni siquiera fue titular cuando faltaron Varela, Pol y Equi<\/strong>.<\/p>\n<\/div>\n<div class=\"custom-text \">\n<p>La buena para lo que viene es que\u00a0<strong>Varela ingres\u00f3 faltando 22 minutos en el partido ante Lan\u00fas y le alcanz\u00f3 para ser de lo mejor de la cancha<\/strong>, con un pase profundo muy bueno para Pol Fern\u00e1ndez que termin\u00f3 en el 1-1 de Dar\u00edo Benedetto. \u00bfTendr\u00e1 que ver con que en menos tiempo no se guard\u00f3 nada y f\u00edsicamente no tuvo que regular?<\/p>\n<\/div>\n<div class=\"sc-7ce6049-0 dwIKul\">\n<div class=\"video\">\n<div id=\"undefinedHeWvNcvN\" class=\"jwplayer jw-reset jw-state-idle jw-stretch-uniform jw-flag-aspect-mode jw-floating-dismissible jw-flag-user-inactive jw-breakpoint-3\" tabindex=\"0\" role=\"application\" aria-label=\"Reproductor de Video\" aria-describedby=\"jw-undefinedHeWvNcvN-shortcuts-tooltip-explanation\">\n<div class=\"afs_ads ad-placement\"><\/div>\n<\/div>\n<\/div>\n<\/div>\n<div class=\"custom-text \">\n<h2><strong>La parte f\u00edsica<\/strong><\/h2>\n<\/div>\n<div class=\"custom-text \">\n<p>Evidentemente, hay cierto inconformismo de Almir\u00f3n con los volantes centrales que tiene en el plantel,\u00a0<strong>como si ninguno lo llenara del todo<\/strong>. Por ejemplo, a la enorme categor\u00eda de Varela le falta intensidad, velocidad y despliegue f\u00edsico. A la entrega de Equi le falta ser m\u00e1s pensante para no pasarse de vuelta y terminar expulsado (vio la roja vs. V\u00e9lez y River) o en la foto del gol del rival, ya sea por un pelota perdida o un penal.<\/p>\n<\/div>\n<div class=\"custom-text \">\n<p>El estado f\u00edsico del plantel es claramente parte del problema, porque cuando exigi\u00f3 a los jugadores m\u00e1s de lo que estaban acostumbrados se le empezaron a romper. \u00abTenemos que hace un estudio entre todos, cuerpo m\u00e9dico, preparaci\u00f3n f\u00edsica,\u00a0<strong>la manera de trabajar m\u00eda<\/strong>, unificar para que no pase esto. Somos responsables todos, el primero soy yo que soy el entrenador\u00bb, dijo despu\u00e9s de la \u00faltima presentaci\u00f3n ante Lan\u00fas, cuando sufri\u00f3 unas diez bajas y encima Valdez tuvo que salir en el entretiempo.<\/p>\n<\/div>\n<div class=\"custom-text \">\n<h2><strong>El primer refuerzo<\/strong><\/h2>\n<\/div>\n<div class=\"custom-text \">\n<p>La reciente\u00a0<a href=\"https:\/\/www.ole.com.ar\/boca-juniors\/cambio-cuerpo-tecnico-almiron-boca_0_VXB7KlvW5e.html\" target=\"_blank\" rel=\"noopener\">incorporaci\u00f3n en medio del campeonato de su preparador f\u00edsico de siempre, Diego Oss\u00e9s<\/a>, esperan que sea una soluci\u00f3n. Lo mismo que<strong>\u00a0una pretemporada con el cuerpo t\u00e9cnico actual<\/strong>, luego de haber agarrado a mediados de abril con la competencia empezada.<\/p>\n<\/div>\n<div class=\"custom-text \">\n<p>Al mismo tiempo que busca mejorar el f\u00edsico de su plantel, Almir\u00f3n no se qued\u00f3 en la espera y ya le se\u00f1al\u00f3 al Consejo de F\u00fatbol<strong>\u00a0el primer refuerzo que quiere para la posici\u00f3n:\u00a0<a class=\"slug\" title=\"Jorman Campuzano\" href=\"https:\/\/www.ole.com.ar\/tema\/jorman-campuzano.html\">Jorman Campuzano<\/a><\/strong>, a pr\u00e9stamo en Giresunspor de Turqu\u00eda, a quien conoce por haberlo dirigido en Atl\u00e9tico Nacional.\u00a0<strong>\u00abJorman debe regresar a mitad de a\u00f1o, es un jugador nuestro\u00bb<\/strong>, confirm\u00f3 semanas atr\u00e1s Chicho Serna.\u00a0<strong>\u00abSi tengo la oportunidad de volver, voy dar lo mejor de m\u00ed y ser el Jorman Campuzano que fue con Russo\u00bb<\/strong>, agreg\u00f3 el futbolista colombiano que la rompi\u00f3 a comienzos de 2020 para ganar la Superliga.<\/p>\n<\/div>\n<div class=\"custom-text \">\n<p>Hay situaciones y decisiones que definen el gusto de un entrenador. Y Almir\u00f3n ya puso todo sobre la mesa con respecto al volante central.<\/p>\n<\/div>\n<\/article>\n<\/section>\n<\/section>\n<p>&nbsp;<\/p>\n<p>&nbsp;<\/p>\n<p>Diario Ol\u00e9<\/p>\n","protected":false},"excerpt":{"rendered":"<p>El DT xeneize viene metiendo mano en la formaci\u00f3n desde el primer d\u00eda.\u00a0<\/p>\n","protected":false},"author":3,"featured_media":9736,"comment_status":"open","ping_status":"open","sticky":false,"template":"","format":"standard","meta":{"_jetpack_memberships_contains_paid_content":false,"footnotes":""},"categories":[15,16],"tags":[],"class_list":["post-9735","post","type-post","status-publish","format-standard","has-post-thumbnail","hentry","category-deporte","category-local"],"jetpack_featured_media_url":"https:\/\/comunicartesanluis.com\/v1\/wp-content\/uploads\/2023\/06\/wRDb5z9WG_1290x760__1.webp","jetpack_sharing_enabled":true,"_links":{"self":[{"href":"https:\/\/comunicartesanluis.com\/index.php\/wp-json\/wp\/v2\/posts\/9735","targetHints":{"allow":["GET"]}}],"collection":[{"href":"https:\/\/comunicartesanluis.com\/index.php\/wp-json\/wp\/v2\/posts"}],"about":[{"href":"https:\/\/comunicartesanluis.com\/index.php\/wp-json\/wp\/v2\/types\/post"}],"author":[{"embeddable":true,"href":"https:\/\/comunicartesanluis.com\/index.php\/wp-json\/wp\/v2\/users\/3"}],"replies":[{"embeddable":true,"href":"https:\/\/comunicartesanluis.com\/index.php\/wp-json\/wp\/v2\/comments?post=9735"}],"version-history":[{"count":1,"href":"https:\/\/comunicartesanluis.com\/index.php\/wp-json\/wp\/v2\/posts\/9735\/revisions"}],"predecessor-version":[{"id":9737,"href":"https:\/\/comunicartesanluis.com\/index.php\/wp-json\/wp\/v2\/posts\/9735\/revisions\/9737"}],"wp:featuredmedia":[{"embeddable":true,"href":"https:\/\/comunicartesanluis.com\/index.php\/wp-json\/wp\/v2\/media\/9736"}],"wp:attachment":[{"href":"https:\/\/comunicartesanluis.com\/index.php\/wp-json\/wp\/v2\/media?parent=9735"}],"wp:term":[{"taxonomy":"category","embeddable":true,"href":"https:\/\/comunicartesanluis.com\/index.php\/wp-json\/wp\/v2\/categories?post=9735"},{"taxonomy":"post_tag","embeddable":true,"href":"https:\/\/comunicartesanluis.com\/index.php\/wp-json\/wp\/v2\/tags?post=9735"}],"curies":[{"name":"wp","href":"https:\/\/api.w.org\/{rel}","templated":true}]}}