{"id":9771,"date":"2023-06-21T10:22:36","date_gmt":"2023-06-21T13:22:36","guid":{"rendered":"https:\/\/comunicartesanluis.com\/?p=9771"},"modified":"2023-06-21T10:22:36","modified_gmt":"2023-06-21T13:22:36","slug":"como-estaran-formados-los-dos-equipos-de-la-despedida-de-riquelme","status":"publish","type":"post","link":"https:\/\/comunicartesanluis.com\/index.php\/2023\/06\/21\/como-estaran-formados-los-dos-equipos-de-la-despedida-de-riquelme\/","title":{"rendered":"C\u00f3mo estar\u00e1n formados los dos equipos de la despedida de Riquelme"},"content":{"rendered":"<div class=\"sc-8ac06f2-1 fJyQFn\">\n<div class=\"sc-8ac06f2-2 crcYvp\">\n<div class=\"sc-6d5ed123-0 fTprMS\">\n<p class=\"sc-6d5ed123-3 khHiSK\"><span style=\"font-size: 16px;\">Interrumpiendo una pregunta y cortando al periodista de lleno para tirar esa bomba, no s\u00f3lo compite para la frase del a\u00f1o, tambi\u00e9n para quedar entre las grandes frases del f\u00fatbol argentino. Porque la confirmaci\u00f3n y la forma dej\u00f3 m\u00e1s que claro que <\/span><strong style=\"font-size: 16px;\">su homenaje estar\u00e1 a la altura de los mejores eventos de la historia\u00a0<\/strong><span style=\"font-size: 16px;\">y si hab\u00eda locura por ver el \u00faltimo show del Topo Gigio, mucho m\u00e1s cuando fue posible imaginarlo junto a la Pulga dentro de un campo de juego. Dentro de la Bombonera. Y a seis meses de haber levantado la Copa del Mundo. As\u00ed, se gener\u00f3<\/span><strong style=\"font-size: 16px;\">\u00a0una expectativa pocas veces vista<\/strong><span style=\"font-size: 16px;\">. Por estar. Por no perderse algo as\u00ed.<\/span><\/p>\n<\/div>\n<\/div>\n<\/div>\n<section class=\"sc-936d2301-2 iooyZc\">\n<section class=\"sc-936d2301-1 MCPMt\">\n<article id=\"storyBody\" class=\"sc-936d2301-11 kvKEEl\">\n<div class=\"sc-905ccbfc-5 kckOEu\">\n<div>\n<div id=\"div-gpt-ad-inread\">\n<div id=\"google_ads_iframe_\/242767168\/ole\/futbol-primera\/nota\/inread_0__container__\"><\/div>\n<\/div>\n<\/div>\n<\/div>\n<div class=\"custom-text \">\n<p>Lo que pasa con las entradas es una muestra de lo que est\u00e1 generando la fiesta de Rom\u00e1n. Una semana atr\u00e1s en la conferencia pidieron que no se preguntara por la venta y se dijo que lo anunciar\u00edan en los d\u00edas siguientes, pero eso no pas\u00f3 y la ansiedad lleva a comerse las u\u00f1as. Y no hay dudas de que si fuera en una boleter\u00eda presencial, hace rato habr\u00eda fan\u00e1ticos acampando.<\/p>\n<\/div>\n<div class=\"custom-text \">\n<p>Reci\u00e9n este martes por la noche, la Comisi\u00f3n Directiva se reuni\u00f3 para resolver la cuesti\u00f3n y ahora s\u00ed anunciar\u00e1n en las pr\u00f3ximas horas a trav\u00e9s de un comunicado que\u00a0<strong>ser\u00e1 por soysocio.bocajuniors.com.ar, con prioridad para socios activos con filtro<\/strong>\u00a0(como en partidos de la Liga) y precios que ir\u00e1n desde\u00a0<strong>15.000 para las generales, 30.000 plateas altas, 50.000 media y baja, y 70.000 las preferenciales<\/strong>. El partido arrancar\u00eda a las 16 e ir\u00eda por la TV P\u00fablica.<\/p>\n<\/div>\n<div id=\"aa510b8e-4b42-4f99-b253-ed1cd436020b\"><\/div>\n<div class=\"custom-text \">\n<p>La locura se entiende. Riquelme,\u00a0<strong>como<a class=\"slug\" title=\"Diego Maradona\" href=\"https:\/\/www.ole.com.ar\/tema\/diego-maradona.html\">\u00a0Maradona,<\/a>\u00a0tiene fan\u00e1ticos que nunca lo vieron jugar en vivo<\/strong>, fan\u00e1ticos por herencia y de las redes sociales, y que estar\u00e1n ante la primera y \u00faltima posibilidad de verlo en acci\u00f3n, sin que importe que hayan pasado ocho a\u00f1os y medio de su retiro.\u00a0<strong>Trasciende generaciones. Su nivel es de semi Dios.<\/strong>\u00a0Claramente, supera lo terrenal.<\/p>\n<\/div>\n<div class=\"custom-text \">\n<p>Si bien en la despedida original presentada en 2019 Rom\u00e1n hab\u00eda planteado un partido entre el Boca de 2000\/01 vs. el de 2007, esta vez de un lado habr\u00e1 un combinado de estrellas de la\u00a0<a class=\"slug\" title=\"Selecci\u00f3n Argentina\" href=\"https:\/\/www.ole.com.ar\/tema\/seleccion-argentina.html\">Selecci\u00f3n Argentina<\/a>.<\/p>\n<\/div>\n<div class=\"custom-text \">\n<p>\u201cLos equipos son claros. Si tengo que armar dos equipos de Boca, Messi no puede jugar.\u00a0<strong>Boca contra Argentina<\/strong>, esperemos que la gente lo disfrute. Sin dudas, vamos a pasar un gran d\u00eda\u201d, cont\u00f3 Riquelme, pese a que en alg\u00fan momento de la fiesta intentar\u00e1n que Leo se ponga la camiseta azul y oro.<\/p>\n<\/div>\n<div class=\"sc-7ce6049-0 dwIKul\">\n<div class=\"video\">\n<div id=\"undefined8cIFLkwj\" class=\"jwplayer jw-reset jw-state-setup jw-stretch-uniform jw-flag-aspect-mode jw-floating-dismissible\" tabindex=\"0\" role=\"application\" aria-label=\"Reproductor de Video\" aria-describedby=\"jw-undefined8cIFLkwj-shortcuts-tooltip-explanation\">\n<div class=\"afs_ads ad-placement\"><\/div>\n<\/div>\n<\/div>\n<\/div>\n<div class=\"custom-text \">\n<h2><strong>El 11 de la Selecci\u00f3n<\/strong><\/h2>\n<\/div>\n<div class=\"custom-text \">\n<p>La confirmaci\u00f3n de Messi dej\u00f3 la vara muy alta, s\u00ed, pero no por eso los nombres que se fueron mencionando despu\u00e9s se quedaron muy atr\u00e1s. Para nada.\u00a0<strong><a class=\"slug\" title=\"Angel DI Mar\u00eda\" href=\"https:\/\/www.ole.com.ar\/tema\/angel-di-maria.html\">\u00c1ngel Di Mar\u00eda<\/a>,\u00a0<a class=\"slug\" title=\"Sergio Kun Ag\u00fcero\" href=\"https:\/\/www.ole.com.ar\/tema\/sergio-kun-aguero.html\">Kun Ag\u00fcero<\/a>,\u00a0<\/strong>Javier Mascherano, Cuchu Cambiasso y Maxi Rodr\u00edguez.\u00a0<strong><a class=\"slug\" title=\"Lionel Scaloni\" href=\"https:\/\/www.ole.com.ar\/tema\/lionel-scaloni.html\">Lionel Scaloni\u00a0<\/a><\/strong>y el resto del cuerpo t\u00e9cnico de la Selecci\u00f3n con Walter Samuel, Pablo Aimar y Roberto Ayala. Los ex River\u00a0<strong><a class=\"slug\" title=\"Ariel Ortega\" href=\"https:\/\/www.ole.com.ar\/tema\/ariel-ortega.html\">Ariel Ortega<\/a><\/strong>, Lucho Gonz\u00e1lez, Diego Placente y Javier Saviola. Nombres con los cuales se puede armar un equipazo con la camiseta de la Selecci\u00f3n.\u00a0<strong>\u00bfY en el arco? Podr\u00eda ser Chiquito Romero<\/strong>, integrante del plantel actual del Xeneize que podr\u00eda estar por sus dos Mundiales disputados y cercan\u00eda con el homenajeado.<\/p>\n<\/div>\n<div class=\"sc-7ce6049-0 dwIKul\">\n<div id=\"contentTitleundefined8PungeWC\" class=\"sc-7ce6049-1 bdcBBS videoText\">\n<div class=\"right\">\n<p>&nbsp;<\/p>\n<\/div>\n<\/div>\n<div class=\"video\">\n<div id=\"undefined8PungeWC\" class=\"jwplayer jw-reset jw-state-setup jw-stretch-uniform jw-flag-aspect-mode jw-floating-dismissible\" tabindex=\"0\" role=\"application\" aria-label=\"Reproductor de Video\" aria-describedby=\"jw-undefined8PungeWC-shortcuts-tooltip-explanation\">\n<div class=\"jw-wrapper jw-reset\">\n<div class=\"jw-top jw-reset\"><\/div>\n<\/div>\n<div class=\"afs_ads ad-placement\"><\/div>\n<\/div>\n<\/div>\n<\/div>\n<div class=\"custom-text \">\n<h2><strong>Los nombres de Boca<\/strong><\/h2>\n<\/div>\n<div class=\"custom-text \">\n<p>Boca no se queda atr\u00e1s<strong>. Riquelme reunir\u00e1 compa\u00f1eros de sus distintas etapas en el club<\/strong>, campeones de las primeras dos Libertadores, las que gan\u00f3 ante Palmeiras y Cruz Azul, la del 2007 frente a Gremio, y tambi\u00e9n de sus \u00faltimos a\u00f1os hasta su salida a mediados de 2012. Ya con las figuras que el \u00eddolo re\u00fane en el predio de Ezeiza tiene jugadores para tirar para arriba, pero no se quedar\u00e1 ah\u00ed y hay muchos m\u00e1s invitados de los que trabajan d\u00eda a d\u00eda en el club.<\/p>\n<\/div>\n<div class=\"custom-text \">\n<p>Sobran jugadores y tambi\u00e9n sobran t\u00edtulos.<strong>\u00a0\u00d3scar C\u00f3rdoba y el Pato Abbondanzieri<\/strong>, los dos m\u00e1s grandes arqueros de las conquistas internacionales. Para la \u00faltima l\u00ednea, Ibarra, Burdisso, Berm\u00fadez, Cata D\u00edaz, Clemente Rodr\u00edguez, Morel Rodr\u00edguez y Samuel si jugara para este equipo.<strong>\u00a0Chicho Serna y Ra\u00fal Cascini\u00a0<\/strong>ser\u00eda un doble 5 para no pasar cerca, teniendo en cuenta que Battaglia no puede jugar por su tobillo. \u00bfY Blas Giunta se animar\u00e1? \u00bfY Gago?<\/p>\n<\/div>\n<div class=\"custom-text \">\n<p>Pablo Ledesma, Donnet,<strong><a class=\"slug\" title=\"Leandro Paredes\" href=\"https:\/\/www.ole.com.ar\/tema\/leandro-paredes.html\">\u00a0Leandro Paredes\u00a0<\/a><\/strong>y el propio Riquelme podr\u00edan estar en la parte m\u00e1s creativa del mediocampo. Mientras que en la delantera habr\u00eda para armar tridentes de lujo con<strong>\u00a0Guillermo Barros Schelotto, Rodrigo Palacio,\u00a0<a class=\"slug\" title=\"Carlos Tevez\" href=\"https:\/\/www.ole.com.ar\/tema\/carlos-tevez.html\">Carlos Tevez<\/a>, Chelo Delgado<\/strong>, Chipi Barijho. Y una pena que no pueda estar Mart\u00edn Palermo porque el domingo juega Platense por la LPF.<\/p>\n<\/div>\n<div class=\"sc-7ce6049-0 dwIKul\">\n<div class=\"video\">\n<div id=\"undefinedjLu40hwA\" class=\"jwplayer jw-reset jw-state-setup jw-stretch-uniform jw-flag-aspect-mode jw-floating-dismissible\" tabindex=\"0\" role=\"application\" aria-label=\"Reproductor de Video\" aria-describedby=\"jw-undefinedjLu40hwA-shortcuts-tooltip-explanation\">\n<div class=\"jw-wrapper jw-reset\">\n<div class=\"jw-controls jw-reset\">\n<div class=\"jw-controlbar jw-reset\">\n<div class=\"jw-reset jw-button-container\">\n<div class=\"jw-icon jw-icon-inline jw-button-color jw-reset jw-icon-fullscreen\" tabindex=\"0\" role=\"button\" aria-label=\"Pantalla Completa\">\n<div class=\"jw-reset-text jw-tooltip jw-tooltip-fullscreen\" dir=\"auto\">\n<div class=\"jw-text\"><\/div>\n<\/div>\n<\/div>\n<\/div>\n<\/div>\n<\/div>\n<\/div>\n<div class=\"afs_ads ad-placement\"><\/div>\n<\/div>\n<\/div>\n<\/div>\n<div class=\"custom-text \">\n<h2><strong>Los t\u00e9cnicos de la despedida de Riquelme<\/strong><\/h2>\n<\/div>\n<div class=\"custom-text \">\n<p>Los entrenadores no se quedan atr\u00e1s.\u00a0<strong>La vuelta de<a class=\"slug\" title=\"Carlos Bianchi\" href=\"https:\/\/www.ole.com.ar\/tema\/carlos-bianchi.html\">\u00a0Carlos Bianchi<\/a>\u00a0a la Bombonera<\/strong>\u00a0para comandar al equipo xeneize ser\u00e1 una de las principales atracciones de la jornada. Su \u00fanica y \u00faltima vez despu\u00e9s de su tercer ciclo como DT fue<strong>\u00a0en 2015 en la despedida de Battaglia.<\/strong>\u00a0Desde entonces el Virrey no volvi\u00f3 a pisar ni siquiera un palco del estadio. Y lo har\u00e1 para la despedida del hijo que le dio el f\u00fatbol, motivo por el cual est\u00e1 en esta \u00e9poca del a\u00f1o se encuentra en Argentina y no en Francia.<\/p>\n<\/div>\n<div class=\"custom-text \">\n<p>Por su parte,\u00a0<strong><a class=\"slug\" title=\"Alfio Basile\" href=\"https:\/\/www.ole.com.ar\/tema\/alfio-basile.html\">Coco Basile<\/a>\u00a0podr\u00eda dirigir a cualquiera de los dos equipos.\u00a0<\/strong>Ya sea por sus cinco t\u00edtulos con Boca entre 2005 y 2006 (aunque ah\u00ed no tuvo a Rom\u00e1n) o por sus dos etapas en la Selecci\u00f3n, la primera entre 1991 y 1994 y la otra, 2006 a 2008, cuando no dud\u00f3 en convocar a JR para que sea pieza clave de su equipo. Y<strong>\u00a0el otro DT invitado es<a class=\"slug\" title=\"Jos\u00e9 N\u00e9stor Pekerman\" href=\"https:\/\/www.ole.com.ar\/tema\/jose-nestor-pekerman.html\">\u00a0Jos\u00e9 Pekerman<\/a><\/strong>, quien llev\u00f3 al \u00eddolo a su \u00fanico Mundial en Alemania 2006.<\/p>\n<\/div>\n<div class=\"custom-text \">\n<p>Dos equipazos. Riquelme y Messi de capitanes. Y con t\u00e9cnicos de lujo. Los equipos del siglo.<\/p>\n<\/div>\n<\/article>\n<\/section>\n<\/section>\n<p>&nbsp;<\/p>\n<p>&nbsp;<\/p>\n<p>Diario Ol\u00e9<\/p>\n","protected":false},"excerpt":{"rendered":"<p>\u00ab\u00a1Messi va estar!\u201d. La forma en que Juan Rom\u00e1n Riquelme\u00a0anunci\u00f3 que el mejor jugador del mundo iba a decir presente en su\u00a0partido despedida de este domingo 25 de junio<\/p>\n","protected":false},"author":3,"featured_media":9772,"comment_status":"open","ping_status":"open","sticky":false,"template":"","format":"standard","meta":{"_jetpack_memberships_contains_paid_content":false,"footnotes":""},"categories":[15,16],"tags":[],"class_list":["post-9771","post","type-post","status-publish","format-standard","has-post-thumbnail","hentry","category-deporte","category-local"],"jetpack_featured_media_url":"https:\/\/comunicartesanluis.com\/v1\/wp-content\/uploads\/2023\/06\/kOpSMtxs8_1290x760__1.jpg","jetpack_sharing_enabled":true,"_links":{"self":[{"href":"https:\/\/comunicartesanluis.com\/index.php\/wp-json\/wp\/v2\/posts\/9771","targetHints":{"allow":["GET"]}}],"collection":[{"href":"https:\/\/comunicartesanluis.com\/index.php\/wp-json\/wp\/v2\/posts"}],"about":[{"href":"https:\/\/comunicartesanluis.com\/index.php\/wp-json\/wp\/v2\/types\/post"}],"author":[{"embeddable":true,"href":"https:\/\/comunicartesanluis.com\/index.php\/wp-json\/wp\/v2\/users\/3"}],"replies":[{"embeddable":true,"href":"https:\/\/comunicartesanluis.com\/index.php\/wp-json\/wp\/v2\/comments?post=9771"}],"version-history":[{"count":1,"href":"https:\/\/comunicartesanluis.com\/index.php\/wp-json\/wp\/v2\/posts\/9771\/revisions"}],"predecessor-version":[{"id":9773,"href":"https:\/\/comunicartesanluis.com\/index.php\/wp-json\/wp\/v2\/posts\/9771\/revisions\/9773"}],"wp:featuredmedia":[{"embeddable":true,"href":"https:\/\/comunicartesanluis.com\/index.php\/wp-json\/wp\/v2\/media\/9772"}],"wp:attachment":[{"href":"https:\/\/comunicartesanluis.com\/index.php\/wp-json\/wp\/v2\/media?parent=9771"}],"wp:term":[{"taxonomy":"category","embeddable":true,"href":"https:\/\/comunicartesanluis.com\/index.php\/wp-json\/wp\/v2\/categories?post=9771"},{"taxonomy":"post_tag","embeddable":true,"href":"https:\/\/comunicartesanluis.com\/index.php\/wp-json\/wp\/v2\/tags?post=9771"}],"curies":[{"name":"wp","href":"https:\/\/api.w.org\/{rel}","templated":true}]}}