{"id":9780,"date":"2023-06-22T10:13:02","date_gmt":"2023-06-22T13:13:02","guid":{"rendered":"https:\/\/comunicartesanluis.com\/?p=9780"},"modified":"2023-06-22T10:13:02","modified_gmt":"2023-06-22T13:13:02","slug":"beccacece-tuve-un-contacto-con-boca","status":"publish","type":"post","link":"https:\/\/comunicartesanluis.com\/index.php\/2023\/06\/22\/beccacece-tuve-un-contacto-con-boca\/","title":{"rendered":"Beccacece: \u00abTuve un contacto con Boca\u00bb"},"content":{"rendered":"<div class=\"sc-8ac06f2-1 fJyQFn\">\n<div class=\"sc-8ac06f2-2 crcYvp\">\n<div class=\"sc-6d5ed123-0 fTprMS\">\n<p class=\"sc-6d5ed123-3 khHiSK\"><span style=\"font-size: 16px;\">En una entrevista exclusiva con S\u00faper Mitre Deportivo, el entrenador Sebasti\u00e1n Beccacece revel\u00f3 un interesante acercamiento que tuvo en el pasado con Boca Juniors. Mientras disfruta de sus merecidas vacaciones en Argentina tras el descenso de su equipo, Elche, en La Liga, Beccacece aprovech\u00f3 para compartir detalles sobre su experiencia y proyectos futuros.<\/span><\/p>\n<\/div>\n<\/div>\n<\/div>\n<section class=\"sc-936d2301-2 iooyZc\">\n<section class=\"sc-936d2301-1 MCPMt\">&nbsp;<\/p>\n<div>\n<div class=\"socialAuthorContainer\">\n<div class=\"sc-936d2301-9 dHFbXL\"><\/div>\n<\/div>\n<article id=\"storyBody\" class=\"sc-936d2301-11 kvKEEl\">\n<div class=\"sc-e7b891c4-0 jPbnQF\"><img decoding=\"async\" src=\"https:\/\/www.ole.com.ar\/images\/2023\/06\/22\/q8qfIbvm0_720x0__1.jpg\" alt=\"Becca en el Elche. (EFE)\" width=\"720\" height=\"100\" data-nimg=\"future\" \/><span class=\"epigraphe\">Becca en el Elche. (EFE)<\/span><\/div>\n<div class=\"custom-text \">\n<p>Beccacece, de 42 a\u00f1os y oriundo de Rosario, admiti\u00f3 que en 2019 tuvo un contacto que lo acerc\u00f3 a dirigir al prestigioso club argentino. Sin embargo, aclar\u00f3 que el trato no se concret\u00f3 y que no tuvo ning\u00fan contacto directo con Juan Rom\u00e1n Riquelme, \u00eddolo de Boca y actualmente en la dirigencia: \u00abNunca tuve contacto con Rom\u00e1n. Con Boca solo tuve un llamado en 2019, pero en ese momento estaba en plena pelea por el campeonato con Defensa y Justicia. Las cosas ocurren por algo\u00bb.<\/p>\n<p>&nbsp;<\/p>\n<\/div>\n<div class=\"custom-text \">\n<h2><strong>El reconocimiento a Messi<\/strong><\/h2>\n<\/div>\n<div class=\"sc-e7b891c4-0 jPbnQF\"><img decoding=\"async\" src=\"https:\/\/www.ole.com.ar\/images\/2021\/12\/30\/7pDKWG-6t_720x0__1.jpg\" alt=\"Beccacece y Messi en la Selecci\u00f3n.\" width=\"720\" height=\"100\" data-nimg=\"future\" \/><span class=\"epigraphe\">Beccacece y Messi en la Selecci\u00f3n.<\/span><\/div>\n<div class=\"custom-text \">\n<p>Durante la entrevista, Beccacece tambi\u00e9n habl\u00f3 sobre su breve paso por Independiente en 2019, donde solo dirigi\u00f3 16 partidos. A pesar de la corta duraci\u00f3n de su estad\u00eda, el entrenador expres\u00f3 su agradecimiento al club por brindarle la oportunidad de trabajar.<\/p>\n<p>En cuanto al f\u00fatbol argentino, Beccacece hizo hincapi\u00e9 en la necesidad de llegar a un consenso en la organizaci\u00f3n de los torneos locales: \u00abEs necesario ponerse de acuerdo en el formato del torneo argentino. S\u00e9 que no es f\u00e1cil debido a que cada uno defiende sus intereses\u00bb.<\/p>\n<p>El exayudante de campo de Jorge Sampaoli en la Selecci\u00f3n Argentina elogi\u00f3 el trabajo realizado por Lionel Scaloni, destacando los logros obtenidos en la reciente Copa del Mundo de la FIFA en Qatar 2022: \u00abScaloni ha llevado a cabo un proceso transformador y revolucionario. Los resultados han sido maravillosos, y eso no es algo sencillo. Mantener un perfil y un estilo de juego s\u00f3lido frente a cualquier rival demuestra una excelente gesti\u00f3n\u00bb.<\/p>\n<p>Con respecto a su futuro, Beccacece confirm\u00f3 que continuar\u00e1 al frente del Elche, a pesar del descenso a la segunda divisi\u00f3n espa\u00f1ola. Aunque surgieron opciones interesantes, como la posibilidad de dirigir a V\u00e9lez Sarsfield en Argentina, la selecci\u00f3n de Ecuador o incluso la oportunidad de emigrar a la Major League Soccer (MLS) en Estados Unidos, el entrenador se mantendr\u00e1 en Europa para seguir afrontando nuevos desaf\u00edos.<\/p>\n<p>Por \u00faltimo, Beccacece tuvo palabras de admiraci\u00f3n y reconocimiento para Lionel Messi, resaltando su lucha y perseverancia en busca de alcanzar sus sue\u00f1os: \u00abLeo ha logrado obtener lo que merec\u00eda. Es un gran ejemplo a nivel mundial y en una sociedad que valora los resultados inmediatos, nos ense\u00f1a que todo requiere trabajo y sacrificio\u00bb.<\/p>\n<p>Sebasti\u00e1n Beccacece, un entrenador con experiencia tanto en el f\u00fatbol argentino como en el escenario internacional, contin\u00faa con sus proyectos y sue\u00f1os, mostrando su pasi\u00f3n y dedicaci\u00f3n por el deporte rey.<\/p>\n<\/div>\n<\/article>\n<\/div>\n<\/section>\n<\/section>\n","protected":false},"excerpt":{"rendered":"<p>El DT de vacaciones en el pa\u00eds aprovech\u00f3 para contar un acercamiento del pasado al banco del Xeneize.<\/p>\n","protected":false},"author":3,"featured_media":9781,"comment_status":"open","ping_status":"open","sticky":false,"template":"","format":"standard","meta":{"_jetpack_memberships_contains_paid_content":false,"footnotes":""},"categories":[15,16],"tags":[],"class_list":["post-9780","post","type-post","status-publish","format-standard","has-post-thumbnail","hentry","category-deporte","category-local"],"jetpack_featured_media_url":"https:\/\/comunicartesanluis.com\/v1\/wp-content\/uploads\/2023\/06\/NWytxwszV_1290x760__1.webp","jetpack_sharing_enabled":true,"_links":{"self":[{"href":"https:\/\/comunicartesanluis.com\/index.php\/wp-json\/wp\/v2\/posts\/9780","targetHints":{"allow":["GET"]}}],"collection":[{"href":"https:\/\/comunicartesanluis.com\/index.php\/wp-json\/wp\/v2\/posts"}],"about":[{"href":"https:\/\/comunicartesanluis.com\/index.php\/wp-json\/wp\/v2\/types\/post"}],"author":[{"embeddable":true,"href":"https:\/\/comunicartesanluis.com\/index.php\/wp-json\/wp\/v2\/users\/3"}],"replies":[{"embeddable":true,"href":"https:\/\/comunicartesanluis.com\/index.php\/wp-json\/wp\/v2\/comments?post=9780"}],"version-history":[{"count":2,"href":"https:\/\/comunicartesanluis.com\/index.php\/wp-json\/wp\/v2\/posts\/9780\/revisions"}],"predecessor-version":[{"id":9783,"href":"https:\/\/comunicartesanluis.com\/index.php\/wp-json\/wp\/v2\/posts\/9780\/revisions\/9783"}],"wp:featuredmedia":[{"embeddable":true,"href":"https:\/\/comunicartesanluis.com\/index.php\/wp-json\/wp\/v2\/media\/9781"}],"wp:attachment":[{"href":"https:\/\/comunicartesanluis.com\/index.php\/wp-json\/wp\/v2\/media?parent=9780"}],"wp:term":[{"taxonomy":"category","embeddable":true,"href":"https:\/\/comunicartesanluis.com\/index.php\/wp-json\/wp\/v2\/categories?post=9780"},{"taxonomy":"post_tag","embeddable":true,"href":"https:\/\/comunicartesanluis.com\/index.php\/wp-json\/wp\/v2\/tags?post=9780"}],"curies":[{"name":"wp","href":"https:\/\/api.w.org\/{rel}","templated":true}]}}