{"id":9809,"date":"2023-06-23T15:51:18","date_gmt":"2023-06-23T18:51:18","guid":{"rendered":"https:\/\/comunicartesanluis.com\/?p=9809"},"modified":"2023-06-23T15:51:18","modified_gmt":"2023-06-23T18:51:18","slug":"los-villegas-convocados-al-panamericano-u20-en-puerto-rico","status":"publish","type":"post","link":"https:\/\/comunicartesanluis.com\/index.php\/2023\/06\/23\/los-villegas-convocados-al-panamericano-u20-en-puerto-rico\/","title":{"rendered":"Los Villegas convocados al Panamericano U20 en Puerto Rico"},"content":{"rendered":"<p>Lucas Villegas y Tom\u00e1s Villegas, oriundos de Villa Mercedes, formar\u00e1n parte de una delegaci\u00f3n de 13 atletas argentinos que competir\u00e1n en el estadio centroamericano \u00abJos\u00e9 Antonio Figueroa Freyre\u00bb. Despu\u00e9s de su destacada participaci\u00f3n en el Torneo ABP en Posadas y el Sudamericano U20 en Bogot\u00e1, los hermanos Villegas, bajo la direcci\u00f3n del profesor Mario Quiroga en Mercedes Pista y Campo, afrontar\u00e1n su desaf\u00edo m\u00e1s importante hasta ahora en tierras caribe\u00f1as.<\/p>\n<p>Lucas Villegas competir\u00e1 en la disciplina de los 100 metros llanos, donde logr\u00f3 llegar a la final en el Sudamericano U20 y ostenta la mejor marca hist\u00f3rica de San Luis, con un tiempo de 10,56 segundos registrado en el Nacional U20 en Rosario el pasado mes de abril.<\/p>\n<p style=\"text-align: center;\"><em><b>\u00abLa convocatoria para el Panamericano la verdad que era un objetivo grande y ambicioso, pero sab\u00edamos que con esfuerzo y perseverancia se iba a lograr. Tambi\u00e9n es otra oportunidad para representar a la Argentina y tratar de hacerlo de la mejor manera y con mucha garra, estas oportunidades no se dan siempre\u00a0y la vamos aprovechar para aprender y sumar experiencias\u00bb Lucas Villegas&#8230;<\/b><\/em><\/p>\n<p>Por su parte, Tom\u00e1s Villegas participar\u00e1 en los 200 metros llanos, tambi\u00e9n habiendo llegado a la final en el Sudamericano U20 en Colombia y estableciendo el mejor registro hist\u00f3rico provincial de 21,33 segundos en los Juegos Binacionales en San Luis en noviembre de 2022. Adem\u00e1s, ambos hermanos formar\u00e1n parte del equipo de Relevo 4&#215;100 metros, junto con Mat\u00edas Castro de La Rioja y Tom\u00e1s Mondino de Rafaela. Esta cuarteta estableci\u00f3 un r\u00e9cord argentino U20 con un tiempo de 40,18 segundos en el \u00faltimo Sudamericano U20 en la capital colombiana el mes pasado.<\/p>\n<p style=\"text-align: center;\"><strong><em>\u00abNuestro entrenador nos mando el boletin y no pod\u00edamos creer, lo festejamos con toda la familia y el grupo\u00bb<\/em><\/strong><\/p>\n<p style=\"text-align: center;\"><strong><em>\u00abEl panamericano es otra cosa, otra preparaci\u00f3n, se siente otro nivel, nos prepararemos de la mejor manera para representar al pais como se debe\u00bb Tomas Villegas&#8230;<\/em><\/strong><\/p>\n<p>La designaci\u00f3n de los atletas argentinos para el evento fue anunciada por la Confederaci\u00f3n Argentina de Atletismo (CADA) en el Bolet\u00edn 40\/23. Adem\u00e1s de los hermanos Villegas, la delegaci\u00f3n estar\u00e1 conformada por otros destacados atletas como Bruno de Genaro y Leandro Paris, quienes competir\u00e1n en la categor\u00eda de mayores en el Sudamericano en Brasil. Mariana D\u00edaz ser\u00e1 la jefa de equipo, acompa\u00f1ada por los oficiales Alan Espinosa, Daniel G\u00f3mez y Ceferino Mondino.<\/p>\n<p>La participaci\u00f3n de Lucas y Tom\u00e1s Villegas en el Campeonato Panamericano U20 es motivo de orgullo para el atletismo de San Luis y refleja el talento y el esfuerzo que han demostrado en su carrera deportiva. Se espera que su participaci\u00f3n en este importante evento internacional les brinde una valiosa experiencia y sea un paso m\u00e1s en su crecimiento como atletas de alto rendimiento.<\/p>\n<p>*Bruno de Genaro y Leandro Paris tambi\u00e9n fueron citados para el equipo argentino, pero en Mayores. Ir\u00e1n al Sudamericano en Brasil.<\/p>\n<p style=\"text-align: center;\">\u00a0<strong><em>\u00abPara mi es un orgullo correr nuevamente para mi selecci\u00f3n. Estoy muy contento y tengo mucha fe en que va a ser un buen torneo en lo personal y nada, nos estamos preparando en Italia para poder afrontarlo\u00bb Bruno de Genaro&#8230;<\/em><\/strong><\/p>\n<p>&nbsp;<\/p>\n<p style=\"text-align: center;\"><em><b>\u00abMe entere por un amigo y no lo cre\u00eda, pero me lo confirm\u00f3 \u00e9l\u00bb<\/b><\/em><\/p>\n<p style=\"text-align: center;\"><strong><em>\u00abConf\u00edan en mi en el seleccionado y con todas las ganas seguiremos trabajando, buscando la mejor versi\u00f3n para el Sudamericano y dejar bien representado a San Luis y la selecci\u00f3n\u00bb\u00a0 Leandro Paris\u00bb<\/em><\/strong><\/p>\n","protected":false},"excerpt":{"rendered":"<p>Los talentosos atletas de San Luis, han sido convocados para representar a Argentina en el XXI Campeonato Panamericano U20 de Atletismo, que se llevar\u00e1 a cabo en Mayag\u00fcez, Puerto Rico, del 4 al 6 de agosto.<\/p>\n","protected":false},"author":3,"featured_media":9811,"comment_status":"open","ping_status":"open","sticky":false,"template":"","format":"standard","meta":{"_jetpack_memberships_contains_paid_content":false,"footnotes":""},"categories":[15,16,17],"tags":[],"class_list":["post-9809","post","type-post","status-publish","format-standard","has-post-thumbnail","hentry","category-deporte","category-local","category-nacional"],"jetpack_featured_media_url":"https:\/\/comunicartesanluis.com\/v1\/wp-content\/uploads\/2023\/06\/villegas.webp","jetpack_sharing_enabled":true,"_links":{"self":[{"href":"https:\/\/comunicartesanluis.com\/index.php\/wp-json\/wp\/v2\/posts\/9809","targetHints":{"allow":["GET"]}}],"collection":[{"href":"https:\/\/comunicartesanluis.com\/index.php\/wp-json\/wp\/v2\/posts"}],"about":[{"href":"https:\/\/comunicartesanluis.com\/index.php\/wp-json\/wp\/v2\/types\/post"}],"author":[{"embeddable":true,"href":"https:\/\/comunicartesanluis.com\/index.php\/wp-json\/wp\/v2\/users\/3"}],"replies":[{"embeddable":true,"href":"https:\/\/comunicartesanluis.com\/index.php\/wp-json\/wp\/v2\/comments?post=9809"}],"version-history":[{"count":1,"href":"https:\/\/comunicartesanluis.com\/index.php\/wp-json\/wp\/v2\/posts\/9809\/revisions"}],"predecessor-version":[{"id":9812,"href":"https:\/\/comunicartesanluis.com\/index.php\/wp-json\/wp\/v2\/posts\/9809\/revisions\/9812"}],"wp:featuredmedia":[{"embeddable":true,"href":"https:\/\/comunicartesanluis.com\/index.php\/wp-json\/wp\/v2\/media\/9811"}],"wp:attachment":[{"href":"https:\/\/comunicartesanluis.com\/index.php\/wp-json\/wp\/v2\/media?parent=9809"}],"wp:term":[{"taxonomy":"category","embeddable":true,"href":"https:\/\/comunicartesanluis.com\/index.php\/wp-json\/wp\/v2\/categories?post=9809"},{"taxonomy":"post_tag","embeddable":true,"href":"https:\/\/comunicartesanluis.com\/index.php\/wp-json\/wp\/v2\/tags?post=9809"}],"curies":[{"name":"wp","href":"https:\/\/api.w.org\/{rel}","templated":true}]}}