{"id":9945,"date":"2023-06-30T19:55:23","date_gmt":"2023-06-30T22:55:23","guid":{"rendered":"https:\/\/comunicartesanluis.com\/?p=9945"},"modified":"2023-06-30T19:56:41","modified_gmt":"2023-06-30T22:56:41","slug":"en-boca-preocupa-una-nueva-lesion-de-marcos-rojo","status":"publish","type":"post","link":"https:\/\/comunicartesanluis.com\/index.php\/2023\/06\/30\/en-boca-preocupa-una-nueva-lesion-de-marcos-rojo\/","title":{"rendered":"En Boca preocupa una nueva lesi\u00f3n de Marcos Rojo"},"content":{"rendered":"<p>El zaguero Marcos Rojo volvi\u00f3 a lesionarse en las \u00faltimas horas y no estar\u00e1 disponible en Boca Juniors para los pr\u00f3ximos encuentros ante Sarmiento de Jun\u00edn y Uni\u00f3n de Santa Fe, por el torneo de la Liga Profesional de f\u00fatbol (LPF).<\/p>\n<p>Sin parte oficial todav\u00eda, el defensor platense acusa una molestia en el s\u00f3leo de la pierna izquierda, que le impedir\u00e1 estar ante Sarmiento el domingo en la Bombonera y con Uni\u00f3n en Santa Fe este jueves 6 de julio, por la 23ra. fecha del campeonato.<\/p>\n<p>El jugador, de 33 a\u00f1os, que ven\u00eda entren\u00e1ndose en forma diferenciada junto al delantero Dar\u00edo Benedetto, hab\u00eda atravesado semanas atr\u00e1s un desgarro grado 1 en el recto anterior de la pierna derecha. Esta nueva lesi\u00f3n genera \u00abpreocupaci\u00f3n\u00bb en el cuerpo t\u00e9cnico xeneize, seg\u00fan pudo averiguar T\u00e9lam.<\/p>\n<p>Lo cierto es que el ex-Estudiantes de La Plata y Manchester United se hab\u00eda alistado para un equipo titular auriazul en la pr\u00e1ctica del martes y durante la jornada concurri\u00f3 a un centro asistencial para determinar la gravedad de la nueva molestia.<\/p>\n<p>El \u00faltimo encuentro oficial con la camiseta azul y oro se dio en octubre del a\u00f1o pasado, en ocasi\u00f3n de un encuentro ante Sarmiento de Jun\u00edn, casualmente, con Hugo Ibarra como entrenador. En aquella ocasi\u00f3n, el zaguero se retir\u00f3 con una rotura ligamentaria en una de sus rodillas, dolencia de la que fue intervenido quir\u00fargicamente y por la que estuvo inactivo durante 7 meses.<\/p>\n<p>Rojo volvi\u00f3 a actuar en la divisi\u00f3n Reserva hace un mes en un duelo ante Arsenal de Sarand\u00ed, aunque solamente actu\u00f3 por espacio de 45 minutos. Pero d\u00edas m\u00e1s tarde, el jugador acus\u00f3 el desgarro en el recto derecho que le impidi\u00f3 alinearse ante Colo Colo de Chile, por Copa Libertadores.<\/p>\n<p>El futbolista tiene contrato hasta diciembre venidero, pero desde ma\u00f1ana estar\u00e1 habilitado para firmar un acuerdo previo con cualquier otra instituci\u00f3n como en su momento hicieron Cristian Pav\u00f3n con Atl\u00e9tico Mineiro y Agust\u00edn Rossi con Flamengo, en ambos casos para saltar al f\u00fatbol brasile\u00f1o.<\/p>\n<p>Durante la jornada, adem\u00e1s, se vencieron los v\u00ednculos contractuales de los mediocampistas Agust\u00edn Almendra y Mart\u00edn Payero, quienes no seguir\u00e1n en el club.<\/p>\n<p>Almendra, de 23 a\u00f1os, se ir\u00e1 con el pase en su poder y acordar\u00e1 vincularse a Racing, mientras que Payero, titular en el partido de la noche del jueves ante Monagas de Venezuela (4-0), retornar\u00e1 al Middlesbrough ingl\u00e9s, luego de finalizar el pr\u00e9stamo. La entidad de la Ribera no hizo uso de la opci\u00f3n de compra por seis millones de d\u00f3lares.<\/p>\n<p>El plantel practic\u00f3 hoy en Casa Amarilla. De cara al partido del domingo ante el &#8216;Verde&#8217; de Jun\u00edn (a las 21.30), el entrenador Jorge Almir\u00f3n tendr\u00eda previsto incluir como arquero titular a Javier Garc\u00eda, en vez de Sergio Romero.<\/p>\n<p>Tambi\u00e9n se dar\u00edan los regresos al once principal del defensor Nicol\u00e1s Figal y del mediocampista Juan Ram\u00edrez. Las modificaciones se reafirmar\u00e1n, casi con seguridad, en el entrenamiento de ma\u00f1ana previo al cotejo del domingo, que corresponde a la fecha 22 y ser\u00e1 arbitrado por el rafaelino Silvio Trucco.<\/p>\n<p>&nbsp;<\/p>\n<p>&nbsp;<\/p>\n<p>Fuente: Telam<\/p>\n","protected":false},"excerpt":{"rendered":"<p>El defensor acusa una molestia en el s\u00f3leo de la pierna izquierda, que le impedir\u00e1 estar ante Sarmiento el domingo en la Bombonera y con Uni\u00f3n en Santa Fe el pr\u00f3ximo jueves 6 de julio. <\/p>\n","protected":false},"author":3,"featured_media":9946,"comment_status":"open","ping_status":"open","sticky":false,"template":"","format":"standard","meta":{"_jetpack_memberships_contains_paid_content":false,"footnotes":""},"categories":[8,15,16],"tags":[],"class_list":["post-9945","post","type-post","status-publish","format-standard","has-post-thumbnail","hentry","category-actualidad","category-deporte","category-local"],"jetpack_featured_media_url":"https:\/\/comunicartesanluis.com\/v1\/wp-content\/uploads\/2023\/06\/marcosrojo4jpgwebp.webp","jetpack_sharing_enabled":true,"_links":{"self":[{"href":"https:\/\/comunicartesanluis.com\/index.php\/wp-json\/wp\/v2\/posts\/9945","targetHints":{"allow":["GET"]}}],"collection":[{"href":"https:\/\/comunicartesanluis.com\/index.php\/wp-json\/wp\/v2\/posts"}],"about":[{"href":"https:\/\/comunicartesanluis.com\/index.php\/wp-json\/wp\/v2\/types\/post"}],"author":[{"embeddable":true,"href":"https:\/\/comunicartesanluis.com\/index.php\/wp-json\/wp\/v2\/users\/3"}],"replies":[{"embeddable":true,"href":"https:\/\/comunicartesanluis.com\/index.php\/wp-json\/wp\/v2\/comments?post=9945"}],"version-history":[{"count":2,"href":"https:\/\/comunicartesanluis.com\/index.php\/wp-json\/wp\/v2\/posts\/9945\/revisions"}],"predecessor-version":[{"id":9948,"href":"https:\/\/comunicartesanluis.com\/index.php\/wp-json\/wp\/v2\/posts\/9945\/revisions\/9948"}],"wp:featuredmedia":[{"embeddable":true,"href":"https:\/\/comunicartesanluis.com\/index.php\/wp-json\/wp\/v2\/media\/9946"}],"wp:attachment":[{"href":"https:\/\/comunicartesanluis.com\/index.php\/wp-json\/wp\/v2\/media?parent=9945"}],"wp:term":[{"taxonomy":"category","embeddable":true,"href":"https:\/\/comunicartesanluis.com\/index.php\/wp-json\/wp\/v2\/categories?post=9945"},{"taxonomy":"post_tag","embeddable":true,"href":"https:\/\/comunicartesanluis.com\/index.php\/wp-json\/wp\/v2\/tags?post=9945"}],"curies":[{"name":"wp","href":"https:\/\/api.w.org\/{rel}","templated":true}]}}