{"id":9972,"date":"2023-07-03T16:10:49","date_gmt":"2023-07-03T19:10:49","guid":{"rendered":"https:\/\/comunicartesanluis.com\/?p=9972"},"modified":"2023-07-03T16:10:49","modified_gmt":"2023-07-03T19:10:49","slug":"argentina-no-pudo-con-estados-unidos-en-el-debut-de-la-americup","status":"publish","type":"post","link":"https:\/\/comunicartesanluis.com\/index.php\/2023\/07\/03\/argentina-no-pudo-con-estados-unidos-en-el-debut-de-la-americup\/","title":{"rendered":"Argentina no pudo con Estados Unidos en el debut de la AmeriCup"},"content":{"rendered":"<p>El seleccionado argentino femenino de b\u00e1squetbol luch\u00f3 hasta el cierre, pero cay\u00f3 finalmente con su par de los Estados Unidos, por 65 a 56, en partido correspondiente a la segunda fecha del grupo A de la denominada AmeriCup (Copa Am\u00e9rica) de la disciplina, que se celebra en Le\u00f3n, M\u00e9xico.<\/p>\n<p>En el estadio Domo de la Feria, el elenco albiceleste perdi\u00f3 con la siguiente progresi\u00f3n: 18-19, 29-33, 40-49 y 56-65. El equipo dirigido por el DT Gregorio Mart\u00ednez enfrentar\u00e1 este lunes, desde las 17.40, a Brasil, que super\u00f3 a Venezuela, por 90-76.<\/p>\n<p>La armadora rafaelina Melisa Gretter result\u00f3, una vez m\u00e1s, la principal figura del quinteto argentino. La jugadora del Sampaio Basquete de Brasil finaliz\u00f3 con una planilla de 11 puntos (1-4 en dobles, 3-6 en triples), 9 rebotes, 9 asistencias y un robo en casi 31 minutos que permaneci\u00f3 en cancha.<\/p>\n<p><img decoding=\"async\" class=\"aligncenter\" src=\"https:\/\/pbs.twimg.com\/media\/F0EKNELXsAEXuar?format=jpg&amp;name=360x360\" alt=\"Imagen\" \/><\/p>\n<p>En tanto, la alera de Quimsa de Santiago del Estero, Andrea Boquete, contribuy\u00f3 con un saldo de 16 unidades (5-10 en dobles, 2-4 en triples), un rebote y un recupero en 34m.<\/p>\n<p>En el conjunto estadounidense, que hab\u00eda derrotado en el debut a Venezuela por 80-54, se destac\u00f3 la pivote Lauren Betts, con un balance de 10 tantos, 11 rebotes y un pase gol en 22.<\/p>\n<p>Los dos primeros del torneo garantizar\u00e1n su acceso al Clasificatorio Ol\u00edmpico camino a Par\u00eds 2024. En cambio, del tercero al sexto clasificado deber\u00e1n intervenir en el Preclasificatorio ol\u00edmpico de las Am\u00e9ricas, del cual surgir\u00e1n los otros dos seleccionados de la regi\u00f3n para el Preol\u00edmpico.<\/p>\n<p>&nbsp;<\/p>\n<p>&nbsp;<\/p>\n<p>&nbsp;<\/p>\n<p>&nbsp;<\/p>\n<p>T\u00e9lam.<\/p>\n<p>&nbsp;<\/p>\n","protected":false},"excerpt":{"rendered":"<p>En el estadio Domo de la Feria en M\u00e9xico, el elenco albiceleste perdi\u00f3 ante su par norteamericano por 65 a 56, la armadora rafaelina Melisa Gretter result\u00f3, una vez m\u00e1s la principal figura argentina con 11 puntos (1-4 en dobles, 3-6 en triples), 9 rebotes, 9 asistencias y un robo en 31 minutos que permaneci\u00f3 en cancha.<\/p>\n","protected":false},"author":3,"featured_media":9973,"comment_status":"open","ping_status":"open","sticky":false,"template":"","format":"standard","meta":{"_jetpack_memberships_contains_paid_content":false,"footnotes":""},"categories":[8,15,18,17],"tags":[],"class_list":["post-9972","post","type-post","status-publish","format-standard","has-post-thumbnail","hentry","category-actualidad","category-deporte","category-internacional","category-nacional"],"jetpack_featured_media_url":"https:\/\/comunicartesanluis.com\/v1\/wp-content\/uploads\/2023\/07\/BASQUET.jpg","jetpack_sharing_enabled":true,"_links":{"self":[{"href":"https:\/\/comunicartesanluis.com\/index.php\/wp-json\/wp\/v2\/posts\/9972","targetHints":{"allow":["GET"]}}],"collection":[{"href":"https:\/\/comunicartesanluis.com\/index.php\/wp-json\/wp\/v2\/posts"}],"about":[{"href":"https:\/\/comunicartesanluis.com\/index.php\/wp-json\/wp\/v2\/types\/post"}],"author":[{"embeddable":true,"href":"https:\/\/comunicartesanluis.com\/index.php\/wp-json\/wp\/v2\/users\/3"}],"replies":[{"embeddable":true,"href":"https:\/\/comunicartesanluis.com\/index.php\/wp-json\/wp\/v2\/comments?post=9972"}],"version-history":[{"count":1,"href":"https:\/\/comunicartesanluis.com\/index.php\/wp-json\/wp\/v2\/posts\/9972\/revisions"}],"predecessor-version":[{"id":9974,"href":"https:\/\/comunicartesanluis.com\/index.php\/wp-json\/wp\/v2\/posts\/9972\/revisions\/9974"}],"wp:featuredmedia":[{"embeddable":true,"href":"https:\/\/comunicartesanluis.com\/index.php\/wp-json\/wp\/v2\/media\/9973"}],"wp:attachment":[{"href":"https:\/\/comunicartesanluis.com\/index.php\/wp-json\/wp\/v2\/media?parent=9972"}],"wp:term":[{"taxonomy":"category","embeddable":true,"href":"https:\/\/comunicartesanluis.com\/index.php\/wp-json\/wp\/v2\/categories?post=9972"},{"taxonomy":"post_tag","embeddable":true,"href":"https:\/\/comunicartesanluis.com\/index.php\/wp-json\/wp\/v2\/tags?post=9972"}],"curies":[{"name":"wp","href":"https:\/\/api.w.org\/{rel}","templated":true}]}}