{"id":9975,"date":"2023-07-03T16:37:03","date_gmt":"2023-07-03T19:37:03","guid":{"rendered":"https:\/\/comunicartesanluis.com\/?p=9975"},"modified":"2023-07-03T16:37:03","modified_gmt":"2023-07-03T19:37:03","slug":"mauricio-pochettino-arranco-su-trabajo-en-chelsea","status":"publish","type":"post","link":"https:\/\/comunicartesanluis.com\/index.php\/2023\/07\/03\/mauricio-pochettino-arranco-su-trabajo-en-chelsea\/","title":{"rendered":"Mauricio Pochettino arranc\u00f3 su trabajo en Chelsea"},"content":{"rendered":"<p>El argentino Mauricio Pochettino comenz\u00f3 este lunes formalmente su trabajo como entrenador de Chelsea con una visita al centro de entrenamiento del club ingl\u00e9s.<\/p>\n<p>Unos d\u00edas despu\u00e9s de ser oficializado como nuevo DT del equipo que integra el campe\u00f3n del Mundo Enzo Fern\u00e1ndez, el DT santafesino estuvo por primera vez en su nuevo sitio de trabajo y ofreci\u00f3 una entrevista al sitio oficial del club.<\/p>\n<p>Las primeras declaraciones de Pochettino como DT de Chelsea ser\u00e1n publicadas a la brevedad, seg\u00fan inform\u00f3 el club londinense en sus canales oficiales.<\/p>\n<p>Con el plantel todav\u00eda de vacaciones, Pochettino empez\u00f3 a trabajar junto con su cuerpo t\u00e9cnico en el armado del plantel para encarar la pr\u00f3xima Premier League, que comenzar\u00e1 el 13 de agosto contra Liverpool, como local.<\/p>\n<p>El club londinense confirm\u00f3 al delantero senegal\u00e9s Nicol\u00e1s Jackson, figura de Villarreal de Espa\u00f1a, como su primer refuerzo.<\/p>\n<p>Por otro lado, el plantel tuvo varios bajas con las salidas de N\u2019Golo Kant\u00e9, Edouard Mendy y Kalidou Koulibaly a la liga de Arabia Saudita. Tambi\u00e9n se fueron el croata Mateo Kovacic (Manchester City), el alem\u00e1n Kai Havertz (Arsenal) y Ruben Loftus-Cheek (Milan).<\/p>\n<p>La presentaci\u00f3n de Pochettino ser\u00e1 con un amistoso el pr\u00f3ximo 19 de julio en Estados Unidos ante Wrexham, un equipo de Gales que juega en el ascenso brit\u00e1nico.<\/p>\n<p>&nbsp;<\/p>\n<p>&nbsp;<\/p>\n<p>&nbsp;<\/p>\n<p>T\u00e9lam<\/p>\n","protected":false},"excerpt":{"rendered":"<p>Con el plantel todav\u00eda de vacaciones, el entrenador argentino empez\u00f3 a trabajar junto con su cuerpo t\u00e9cnico en el armado del plantel para encarar la pr\u00f3xima Premier League, que comenzar\u00e1 el 13 de agosto contra Liverpool, como local. <\/p>\n","protected":false},"author":3,"featured_media":9976,"comment_status":"open","ping_status":"open","sticky":false,"template":"","format":"standard","meta":{"_jetpack_memberships_contains_paid_content":false,"footnotes":""},"categories":[8,15,18],"tags":[],"class_list":["post-9975","post","type-post","status-publish","format-standard","has-post-thumbnail","hentry","category-actualidad","category-deporte","category-internacional"],"jetpack_featured_media_url":"https:\/\/comunicartesanluis.com\/v1\/wp-content\/uploads\/2023\/07\/pochettino-scaled.webp","jetpack_sharing_enabled":true,"_links":{"self":[{"href":"https:\/\/comunicartesanluis.com\/index.php\/wp-json\/wp\/v2\/posts\/9975","targetHints":{"allow":["GET"]}}],"collection":[{"href":"https:\/\/comunicartesanluis.com\/index.php\/wp-json\/wp\/v2\/posts"}],"about":[{"href":"https:\/\/comunicartesanluis.com\/index.php\/wp-json\/wp\/v2\/types\/post"}],"author":[{"embeddable":true,"href":"https:\/\/comunicartesanluis.com\/index.php\/wp-json\/wp\/v2\/users\/3"}],"replies":[{"embeddable":true,"href":"https:\/\/comunicartesanluis.com\/index.php\/wp-json\/wp\/v2\/comments?post=9975"}],"version-history":[{"count":1,"href":"https:\/\/comunicartesanluis.com\/index.php\/wp-json\/wp\/v2\/posts\/9975\/revisions"}],"predecessor-version":[{"id":9977,"href":"https:\/\/comunicartesanluis.com\/index.php\/wp-json\/wp\/v2\/posts\/9975\/revisions\/9977"}],"wp:featuredmedia":[{"embeddable":true,"href":"https:\/\/comunicartesanluis.com\/index.php\/wp-json\/wp\/v2\/media\/9976"}],"wp:attachment":[{"href":"https:\/\/comunicartesanluis.com\/index.php\/wp-json\/wp\/v2\/media?parent=9975"}],"wp:term":[{"taxonomy":"category","embeddable":true,"href":"https:\/\/comunicartesanluis.com\/index.php\/wp-json\/wp\/v2\/categories?post=9975"},{"taxonomy":"post_tag","embeddable":true,"href":"https:\/\/comunicartesanluis.com\/index.php\/wp-json\/wp\/v2\/tags?post=9975"}],"curies":[{"name":"wp","href":"https:\/\/api.w.org\/{rel}","templated":true}]}}