{"id":9978,"date":"2023-07-03T16:42:07","date_gmt":"2023-07-03T19:42:07","guid":{"rendered":"https:\/\/comunicartesanluis.com\/?p=9978"},"modified":"2023-07-03T16:43:04","modified_gmt":"2023-07-03T19:43:04","slug":"buffon-esta-cerca-de-anunciar-su-retiro-del-futbol-activo","status":"publish","type":"post","link":"https:\/\/comunicartesanluis.com\/index.php\/2023\/07\/03\/buffon-esta-cerca-de-anunciar-su-retiro-del-futbol-activo\/","title":{"rendered":"Buffon est\u00e1 cerca de anunciar su retiro del f\u00fatbol activo"},"content":{"rendered":"<p>El hist\u00f3rico arquero italiano Gianluigi Buffon, de 45 a\u00f1os, tiene decidido anunciar en breve su retiro del f\u00fatbol activo tras 28 a\u00f1os de carrera profesional, cuando le resta a\u00fan un a\u00f1o de contrato con el Parma, actualmente en la Serie B del f\u00fatbol de su pa\u00eds, seg\u00fan la prensa local.<\/p>\n<p>De acuerdo a lo publicado este lunes el diario deportivo Tuttosport, Buffon dejar\u00e1 el f\u00fatbol \u00abpara dedicarse a su familia aunque todav\u00eda tenga un a\u00f1o m\u00e1s de contrato con el Parma\u00bb, equipo en el que jug\u00f3 la \u00faltima temporada pero no logr\u00f3 volver a la Serie A tras perder con Cagliari en las semifinales por el ascenso.<\/p>\n<p>El arquero campe\u00f3n del mundo con Italia en Alemania 2006 habr\u00eda rechazado una millonaria oferta del f\u00fatbol de Arabia Saudita, asegura por su parte el diario La Gazzetta dello Sport.<\/p>\n<p>Buffon regres\u00f3 al Parma en 2021, club donde debut\u00f3 profesionalmente en 2001, y en la \u00faltima temporada disput\u00f3 19 partidos entre la Serie B y la Copa Italia en los que recibi\u00f3 24 goles y mantuvo el arco invicto en cinco ocasiones.<\/p>\n<p>En su extensa trayectoria jug\u00f3 adem\u00e1s en Juventus (2001-2018) y Paris Saint Germain (2018-2019), y fue nombrado mejor arquero del mundo en cinco oportunidades por la Federaci\u00f3n Internacional de Historia y Estad\u00edstica del F\u00fatbol (IFFHS).<\/p>\n<p>&nbsp;<\/p>\n<p>&nbsp;<\/p>\n<p>&nbsp;<\/p>\n<p>&nbsp;<\/p>\n<p>T\u00e9lam.<\/p>\n","protected":false},"excerpt":{"rendered":"<p>El arquero dejar\u00e1 la actividad \u00abpara dedicarse a su familia aunque todav\u00eda tenga un a\u00f1o m\u00e1s de contrato con el Parma\u00bb, equipo en el que jug\u00f3 la \u00faltima temporada, pero no logr\u00f3 volver a la Serie A tras perder con Cagliari en las semifinales por el ascenso.<\/p>\n","protected":false},"author":3,"featured_media":9979,"comment_status":"open","ping_status":"open","sticky":false,"template":"","format":"standard","meta":{"_jetpack_memberships_contains_paid_content":false,"footnotes":""},"categories":[8,15,18],"tags":[],"class_list":["post-9978","post","type-post","status-publish","format-standard","has-post-thumbnail","hentry","category-actualidad","category-deporte","category-internacional"],"jetpack_featured_media_url":"https:\/\/comunicartesanluis.com\/v1\/wp-content\/uploads\/2023\/07\/98.webp","jetpack_sharing_enabled":true,"_links":{"self":[{"href":"https:\/\/comunicartesanluis.com\/index.php\/wp-json\/wp\/v2\/posts\/9978","targetHints":{"allow":["GET"]}}],"collection":[{"href":"https:\/\/comunicartesanluis.com\/index.php\/wp-json\/wp\/v2\/posts"}],"about":[{"href":"https:\/\/comunicartesanluis.com\/index.php\/wp-json\/wp\/v2\/types\/post"}],"author":[{"embeddable":true,"href":"https:\/\/comunicartesanluis.com\/index.php\/wp-json\/wp\/v2\/users\/3"}],"replies":[{"embeddable":true,"href":"https:\/\/comunicartesanluis.com\/index.php\/wp-json\/wp\/v2\/comments?post=9978"}],"version-history":[{"count":2,"href":"https:\/\/comunicartesanluis.com\/index.php\/wp-json\/wp\/v2\/posts\/9978\/revisions"}],"predecessor-version":[{"id":9981,"href":"https:\/\/comunicartesanluis.com\/index.php\/wp-json\/wp\/v2\/posts\/9978\/revisions\/9981"}],"wp:featuredmedia":[{"embeddable":true,"href":"https:\/\/comunicartesanluis.com\/index.php\/wp-json\/wp\/v2\/media\/9979"}],"wp:attachment":[{"href":"https:\/\/comunicartesanluis.com\/index.php\/wp-json\/wp\/v2\/media?parent=9978"}],"wp:term":[{"taxonomy":"category","embeddable":true,"href":"https:\/\/comunicartesanluis.com\/index.php\/wp-json\/wp\/v2\/categories?post=9978"},{"taxonomy":"post_tag","embeddable":true,"href":"https:\/\/comunicartesanluis.com\/index.php\/wp-json\/wp\/v2\/tags?post=9978"}],"curies":[{"name":"wp","href":"https:\/\/api.w.org\/{rel}","templated":true}]}}